{"id":66640,"date":"2026-09-01T16:13:42","date_gmt":"2026-09-01T16:13:42","guid":{"rendered":"https:\/\/acronoticias.com\/index.php\/2026\/09\/01\/el-papa-pide-rezar-por-el-agua-un-derecho-sin-fronteras-convertido-en-mercancia\/"},"modified":"2026-09-01T16:13:42","modified_gmt":"2026-09-01T16:13:42","slug":"el-papa-pide-rezar-por-el-agua-un-derecho-sin-fronteras-convertido-en-mercancia","status":"publish","type":"post","link":"https:\/\/acronoticias.com\/index.php\/2026\/09\/01\/el-papa-pide-rezar-por-el-agua-un-derecho-sin-fronteras-convertido-en-mercancia\/","title":{"rendered":"El papa pide rezar por el agua, \u00abun derecho sin fronteras\u00bb convertido en mercanc\u00eda"},"content":{"rendered":"<p><img decoding=\"async\" width=\"355\" height=\"200\" src=\"https:\/\/nuevodiario-assets.s3.us-east-2.amazonaws.com\/wp-content\/uploads\/2026\/09\/rss-efe1b3a417ee4a251f359f74a3ac3c26ce5f2f328e7w-355x200.jpg\" class=\"webfeedsFeaturedVisual wp-post-image\" alt=\"\" style=\"display: block;margin-bottom: 5px;clear:both;max-width: 100%\" loading=\"lazy\" \/><\/p>\n<p>CIUDAD DEL VATICANO.- El papa Le\u00f3n XIV pidi\u00f3 este martes rezar por el cuidado del agua, un recurso que defiende como un \u00abderecho sin fronteras\u00bb pero que se ha convertido en una mercanc\u00eda \u00abolvidando que es un regalo universal\u00bb.<\/p>\n<p>As\u00ed lo expresa en la plegaria de septiembre de la iniciativa \u00abReza con el papa\u00bb dedicada este mes al cuidado del agua, un bien escaso, inseguro o inaccesible para millones de personas y que la humanidad debe aprender a custodiar \u00abcon gratitud, justicia y responsabilidad\u00bb.<\/p>\n<p>En la oraci\u00f3n, Le\u00f3n XIV pide perd\u00f3n a Dios porque el agua se haya convertido \u00aben mercanc\u00eda, olvidando que es un regalo universal, un derecho sin fronteras\u00bb y expresa dolor por \u00abtantos hermanos y hermanas que no tienen agua limpia, que caminan kil\u00f3metros para encontrarla, que enferman por su escasez\u00bb.<\/p>\n<p>La plegaria de Robert Prevost concluye pidiendo que los fieles se transformen en \u00abperegrinos de lo esencial, capaces de vivir con sobriedad, denunciar el derroche y la contaminaci\u00f3n y defender el derecho de cada persona a beber sin miedo y sin desigualdad\u00bb.<\/p>\n<p>\u00abImagina un caluroso d\u00eda de verano despu\u00e9s de un trabajo duro o una larga caminata. Finalmente tomas un sorbo de agua fresca. Siente c\u00f3mo el alivio y la energ\u00eda recorren tu cuerpo. Momentos como estos nos recuerdan qu\u00e9 bendici\u00f3n es el agua limpia\u00bb, dice el pont\u00edfice en el v\u00eddeomensaje promocional de la oraci\u00f3n de septiembre.<\/p>\n<p>En una alocuci\u00f3n pronunciada en ingl\u00e9s recuerda que una de cada cuatro personas en el mundo \u00aba\u00fan carece de agua potable segura. Comunidades y naciones enteras necesitan nuestra acci\u00f3n por el cuidado del agua, por ese alivio bendito\u00bb.<\/p>\n<p>Unos 2.100 millones de personas todav\u00eda carecen de acceso seguro al agua potable y 106 millones dependen directamente de r\u00edos, lagos u otras aguas superficiales sin tratar, seg\u00fan datos de la Organizaci\u00f3n Mundial de la Salud (OMS) y de Unicef.<\/p>\n<p>Aunque entre 2015 y 2024 la cobertura mundial de agua potable segura pas\u00f3 del 68 % al 74 %, el mismo informe advierte de que, para lograr el acceso universal en 2030, los pa\u00edses de bajos ingresos deber\u00edan avanzar siete veces m\u00e1s r\u00e1pido que su ritmo actual, seg\u00fan indica en un comunicado la Red Mundial de Oraci\u00f3n con el papa.<\/p>\n<p>La entrada <a href=\"https:\/\/elnuevodiario.com.do\/el-papa-pide-rezar-por-el-agua-un-derecho-sin-fronteras-convertido-en-mercancia\/\">El papa pide rezar por el agua, \u00abun derecho sin fronteras\u00bb convertido en mercanc\u00eda<\/a> se public\u00f3 primero en <a href=\"https:\/\/elnuevodiario.com.do\">El Nuevo Diario (Rep\u00fablica Dominicana)<\/a>.<\/p>\n","protected":false},"excerpt":{"rendered":"CIUDAD DEL VATICANO.- El papa Le\u00f3n XIV pidi\u00f3 este martes rezar por&hellip;\n","protected":false},"author":1,"featured_media":66641,"comment_status":"open","ping_status":"open","sticky":false,"template":"","format":"standard","meta":{"footnotes":""},"categories":[1],"tags":[],"class_list":["post-66640","post","type-post","status-publish","format-standard","has-post-thumbnail","category-nacionales"],"_links":{"self":[{"href":"https:\/\/acronoticias.com\/index.php\/wp-json\/wp\/v2\/posts\/66640","targetHints":{"allow":["GET"]}}],"collection":[{"href":"https:\/\/acronoticias.com\/index.php\/wp-json\/wp\/v2\/posts"}],"about":[{"href":"https:\/\/acronoticias.com\/index.php\/wp-json\/wp\/v2\/types\/post"}],"author":[{"embeddable":true,"href":"https:\/\/acronoticias.com\/index.php\/wp-json\/wp\/v2\/users\/1"}],"replies":[{"embeddable":true,"href":"https:\/\/acronoticias.com\/index.php\/wp-json\/wp\/v2\/comments?post=66640"}],"version-history":[{"count":0,"href":"https:\/\/acronoticias.com\/index.php\/wp-json\/wp\/v2\/posts\/66640\/revisions"}],"wp:featuredmedia":[{"embeddable":true,"href":"https:\/\/acronoticias.com\/index.php\/wp-json\/wp\/v2\/media\/66641"}],"wp:attachment":[{"href":"https:\/\/acronoticias.com\/index.php\/wp-json\/wp\/v2\/media?parent=66640"}],"wp:term":[{"taxonomy":"category","embeddable":true,"href":"https:\/\/acronoticias.com\/index.php\/wp-json\/wp\/v2\/categories?post=66640"},{"taxonomy":"post_tag","embeddable":true,"href":"https:\/\/acronoticias.com\/index.php\/wp-json\/wp\/v2\/tags?post=66640"}],"curies":[{"name":"wp","href":"https:\/\/api.w.org\/{rel}","templated":true}]}}