{"id":66634,"date":"2026-09-01T15:25:36","date_gmt":"2026-09-01T15:25:36","guid":{"rendered":"https:\/\/acronoticias.com\/index.php\/2026\/09\/01\/realizan-la-conferencia-iglesia-saludable-2026\/"},"modified":"2026-09-01T15:25:36","modified_gmt":"2026-09-01T15:25:36","slug":"realizan-la-conferencia-iglesia-saludable-2026","status":"publish","type":"post","link":"https:\/\/acronoticias.com\/index.php\/2026\/09\/01\/realizan-la-conferencia-iglesia-saludable-2026\/","title":{"rendered":"Realizan la Conferencia Iglesia Saludable 2026"},"content":{"rendered":"<p><img decoding=\"async\" width=\"355\" height=\"200\" src=\"https:\/\/nuevodiario-assets.s3.us-east-2.amazonaws.com\/wp-content\/uploads\/2026\/09\/Realizan-la-Conferencia-Iglesia-Saludable-2026-3-355x200.jpg\" class=\"webfeedsFeaturedVisual wp-post-image\" alt=\"\" style=\"display: block;margin-bottom: 5px;clear:both;max-width: 100%\" loading=\"lazy\" \/><\/p>\n<p>EL NUEVO DIARIO, SANTO DOMINGO.- La Conferencia Iglesia Saludable-2026, un evento que reuni\u00f3 m\u00e1s de 500 pastores y l\u00edderes cristianos, fue realizada durante tres d\u00edas, del jueves 27 al s\u00e1bado 29 de agosto, en los salones del Hotel Catalonia de Santo Domingo.<\/p>\n<p>La conferencia fue organizada por la Iglesia Cristiana Palabras de Vida, de Santo Domingo, y el Centro Cristiano Palabras de Vida, de Nueva York, teniendo como objetivo esencial capacitar y equipar a pastores, l\u00edderes y ministros cristianos, para edificar iglesias conforme al prop\u00f3sito eterno de Dios: \u201cQue Jes\u00fas sea todo en todos\u201d.<\/p>\n<p>Seg\u00fan un comunicado de prensa, a la actividad asistieron importantes pastores y l\u00edderes cristianos de Rep\u00fablica Dominicana, Estados Unidos y Nicaragua, entre los que se destacan Milciades Franjul, Enlace del Poder Ejecutivo con la comunidad cristiana, los pastores Manuel Estrella, Rafael Montalvo, Jorge Duarte, Javier y Mar\u00eda Denisse Valdez, Sucre y Adrienne Alba, H\u00e9ctor y Carol Melo, F\u00e9lix y Dania Rold\u00e1n, Magdiel Tavarez, Ismael Heredia, entre otros.<\/p>\n<figure id=\"attachment_3260580\" aria-describedby=\"caption-attachment-3260580\" style=\"width: 1280px\" class=\"wp-caption alignnone\"><img loading=\"lazy\" decoding=\"async\" data-recalc-dims=\"1\" class=\"size-full wp-image-3260580\" src=\"https:\/\/i0.wp.com\/nuevodiario-assets.s3.us-east-2.amazonaws.com\/wp-content\/uploads\/2026\/09\/Realizan-la-Conferencia-Iglesia-Saludable-2026-2.jpg?resize=640%2C427&quality=100&ssl=1\" alt=\"\" width=\"640\" height=\"427\" \/><figcaption id=\"caption-attachment-3260580\" class=\"wp-caption-text\"><em><strong>(Foto: Departamento de Prensa ICPV)<\/strong><\/em><\/figcaption><\/figure>\n<p>Al inicio de la actividad, el pastor principal de la Iglesia Cristiana Palabras de Vida, Raffy Paz, expres\u00f3 que \u201cla Conferencia Iglesia Saludable\u201d es un evento de gran importancia y trascendencia para la iglesia cristiana evang\u00e9lica de nuestra naci\u00f3n. Es una especie de gu\u00eda de acci\u00f3n para que todos los pastores y l\u00edderes asuman su trabajo ministerial poniendo a Cristo como el centro de todo. Es un espacio de reflexi\u00f3n para evaluar la salud, el bienestar y la efectividad de lo que estamos haciendo para el Se\u00f1or\u201d.<\/p>\n<p>El tema de la conferencia fue \u201cVida\u201d, centrado en la nueva vida que recibimos al asumir a Cristo como Se\u00f1or y Salvador. Los expositores fueron muy precisos y muy esclarecedores en cada una de sus intervenciones. El profeta Ben Paz trat\u00f3 el tema de la muerte y de c\u00f3mo lograr la protecci\u00f3n de la vida que recibimos de Cristo. El ap\u00f3stol Gustavo Lara se refiri\u00f3 la vida de Cristo como soluci\u00f3n y a la necesidad de que nuestra iglesias sean Iglesias Vivas, teniendo como centro al Dios Viviente y su hijo Cristo Jes\u00fas.<\/p>\n<figure id=\"attachment_3260579\" aria-describedby=\"caption-attachment-3260579\" style=\"width: 2560px\" class=\"wp-caption alignnone\"><img loading=\"lazy\" decoding=\"async\" data-recalc-dims=\"1\" class=\"size-full wp-image-3260579\" src=\"https:\/\/i0.wp.com\/nuevodiario-assets.s3.us-east-2.amazonaws.com\/wp-content\/uploads\/2026\/09\/Realizan-la-Conferencia-Iglesia-Saludable-2026-1-scaled.jpg?resize=640%2C427&quality=100&ssl=1\" alt=\"\" width=\"640\" height=\"427\" \/><figcaption id=\"caption-attachment-3260579\" class=\"wp-caption-text\"><em><strong>(Foto: Departamento de Prensa ICPV)<\/strong><\/em><\/figcaption><\/figure>\n<p>La ap\u00f3stol Teresa Paz trat\u00f3 el tema de c\u00f3mo asumir la nueva vida que nos da Cristo y no dejarnos enga\u00f1ar con la vida terrenal que no lo reflejan a \u00c9l. El profeta Yonathan Lara trat\u00f3 el tema de los obst\u00e1culos que nos limitan asumir la vida de Cristo en nosotros y c\u00f3mo alcanzar el prop\u00f3sito de Dios en nuestras vidas. El pastor Raffy Paz en su intervenci\u00f3n trat\u00f3 la tem\u00e1tica de cu\u00e1l es la naturaleza de la vida que nos da Cristo Jes\u00fas y c\u00f3mo podemos asumirla a plenitud.<\/p>\n<p>Los pastores y l\u00edderes cristianos asistentes fueron ampliamente impactados por las intervenciones de los expositores, quienes insistieron en la imperiosa necesidad de que el trabajo de nuestras iglesias refleje a Jes\u00fas en todo, que una Iglesia saludable es aquella que est\u00e1 llena de la vida que da Jes\u00fas, el hijo del Dios Viviente. Al final de la actividad, el pastor Raffy Paz anunci\u00f3 que la tercera versi\u00f3n de la Conferencia Iglesia Saludable, ser\u00e1 realizada desde el jueves 26 al viernes 28 de agosto del a\u00f1o 2027.<\/p>\n<p>La entrada <a href=\"https:\/\/elnuevodiario.com.do\/realizan-la-conferencia-iglesia-saludable-2026\/\">Realizan la Conferencia Iglesia Saludable 2026<\/a> se public\u00f3 primero en <a href=\"https:\/\/elnuevodiario.com.do\">El Nuevo Diario (Rep\u00fablica Dominicana)<\/a>.<\/p>\n","protected":false},"excerpt":{"rendered":"EL NUEVO DIARIO, SANTO DOMINGO.- La Conferencia Iglesia Saludable-2026, un evento que&hellip;\n","protected":false},"author":1,"featured_media":66635,"comment_status":"open","ping_status":"open","sticky":false,"template":"","format":"standard","meta":{"footnotes":""},"categories":[1],"tags":[],"class_list":["post-66634","post","type-post","status-publish","format-standard","has-post-thumbnail","category-nacionales"],"_links":{"self":[{"href":"https:\/\/acronoticias.com\/index.php\/wp-json\/wp\/v2\/posts\/66634","targetHints":{"allow":["GET"]}}],"collection":[{"href":"https:\/\/acronoticias.com\/index.php\/wp-json\/wp\/v2\/posts"}],"about":[{"href":"https:\/\/acronoticias.com\/index.php\/wp-json\/wp\/v2\/types\/post"}],"author":[{"embeddable":true,"href":"https:\/\/acronoticias.com\/index.php\/wp-json\/wp\/v2\/users\/1"}],"replies":[{"embeddable":true,"href":"https:\/\/acronoticias.com\/index.php\/wp-json\/wp\/v2\/comments?post=66634"}],"version-history":[{"count":0,"href":"https:\/\/acronoticias.com\/index.php\/wp-json\/wp\/v2\/posts\/66634\/revisions"}],"wp:featuredmedia":[{"embeddable":true,"href":"https:\/\/acronoticias.com\/index.php\/wp-json\/wp\/v2\/media\/66635"}],"wp:attachment":[{"href":"https:\/\/acronoticias.com\/index.php\/wp-json\/wp\/v2\/media?parent=66634"}],"wp:term":[{"taxonomy":"category","embeddable":true,"href":"https:\/\/acronoticias.com\/index.php\/wp-json\/wp\/v2\/categories?post=66634"},{"taxonomy":"post_tag","embeddable":true,"href":"https:\/\/acronoticias.com\/index.php\/wp-json\/wp\/v2\/tags?post=66634"}],"curies":[{"name":"wp","href":"https:\/\/api.w.org\/{rel}","templated":true}]}}