{"id":66630,"date":"2026-09-01T15:18:04","date_gmt":"2026-09-01T15:18:04","guid":{"rendered":"https:\/\/acronoticias.com\/index.php\/2026\/09\/01\/haakon-viii-es-proclamado-rey-de-noruega-en-emotiva-ceremonia-ante-el-parlamento\/"},"modified":"2026-09-01T15:18:04","modified_gmt":"2026-09-01T15:18:04","slug":"haakon-viii-es-proclamado-rey-de-noruega-en-emotiva-ceremonia-ante-el-parlamento","status":"publish","type":"post","link":"https:\/\/acronoticias.com\/index.php\/2026\/09\/01\/haakon-viii-es-proclamado-rey-de-noruega-en-emotiva-ceremonia-ante-el-parlamento\/","title":{"rendered":"Haakon VIII es proclamado rey de Noruega en emotiva ceremonia ante el Parlamento"},"content":{"rendered":"<div>\n<div class=\"c-detail__author full\">\n<div>\n<div class=\"c-detail__author__thumb\">\n<figure>\n                                <picture src=\"https:\/\/imagenes.hoy.com.do\/files\/image_square_xs\/uploads\/2025\/11\/18\/691c7d5bed035.jpeg\" data-size=\"w:40,h:40\">\n                                    <img decoding=\"async\" loading=\"lazy\" alt=\"EFE EFE\" width=\"40\" height=\"40\" src=\"https:\/\/imagenes.hoy.com.do\/files\/image_square_xs\/uploads\/2025\/11\/18\/691c7d5bed035.jpeg\"\/>\n                                <\/picture>\n                                <\/figure>\n<\/div>\n<\/div>\n<\/div>\n<p>                                                                                            <!-- --><\/p>\n<p class=\"paragraph\">Copenhague, 1 sep (EFE).- El rey <b>Haakon VIII <\/b>de Noruega realiz\u00f3 este martes ante el Storting, el Parlmento noruego, el<b> juramento constitucional <\/b>que marca el comienzo de su reinado, cuatro d\u00edas despu\u00e9s de la <a href=\"https:\/\/hoy.com.do\/el-mundo\/murio-rey-harald-v-noruega_1100395.html\" title=\"Muri\u00f3 el rey Harald V de Noruega\">muerte de su padre, Harald V<\/a>, a los 89 a\u00f1os.<\/p>\n<p class=\"paragraph\">\u201c<b>Prometo y juro gobernar el Reino de Noruega de acuerdo con su Constituci\u00f3n y sus leyes<\/b>, as\u00ed me ayude Dios todopoderoso y omnisciente\u201d, dijo desde el podio del Parlamento Haakon VIII, acompa\u00f1ado por su hija, la princesa heredera Ingrid Alexandra.<\/p>\n<p class=\"paragraph\">Haakon VIII se mostr\u00f3 \u201cesperanzado\u201d por que se mantenga la \u201cbuena relaci\u00f3n\u201d que tanto su padre, como su abuelo, Olav V; y su bisabuelo, Haakon VII, tuvieron con esa instituci\u00f3n \u201cy que se desarrolle de acuerdo con la tareas que el pa\u00eds tenga que afrontar en el futuro\u201d.<\/p>\n<p class=\"paragraph\">La reina <b>Mette-Marit<\/b>, esposa del monarca, tuvo que cancelar su asistencia a la ceremonia por \u201ccomplicaciones\u201d derivadas del trasplante de pulm\u00f3n al que fue sometida en junio y deber\u00e1 estar en observaci\u00f3n, hab\u00eda informado horas antes la Casa Real noruega.<\/p>\n<p class=\"paragraph\">S\u00ed estuvieron en cambio presentes en el Storting el pr\u00edncipe Sverre Magnus, hijo menor de los reyes, y la reina Sonia, viuda de Harald V, aparte del primer ministro, Jonas Gahr St\u00f8re, entre miembros del Gobierno y parlamentarios.<\/p>\n<div class=\"c-detail__box \">\n<article class=\"c-detail__sumario \">\n<figure class=\"c-detail__sumario__thumb\" style=\"display: block;\">\n            <a href=\"#\" title=\"\">\n                <picture data-size=\"w:140,h:140\" loading=\"lazy\" src=\"https:\/\/imagenes.hoy.com.do\/files\/related_image\/files\/fp\/uploads\/2026\/03\/17\/69b8d30968c96.r_d.393-217.webp\" data-full-src=\"https:\/\/imagenes.hoy.com.do\/uploads\/2026\/03\/17\/69b8d30968c96.webp\">\n                    <img loading=\"lazy\" decoding=\"async\" width=\"140\" height=\"140\" alt=\"El rey de Espa\u00f1a, Felipe VI,\" src=\"https:\/\/imagenes.hoy.com.do\/uploads\/2026\/03\/17\/69b8d30968c96.webp\"\/>\n                <\/picture>\n            <\/a><br \/>\n        <\/figure>\n<\/article>\n<\/div>\n<p class=\"paragraph\">\u201c<b>Todo el pa\u00eds llora la muerte de un monarca que durante 35 a\u00f1os sirvi\u00f3 a su pa\u00eds con responsabilidad, gran valent\u00eda y una calidez \u00fanica\u201d, <\/b>dijo en su discurso posterior el presidente del Parlamento, Masud Gharahkhani, precedido de un minuto de silencio.<\/p>\n<p class=\"paragraph\">Gharahkhani resalt\u00f3 la defensa \u201cinquebrantable\u201d de la Constituci\u00f3n y la democracia de Harald V, \u201cun s\u00edmbolo de seguridad, continuidad y uni\u00f3n\u201d, adem\u00e1s de un \u201crenovador\u201d.<\/p>\n<p class=\"paragraph\">\u201cEs una herencia pesada pero \u00fanica la que sus majestades asumen\u201d, dijo Gharahkhani a los nuevos reyes.<\/p>\n<p class=\"paragraph\">La ceremonia, que dur\u00f3 alrededor de veinte minutos, finaliz\u00f3 con todos los asistentes cantando el himno real \u201cKongesangen\u201d (La canci\u00f3n del rey).<\/p>\n<p class=\"paragraph\">La princesa heredera tambi\u00e9n har\u00e1 un juramento similar en el Parlamento, aunque en su caso por escrito.<\/p>\n<p class=\"paragraph\"><b>Llega al Storting en Lincoln Continental<\/b><\/p>\n<p class=\"paragraph\">Haakon VII hab\u00eda llegado al Storting desde el Palacio Real en un coche de lujo modelo Lincoln Continental 1966 descapotable, el mismo usado en las bodas de Harald y Sonia y de Haakon y Mette-Marit.<\/p>\n<div class=\"c-detail__box \">\n<article class=\"c-detail__sumario \">\n<figure class=\"c-detail__sumario__thumb\" style=\"display: block;\">\n            <a href=\"#\" title=\"\">\n                <picture data-size=\"w:140,h:140\" loading=\"lazy\" src=\"https:\/\/imagenes.hoy.com.do\/files\/related_image\/uploads\/2026\/08\/28\/6a91871805fa2.jpeg\" data-full-src=\"https:\/\/imagenes.hoy.com.do\/uploads\/2026\/08\/28\/6a91871805fa2.jpeg\">\n                    <img loading=\"lazy\" decoding=\"async\" width=\"140\" height=\"140\" alt=\"La transici\u00f3n real en Noruega: Qu\u00e9 suceder\u00e1 tras la muerte del rey Harald V y el ascenso de Haakon\" src=\"https:\/\/imagenes.hoy.com.do\/uploads\/2026\/08\/28\/6a91871805fa2.jpeg\"\/>\n                <\/picture>\n            <\/a><br \/>\n        <\/figure>\n<\/article>\n<\/div>\n<p class=\"paragraph\">Miles de personas acompa\u00f1aron al monarca en su recorrido en coche por el centro de Oslo, mientras otras hac\u00edan ya cola en el exterior del Palacio Real para la apertura de la capilla ardiente con el f\u00e9retro de Harald V, que se podr\u00eda visitar desde hoy a partir de las 14 hora local (12.00 GMT) hasta el pr\u00f3ximo d\u00eda 8, v\u00edspera del entierro.<\/p>\n<p class=\"paragraph\">La ceremonia de juramento es un acto tradicional arraigado en el siglo XIX y que se hab\u00eda celebrado por \u00faltima vez el 21 de enero de 1991, cuando Harald V jur\u00f3 la Constituci\u00f3n cuatro d\u00edas despu\u00e9s de la muerte de su padre, Olav V.<\/p>\n<p class=\"paragraph\">El nuevo monarca noruego, quien pronunci\u00f3 el s\u00e1bado su primer discurso como jefe de Estado, reconoci\u00f3 entonces que tiene ante s\u00ed una \u201cgran tarea\u201d tras la muerte de su padre, fallecido despu\u00e9s de once d\u00edas hospitalizado al empeorar su estado de salud por una infecci\u00f3n en la sangre. EFE<\/p>\n<\/p><\/div>\n","protected":false},"excerpt":{"rendered":"Copenhague, 1 sep (EFE).- El rey Haakon VIII de Noruega realiz\u00f3 este&hellip;\n","protected":false},"author":1,"featured_media":66631,"comment_status":"open","ping_status":"open","sticky":false,"template":"","format":"standard","meta":{"footnotes":""},"categories":[3],"tags":[],"class_list":["post-66630","post","type-post","status-publish","format-standard","has-post-thumbnail","category-internacionales"],"_links":{"self":[{"href":"https:\/\/acronoticias.com\/index.php\/wp-json\/wp\/v2\/posts\/66630","targetHints":{"allow":["GET"]}}],"collection":[{"href":"https:\/\/acronoticias.com\/index.php\/wp-json\/wp\/v2\/posts"}],"about":[{"href":"https:\/\/acronoticias.com\/index.php\/wp-json\/wp\/v2\/types\/post"}],"author":[{"embeddable":true,"href":"https:\/\/acronoticias.com\/index.php\/wp-json\/wp\/v2\/users\/1"}],"replies":[{"embeddable":true,"href":"https:\/\/acronoticias.com\/index.php\/wp-json\/wp\/v2\/comments?post=66630"}],"version-history":[{"count":0,"href":"https:\/\/acronoticias.com\/index.php\/wp-json\/wp\/v2\/posts\/66630\/revisions"}],"wp:featuredmedia":[{"embeddable":true,"href":"https:\/\/acronoticias.com\/index.php\/wp-json\/wp\/v2\/media\/66631"}],"wp:attachment":[{"href":"https:\/\/acronoticias.com\/index.php\/wp-json\/wp\/v2\/media?parent=66630"}],"wp:term":[{"taxonomy":"category","embeddable":true,"href":"https:\/\/acronoticias.com\/index.php\/wp-json\/wp\/v2\/categories?post=66630"},{"taxonomy":"post_tag","embeddable":true,"href":"https:\/\/acronoticias.com\/index.php\/wp-json\/wp\/v2\/tags?post=66630"}],"curies":[{"name":"wp","href":"https:\/\/api.w.org\/{rel}","templated":true}]}}