{"id":66628,"date":"2026-09-01T15:09:47","date_gmt":"2026-09-01T15:09:47","guid":{"rendered":"https:\/\/acronoticias.com\/index.php\/2026\/09\/01\/junta-de-retiro-reconoce-el-merito-y-la-excelencia-de-directivos-y-colaboradores\/"},"modified":"2026-09-01T15:09:47","modified_gmt":"2026-09-01T15:09:47","slug":"junta-de-retiro-reconoce-el-merito-y-la-excelencia-de-directivos-y-colaboradores","status":"publish","type":"post","link":"https:\/\/acronoticias.com\/index.php\/2026\/09\/01\/junta-de-retiro-reconoce-el-merito-y-la-excelencia-de-directivos-y-colaboradores\/","title":{"rendered":"Junta de Retiro reconoce el m\u00e9rito y la excelencia de directivos y colaboradores"},"content":{"rendered":"<p><img decoding=\"async\" width=\"355\" height=\"200\" src=\"https:\/\/nuevodiario-assets.s3.us-east-2.amazonaws.com\/wp-content\/uploads\/2026\/09\/Junta-de-Retiro-039-1-355x200.jpg\" class=\"webfeedsFeaturedVisual wp-post-image\" alt=\"\" style=\"display: block;margin-bottom: 5px;clear:both;max-width: 100%\" loading=\"lazy\" \/><\/p>\n<p>EL NUEVO DIARIO, SANTO DOMINGO.- La Junta de Retiro y Fondo de Pensiones de las Fuerzas Armadas (JRFPFFAA) del Ministerio de Defensa (MIDE) realiz\u00f3 una ceremonia de entrega de reconocimientos a directores, subdirectores y colaboradores de la instituci\u00f3n, en valoraci\u00f3n a su compromiso, desempe\u00f1o y contribuci\u00f3n al cumplimiento de los objetivos institucionales.<\/p>\n<p>La actividad estuvo encabezada por el General de Brigada Pablo Roberto Jim\u00e9nez S\u00e1nchez, ERD., Presidente de la JRFPFFAA, quien destac\u00f3 el liderazgo, la responsabilidad y los aportes realizados por los directores y subdirectores de las diferentes \u00e1reas para fortalecer la gesti\u00f3n institucional y elevar la calidad de los servicios ofrecidos.<\/p>\n<p>En un momento especial de la ceremonia, el General Jim\u00e9nez S\u00e1nchez entreg\u00f3 un presente de reconocimiento institucional al Teniente General Carlos Antonio Fern\u00e1ndez Onofre, ERD., Ministro de Defensa, como expresi\u00f3n de gratitud por su permanente compromiso con el bienestar de los militares retirados y sus familiares calificados.<\/p>\n<p><img loading=\"lazy\" decoding=\"async\" data-recalc-dims=\"1\" class=\"alignnone wp-image-3260526 size-full\" src=\"https:\/\/i0.wp.com\/nuevodiario-assets.s3.us-east-2.amazonaws.com\/wp-content\/uploads\/2026\/09\/Junta-de-retiro-036.jpg?resize=640%2C427&quality=100&ssl=1\" alt=\"\" width=\"640\" height=\"427\" \/><\/p>\n<p>La pieza escult\u00f3rica representa dos manos que sostienen y resguardan simb\u00f3licamente la sede de la Junta de Retiro, acompa\u00f1ada por figuras representativas de las Fuerzas Armadas y la imagen del ministro de Defensa.<\/p>\n<p>Su dise\u00f1o simboliza el respaldo, la protecci\u00f3n y el compromiso que el Teniente General Fern\u00e1ndez Onofre ha mantenido con la instituci\u00f3n desde que ocup\u00f3 su presidencia y que contin\u00faa impulsando desde sus actuales funciones al frente del Ministerio de Defensa.<\/p>\n<p><img loading=\"lazy\" decoding=\"async\" data-recalc-dims=\"1\" class=\"alignnone wp-image-3260528 size-full\" src=\"https:\/\/i0.wp.com\/nuevodiario-assets.s3.us-east-2.amazonaws.com\/wp-content\/uploads\/2026\/09\/Junta-de-Retiro-1.jpg?resize=640%2C427&quality=100&ssl=1\" alt=\"\" width=\"640\" height=\"427\" \/><\/p>\n<p>El reconocimiento lleva inscrito el mensaje: \u201cAl compromiso de servir a los retirados, porque honrar a quienes sirvieron es el m\u00e1s alto deber de la Naci\u00f3n\u201d, frase que resume la visi\u00f3n humana e institucional que ha caracterizado su gesti\u00f3n en favor de quienes dedicaron su vida al servicio de la patria.<\/p>\n<p>\u00a0<\/p>\n<p>\u00a0<\/p>\n<p>Asimismo, fueron entregados certificados a los colaboradores de mejor desempe\u00f1o correspondientes al segundo y tercer trimestres del a\u00f1o, en reconocimiento a su dedicaci\u00f3n, eficiencia, disciplina y vocaci\u00f3n de servicio en el ejercicio de sus funciones.<\/p>\n<p><img decoding=\"async\" data-recalc-dims=\"1\" loading=\"lazy\" class=\"alignnone wp-image-3260538 size-full\" src=\"https:\/\/i0.wp.com\/nuevodiario-assets.s3.us-east-2.amazonaws.com\/wp-content\/uploads\/2026\/09\/Junta-de-Retiro-0038.jpg?resize=640%2C427&quality=100&ssl=1\" alt=\"\" width=\"640\" height=\"427\" \/><\/p>\n<p>Durante el acto, el General Jim\u00e9nez S\u00e1nchez felicit\u00f3 a todos los reconocidos y los exhort\u00f3 a continuar desempe\u00f1ando sus responsabilidades con excelencia, transparencia y compromiso, contribuyendo al fortalecimiento de los servicios que ofrece la instituci\u00f3n a sus miembros en la honrosa condici\u00f3n de retiro y a sus familiares calificados.<\/p>\n<p>Con esta iniciativa, la JRFPFFAA contin\u00faa promoviendo una cultura institucional orientada al reconocimiento del m\u00e9rito, el buen desempe\u00f1o y la mejora continua, reafirmando su misi\u00f3n de servir con dignidad, sensibilidad y eficiencia a quienes entregaron los mejores a\u00f1os de sus vidas al servicio de la Rep\u00fablica Dominicana.<\/p>\n<p>La entrada <a href=\"https:\/\/elnuevodiario.com.do\/junta-de-retiro-reconoce-el-merito-y-la-excelencia-de-directivos-y-colaboradores\/\">Junta de Retiro reconoce el m\u00e9rito y la excelencia de directivos y colaboradores<\/a> se public\u00f3 primero en <a href=\"https:\/\/elnuevodiario.com.do\">El Nuevo Diario (Rep\u00fablica Dominicana)<\/a>.<\/p>\n","protected":false},"excerpt":{"rendered":"EL NUEVO DIARIO, SANTO DOMINGO.- La Junta de Retiro y Fondo de&hellip;\n","protected":false},"author":1,"featured_media":66629,"comment_status":"open","ping_status":"open","sticky":false,"template":"","format":"standard","meta":{"footnotes":""},"categories":[1],"tags":[],"class_list":["post-66628","post","type-post","status-publish","format-standard","has-post-thumbnail","category-nacionales"],"_links":{"self":[{"href":"https:\/\/acronoticias.com\/index.php\/wp-json\/wp\/v2\/posts\/66628","targetHints":{"allow":["GET"]}}],"collection":[{"href":"https:\/\/acronoticias.com\/index.php\/wp-json\/wp\/v2\/posts"}],"about":[{"href":"https:\/\/acronoticias.com\/index.php\/wp-json\/wp\/v2\/types\/post"}],"author":[{"embeddable":true,"href":"https:\/\/acronoticias.com\/index.php\/wp-json\/wp\/v2\/users\/1"}],"replies":[{"embeddable":true,"href":"https:\/\/acronoticias.com\/index.php\/wp-json\/wp\/v2\/comments?post=66628"}],"version-history":[{"count":0,"href":"https:\/\/acronoticias.com\/index.php\/wp-json\/wp\/v2\/posts\/66628\/revisions"}],"wp:featuredmedia":[{"embeddable":true,"href":"https:\/\/acronoticias.com\/index.php\/wp-json\/wp\/v2\/media\/66629"}],"wp:attachment":[{"href":"https:\/\/acronoticias.com\/index.php\/wp-json\/wp\/v2\/media?parent=66628"}],"wp:term":[{"taxonomy":"category","embeddable":true,"href":"https:\/\/acronoticias.com\/index.php\/wp-json\/wp\/v2\/categories?post=66628"},{"taxonomy":"post_tag","embeddable":true,"href":"https:\/\/acronoticias.com\/index.php\/wp-json\/wp\/v2\/tags?post=66628"}],"curies":[{"name":"wp","href":"https:\/\/api.w.org\/{rel}","templated":true}]}}