{"id":66626,"date":"2026-09-01T14:53:42","date_gmt":"2026-09-01T14:53:42","guid":{"rendered":"https:\/\/acronoticias.com\/index.php\/2026\/09\/01\/gobernadora-yovanis-baltazar-critica-paro-de-la-adp-y-llama-a-garantizar-docencia-en-san-pedro-de-macoris\/"},"modified":"2026-09-01T14:53:42","modified_gmt":"2026-09-01T14:53:42","slug":"gobernadora-yovanis-baltazar-critica-paro-de-la-adp-y-llama-a-garantizar-docencia-en-san-pedro-de-macoris","status":"publish","type":"post","link":"https:\/\/acronoticias.com\/index.php\/2026\/09\/01\/gobernadora-yovanis-baltazar-critica-paro-de-la-adp-y-llama-a-garantizar-docencia-en-san-pedro-de-macoris\/","title":{"rendered":"Gobernadora Yovanis Baltazar critica paro de la ADP y llama a garantizar docencia en San Pedro de Macor\u00eds"},"content":{"rendered":"<p><img loading=\"lazy\" decoding=\"async\" width=\"355\" height=\"200\" src=\"https:\/\/nuevodiario-assets.s3.us-east-2.amazonaws.com\/wp-content\/uploads\/2026\/09\/Captura-de-pantalla-2026-09-01-105214-355x200.png\" class=\"webfeedsFeaturedVisual wp-post-image\" alt=\"\" style=\"display: block;margin-bottom: 5px;clear:both;max-width: 100%\" \/><\/p>\n<p><strong>Por Junior Pimentel<\/strong><\/p>\n<p>EL NUEVO DIARIO, SAN PEDRO DE MACOR\u00cdS. \u2013 La gobernadora provincial Yovanis Baltazar critic\u00f3 la decisi\u00f3n de la Asociaci\u00f3n Dominicana de Profesores (ADP), filial San Pedro de Macor\u00eds, de realizar un paro que, seg\u00fan afirm\u00f3, ha impedido el inicio regular de la docencia en centros educativos del municipio cabecera.<\/p>\n<p>Baltazar se refiri\u00f3 al tema durante el acto de entrega de tres nuevas aulas del nivel inicial en la escuela Freddy Gast\u00f3n Arce, ubicada en la comunidad de El Soco. Las instalaciones fueron construidas por la Direcci\u00f3n de Infraestructura Escolar (DIE).<\/p>\n<p>Durante su intervenci\u00f3n, la representante del Poder Ejecutivo lament\u00f3 que una actividad que deb\u00eda estar marcada por la alegr\u00eda de los ni\u00f1os estrenando nuevas aulas se desarrollara sin el inicio de las clases debido a la paralizaci\u00f3n convocada por la ADP, organizaci\u00f3n cuya filial local est\u00e1 dirigida por la licenciada Cruz Mar\u00eda Santana.<\/p>\n<p><a href=\"https:\/\/nuevodiario-assets.s3.us-east-2.amazonaws.com\/wp-content\/uploads\/2026\/09\/La-gobernadora-provincial-Yovanis-Baltazar-Video-Fuente-Externa.mp4\">La gobernadora provincial Yovanis Baltazar (Video Fuente Externa)<\/a><\/p>\n<p>\u201cAs\u00ed como ustedes se educaron, nuestros ni\u00f1os tambi\u00e9n tienen derecho a educarse. Tenemos que seguir educando el futuro de nuestro pa\u00eds\u201d, expres\u00f3 Baltazar al referirse a los dirigentes del gremio magisterial.<\/p>\n<p>La gobernadora sostuvo adem\u00e1s que las autoridades han mantenido acercamientos con la ADP en busca de soluciones mediante el di\u00e1logo, aunque afirm\u00f3 que algunos de los acuerdos alcanzados posteriormente no se cumplen.<\/p>\n<p>\u201cCon la ADP nos sentamos, vamos al di\u00e1logo, hacemos un compromiso, pero el di\u00e1logo no se cumple\u201d, manifest\u00f3.<\/p>\n<p>Baltazar tambi\u00e9n agradeci\u00f3 a la Direcci\u00f3n de Infraestructura Escolar por la entrega de siete aulas de nivel inicial en la provincia, as\u00ed como por otras que se encuentran pr\u00f3ximas a ser terminadas y puestas a disposici\u00f3n de los estudiantes del sistema educativo p\u00fablico.<\/p>\n<p>La situaci\u00f3n vuelve a colocar sobre la mesa el debate entre las demandas del gremio magisterial y la necesidad de garantizar la continuidad de la docencia en los centros educativos.<\/p>\n<p>ENV\/<\/p>\n<p>La entrada <a href=\"https:\/\/elnuevodiario.com.do\/gobernadora-yovanis-baltazar-critica-paro-de-la-adp-y-llama-a-garantizar-docencia-en-san-pedro-de-macoris\/\">Gobernadora Yovanis Baltazar critica paro de la ADP y llama a garantizar docencia en San Pedro de Macor\u00eds<\/a> se public\u00f3 primero en <a href=\"https:\/\/elnuevodiario.com.do\">El Nuevo Diario (Rep\u00fablica Dominicana)<\/a>.<\/p>\n","protected":false},"excerpt":{"rendered":"Por Junior Pimentel EL NUEVO DIARIO, SAN PEDRO DE MACOR\u00cdS. \u2013 La&hellip;\n","protected":false},"author":1,"featured_media":66627,"comment_status":"open","ping_status":"open","sticky":false,"template":"","format":"standard","meta":{"footnotes":""},"categories":[1],"tags":[],"class_list":["post-66626","post","type-post","status-publish","format-standard","has-post-thumbnail","category-nacionales"],"_links":{"self":[{"href":"https:\/\/acronoticias.com\/index.php\/wp-json\/wp\/v2\/posts\/66626","targetHints":{"allow":["GET"]}}],"collection":[{"href":"https:\/\/acronoticias.com\/index.php\/wp-json\/wp\/v2\/posts"}],"about":[{"href":"https:\/\/acronoticias.com\/index.php\/wp-json\/wp\/v2\/types\/post"}],"author":[{"embeddable":true,"href":"https:\/\/acronoticias.com\/index.php\/wp-json\/wp\/v2\/users\/1"}],"replies":[{"embeddable":true,"href":"https:\/\/acronoticias.com\/index.php\/wp-json\/wp\/v2\/comments?post=66626"}],"version-history":[{"count":0,"href":"https:\/\/acronoticias.com\/index.php\/wp-json\/wp\/v2\/posts\/66626\/revisions"}],"wp:featuredmedia":[{"embeddable":true,"href":"https:\/\/acronoticias.com\/index.php\/wp-json\/wp\/v2\/media\/66627"}],"wp:attachment":[{"href":"https:\/\/acronoticias.com\/index.php\/wp-json\/wp\/v2\/media?parent=66626"}],"wp:term":[{"taxonomy":"category","embeddable":true,"href":"https:\/\/acronoticias.com\/index.php\/wp-json\/wp\/v2\/categories?post=66626"},{"taxonomy":"post_tag","embeddable":true,"href":"https:\/\/acronoticias.com\/index.php\/wp-json\/wp\/v2\/tags?post=66626"}],"curies":[{"name":"wp","href":"https:\/\/api.w.org\/{rel}","templated":true}]}}