{"id":66624,"date":"2026-09-01T14:37:34","date_gmt":"2026-09-01T14:37:34","guid":{"rendered":"https:\/\/acronoticias.com\/index.php\/2026\/09\/01\/celebran-25-anos-de-ordenacion-sacerdotal-de-los-padres-marco-perez-y-secilio-espinal\/"},"modified":"2026-09-01T14:37:34","modified_gmt":"2026-09-01T14:37:34","slug":"celebran-25-anos-de-ordenacion-sacerdotal-de-los-padres-marco-perez-y-secilio-espinal","status":"publish","type":"post","link":"https:\/\/acronoticias.com\/index.php\/2026\/09\/01\/celebran-25-anos-de-ordenacion-sacerdotal-de-los-padres-marco-perez-y-secilio-espinal\/","title":{"rendered":"Celebran 25 a\u00f1os de ordenaci\u00f3n sacerdotal de los padres Marco P\u00e9rez y Secilio Espinal"},"content":{"rendered":"<p><img decoding=\"async\" width=\"355\" height=\"200\" src=\"https:\/\/nuevodiario-assets.s3.us-east-2.amazonaws.com\/wp-content\/uploads\/2026\/09\/Religiosos-durante-celebracion-de-los-50-anos-de-la-Diocesis-de-Barahona-Foto-Diocesis-de-Barahona-355x200.jpeg\" class=\"webfeedsFeaturedVisual wp-post-image\" alt=\"\" style=\"display: block;margin-bottom: 5px;clear:both;max-width: 100%\" loading=\"lazy\" \/><\/p>\n<p>EL NUEVO DIARIO, BARAHONA.- En el marco de la celebraci\u00f3n de los 50 a\u00f1os de la Di\u00f3cesis de Barahona, la comunidad diocesana celebr\u00f3 con una eucarist\u00eda de acci\u00f3n de gracias los 25 a\u00f1os de ordenaci\u00f3n sacerdotal de los reverendos padres Marco Antonio P\u00e9rez P\u00e9rez y Secilio Espinal Espinal, en una ceremonia realizada en la Catedral Nuestra Se\u00f1ora del Rosario, con la presencia de obispos, sacerdotes, di\u00e1conos, autoridades legislativas, civiles y militares, familiares, amigos y fieles de distintas comunidades.<\/p>\n<p>La celebraci\u00f3n estuvo presidida por el obispo de Ban\u00ed y administrador apost\u00f3lico de la Di\u00f3cesis de Barahona, monse\u00f1or Faustino Burgos Brisman, quien resalt\u00f3 la perseverancia de ambos sacerdotes y su entrega al servicio de la Iglesia durante estos 25 a\u00f1os de ministerio, destaca un comunicado enviado este martes.<\/p>\n<p>En su reflexi\u00f3n, monse\u00f1or Burgos Brisman destac\u00f3 que el aniversario constituye un motivo de acci\u00f3n de gracias por el don de la vocaci\u00f3n y por la fidelidad de los sacerdotes al llamado recibido.<\/p>\n<figure id=\"attachment_3260501\" aria-describedby=\"caption-attachment-3260501\" style=\"width: 1212px\" class=\"wp-caption alignnone\"><img loading=\"lazy\" decoding=\"async\" data-recalc-dims=\"1\" class=\"size-full wp-image-3260501\" src=\"https:\/\/i0.wp.com\/nuevodiario-assets.s3.us-east-2.amazonaws.com\/wp-content\/uploads\/2026\/09\/Secilio-Espinal-monsenor-Faustino-Burgos-Brisman-y-Marco-Perez-Foto-Diocesis-de-Barahona.jpeg?resize=640%2C528&quality=100&ssl=1\" alt=\"\" width=\"640\" height=\"528\" \/><figcaption id=\"caption-attachment-3260501\" class=\"wp-caption-text\"><strong>Secilio Espinal, monse\u00f1or Faustino Burgos Brisman y Marco P\u00e9rez (Foto: Di\u00f3cesis de Barahona)<\/strong><\/figcaption><\/figure>\n<p>\u201cA quien el Se\u00f1or llama, lo capacita, les da esa plenitud, ese don, no para guardarlo, sino para ponerlo al servicio de los dem\u00e1s\u201d, expres\u00f3.<\/p>\n<p>El prelado se\u00f1al\u00f3 adem\u00e1s que tanto Marco como Cecilio han enfrentado dificultades a lo largo de su formaci\u00f3n y ministerio, pero han permanecido firmes en la fe, \u201cremando de la mano del Se\u00f1or\u201d y afrontando las adversidades desde la confianza en Dios.<\/p>\n<p>El reverendo padre Marco Antonio P\u00e9rez P\u00e9rez, oriundo de Duverg\u00e9, fue ordenado sacerdote el 11 de agosto de 2001, junto al padre Secilio Espinal Espinal; desde entonces ha desarrollado su ministerio en distintas comunidades y responsabilidades pastorales, as\u00ed como una amplia trayectoria en el \u00e1mbito educativo, labor que actualmente ejerce como rector de la Universidad Cat\u00f3lica Tecnol\u00f3gica de Barahona (Ucateba).<\/p>\n<figure id=\"attachment_3260503\" aria-describedby=\"caption-attachment-3260503\" style=\"width: 1600px\" class=\"wp-caption alignnone\"><img loading=\"lazy\" decoding=\"async\" data-recalc-dims=\"1\" class=\"size-full wp-image-3260503\" src=\"https:\/\/i0.wp.com\/nuevodiario-assets.s3.us-east-2.amazonaws.com\/wp-content\/uploads\/2026\/09\/Padre-Marco-Perez-Foto-Diocesis-de-Barahona.jpeg?resize=640%2C426&quality=100&ssl=1\" alt=\"\" width=\"640\" height=\"426\" \/><figcaption id=\"caption-attachment-3260503\" class=\"wp-caption-text\"><strong>Padre Marco P\u00e9rez (Foto: Di\u00f3cesis de Barahona)<\/strong><\/figcaption><\/figure>\n<p>Durante su intervenci\u00f3n, al referirse especialmente a las nuevas generaciones, afirm\u00f3 que compartir la historia vocacional puede ayudar a los j\u00f3venes a descubrir y responder al llamado de Dios.<\/p>\n<p>\u201cCada llamado es \u00fanico e irrepetible\u201d, expres\u00f3, al se\u00f1alar que estos testimonios pueden ayudar a los j\u00f3venes \u201ca ver el camino, a escuchar la voz de Dios que llama y responderle\u201d.<\/p>\n<p>Por su parte, el reverendo padre Secilio Espinal Espinal, hijo de la Di\u00f3cesis de Barahona, agradeci\u00f3 a Dios por la permanencia de su gracia durante estos 25 a\u00f1os y reafirm\u00f3 que el sacerdocio no constituye un proyecto personal, sino una iniciativa divina que invita permanentemente al servicio.<\/p>\n<figure id=\"attachment_3260502\" aria-describedby=\"caption-attachment-3260502\" style=\"width: 1600px\" class=\"wp-caption alignnone\"><img decoding=\"async\" data-recalc-dims=\"1\" loading=\"lazy\" class=\"size-full wp-image-3260502\" src=\"https:\/\/i0.wp.com\/nuevodiario-assets.s3.us-east-2.amazonaws.com\/wp-content\/uploads\/2026\/09\/Padre-Secilio-Espinal-Foto-Diocesis-de-Barahona.jpeg?resize=640%2C426&quality=100&ssl=1\" alt=\"\" width=\"640\" height=\"426\" \/><figcaption id=\"caption-attachment-3260502\" class=\"wp-caption-text\"><strong>Padre Secilio Espinal (Foto Di\u00f3cesis de Barahona)<\/strong><\/figcaption><\/figure>\n<p>\u201cEl sacerdocio no es un proyecto personal, sino una iniciativa de Dios\u201d, afirm\u00f3, al destacar que despu\u00e9s de 25 a\u00f1os contin\u00faa escuchando esa voz que invita a \u201cechar las redes\u201d en su nombre.<\/p>\n<p>El padre Espinal, quien ha desarrollado parte importante de su ministerio en el \u00e1mbito educativo y universitario, donde ha ejercido como rector de la Universidad Cat\u00f3lica Tecnol\u00f3gica de Barahona (Ucateba) y actualmente de la Pontificia Universidad Cat\u00f3lica Madre y Maestra (Pucmm).<\/p>\n<figure id=\"attachment_3260500\" aria-describedby=\"caption-attachment-3260500\" style=\"width: 1424px\" class=\"wp-caption alignnone\"><img decoding=\"async\" data-recalc-dims=\"1\" loading=\"lazy\" class=\"size-full wp-image-3260500\" src=\"https:\/\/i0.wp.com\/nuevodiario-assets.s3.us-east-2.amazonaws.com\/wp-content\/uploads\/2026\/09\/Padres-Marco-Perez-y-Secilio-Espinal-Foto-Diocesis-de-Barahona.jpeg?resize=640%2C471&quality=100&ssl=1\" alt=\"\" width=\"640\" height=\"471\" \/><figcaption id=\"caption-attachment-3260500\" class=\"wp-caption-text\"><strong>Padres Marco P\u00e9rez y Secilio Espinal (Foto: Di\u00f3cesis de Barahona)<\/strong><\/figcaption><\/figure>\n<p>La celebraci\u00f3n cont\u00f3 con la presencia de monse\u00f1or Jos\u00e9 Dolores Grull\u00f3n Estrella, obispo em\u00e9rito de la Di\u00f3cesis de San Juan de la Maguana, y de monse\u00f1or Andr\u00e9s Napole\u00f3n Romero C\u00e1rdenas, obispo de la Di\u00f3cesis de La Vega, as\u00ed como de destacadas autoridades del \u00e1mbito acad\u00e9mico, entre ellas el reverendo padre doctor Isaac Garc\u00eda de la Cruz, rector de la Universidad Cat\u00f3lica Nordestana (UCNE) y presidente de la Asociaci\u00f3n Dominicana de Rectores de Universidades (ADRU); el reverendo padre doctor Francisco Antonio Jim\u00e9nez Rosario, Vicerrector Ejecutivo de la Universidad Cat\u00f3lica del Cibao (Ucateba); el maestro Ram\u00f3n Alberto L\u00f3pez Ynoa, subdirector acad\u00e9mico de la UASD Recinto Barahona, en representaci\u00f3n de la directora general, doctora Ana Luc\u00eda Beltr\u00e9; y el doctor Radham\u00e9s Silverio Gonz\u00e1lez, acad\u00e9mico de la Universidad Aut\u00f3noma de Santo Domingo (UASD).<\/p>\n<p>ADDP\/<\/p>\n<p>La entrada <a href=\"https:\/\/elnuevodiario.com.do\/celebran-25-anos-de-ordenacion-sacerdotal-de-los-padres-marco-perez-y-secilio-espinal\/\">Celebran 25 a\u00f1os de ordenaci\u00f3n sacerdotal de los padres Marco P\u00e9rez y Secilio Espinal<\/a> se public\u00f3 primero en <a href=\"https:\/\/elnuevodiario.com.do\">El Nuevo Diario (Rep\u00fablica Dominicana)<\/a>.<\/p>\n","protected":false},"excerpt":{"rendered":"EL NUEVO DIARIO, BARAHONA.- En el marco de la celebraci\u00f3n de los&hellip;\n","protected":false},"author":1,"featured_media":66625,"comment_status":"open","ping_status":"open","sticky":false,"template":"","format":"standard","meta":{"footnotes":""},"categories":[1],"tags":[],"class_list":["post-66624","post","type-post","status-publish","format-standard","has-post-thumbnail","category-nacionales"],"_links":{"self":[{"href":"https:\/\/acronoticias.com\/index.php\/wp-json\/wp\/v2\/posts\/66624","targetHints":{"allow":["GET"]}}],"collection":[{"href":"https:\/\/acronoticias.com\/index.php\/wp-json\/wp\/v2\/posts"}],"about":[{"href":"https:\/\/acronoticias.com\/index.php\/wp-json\/wp\/v2\/types\/post"}],"author":[{"embeddable":true,"href":"https:\/\/acronoticias.com\/index.php\/wp-json\/wp\/v2\/users\/1"}],"replies":[{"embeddable":true,"href":"https:\/\/acronoticias.com\/index.php\/wp-json\/wp\/v2\/comments?post=66624"}],"version-history":[{"count":0,"href":"https:\/\/acronoticias.com\/index.php\/wp-json\/wp\/v2\/posts\/66624\/revisions"}],"wp:featuredmedia":[{"embeddable":true,"href":"https:\/\/acronoticias.com\/index.php\/wp-json\/wp\/v2\/media\/66625"}],"wp:attachment":[{"href":"https:\/\/acronoticias.com\/index.php\/wp-json\/wp\/v2\/media?parent=66624"}],"wp:term":[{"taxonomy":"category","embeddable":true,"href":"https:\/\/acronoticias.com\/index.php\/wp-json\/wp\/v2\/categories?post=66624"},{"taxonomy":"post_tag","embeddable":true,"href":"https:\/\/acronoticias.com\/index.php\/wp-json\/wp\/v2\/tags?post=66624"}],"curies":[{"name":"wp","href":"https:\/\/api.w.org\/{rel}","templated":true}]}}