{"id":66622,"date":"2026-09-01T14:21:39","date_gmt":"2026-09-01T14:21:39","guid":{"rendered":"https:\/\/acronoticias.com\/index.php\/2026\/09\/01\/edeeste-destaca-4544-familias-de-quisqueya-cuentan-con-mayor-capacidad-electrica\/"},"modified":"2026-09-01T14:21:39","modified_gmt":"2026-09-01T14:21:39","slug":"edeeste-destaca-4544-familias-de-quisqueya-cuentan-con-mayor-capacidad-electrica","status":"publish","type":"post","link":"https:\/\/acronoticias.com\/index.php\/2026\/09\/01\/edeeste-destaca-4544-familias-de-quisqueya-cuentan-con-mayor-capacidad-electrica\/","title":{"rendered":"EDEEste destaca\u00a04,544 familias de Quisqueya cuentan con mayor capacidad el\u00e9ctrica\u00a0"},"content":{"rendered":"<p><img loading=\"lazy\" decoding=\"async\" width=\"355\" height=\"200\" src=\"https:\/\/nuevodiario-assets.s3.us-east-2.amazonaws.com\/wp-content\/uploads\/2026\/09\/EDEEste--355x200.jpg\" class=\"webfeedsFeaturedVisual wp-post-image\" alt=\"\" style=\"display: block;margin-bottom: 5px;clear:both;max-width: 100%\" \/><\/p>\n<p>EL NUEVO DIARIO, SAN PEDRO DE MACOR\u00cdS.\u2014Residentes y autoridades de\u00a0 en San Pedro de Macor\u00eds valoraron la intervenci\u00f3n realizada por la Empresa Distribuidora de Electricidad del Este (EDEEste) en la subestaci\u00f3n de Quisqueya, reconociendo una mejor\u00eda en el servicio el\u00e9ctrico tras la instalaci\u00f3n de un nuevo transformador que aument\u00f3 la capacidad disponible para 4,544 familias.<\/p>\n<p>Los trabajos fueron ejecutados el 21 de agosto de 2026 e incluyeron la instalaci\u00f3n de un nuevo transformador de 5 MVA permitiendo incrementar en 40 % la capacidad de la subestaci\u00f3n.<\/p>\n<p>La intervenci\u00f3n forma parte de las acciones que desarrolla EDEEste para fortalecer su infraestructura y responder al crecimiento de la demanda el\u00e9ctrica en las comunidades de su \u00e1rea de concesi\u00f3n.<\/p>\n<p>Para los residentes, el resultado de la inversi\u00f3n comienza a sentirse en su vida cotidiana.<\/p>\n<p>Nereida Mota, residente de la comunidad, reconoci\u00f3 la mejor\u00eda experimentada luego de la instalaci\u00f3n del nuevo transformador y destac\u00f3 el impacto positivo que ha tenido la intervenci\u00f3n en el servicio el\u00e9ctrico de la zona.<\/p>\n<p>De su lado, Margo Tavare manifest\u00f3 su satisfacci\u00f3n con la estabilidad alcanzada y explic\u00f3 que ahora puede descansar con mayor tranquilidad. \u201cYa no duermo con calor, porque la luz no se va\u201d, expres\u00f3, al describir el cambio que ha percibido en su hogar.<\/p>\n<p>Asimismo, Domingo Ram\u00edrez, residente del sector Guachupita, agradeci\u00f3 la inversi\u00f3n realizada por EDEEste y afirm\u00f3 que la mejor\u00eda en el servicio ha sido significativa. \u201cEl servicio en la zona ha mejorado un 100 %\u201d, asegur\u00f3.<\/p>\n<p>Estas valoraciones de los residentes se suman al reconocimiento expresado por autoridades locales durante el proceso de intervenci\u00f3n, quienes destacaron la importancia de que se contin\u00faen realizando inversiones que respondan a las necesidades de las comunidades.<\/p>\n<p>El gobernador provincial, Yovanis Baltazar, valor\u00f3 la intervenci\u00f3n y el trabajo coordinado para procurar soluciones que impacten directamente a las familias de Quisqueya.<\/p>\n<p>En tanto, el alcalde del municipio, Carlos Melo, reconoci\u00f3 el esfuerzo de EDEEste y resalt\u00f3 la importancia de contar con una infraestructura el\u00e9ctrica con mayor capacidad para acompa\u00f1ar el desarrollo de la localidad.<\/p>\n<p>Tambi\u00e9n el p\u00e1rroco Ram\u00f3n Santana destac\u00f3 positivamente la intervenci\u00f3n y el impacto que representa para las familias de la comunidad.<\/p>\n<p>La repotenciaci\u00f3n de la subestaci\u00f3n de Quisqueya constituye una de las acciones que EDEEste ejecuta para fortalecer su red de distribuci\u00f3n, mejorar la capacidad de respuesta ante la demanda y continuar avanzando hacia un servicio el\u00e9ctrico m\u00e1s estable y confiable.<\/p>\n<p>EDEEste reiter\u00f3 que continuar\u00e1 priorizando inversiones en infraestructura, repotenciaci\u00f3n y rehabilitaci\u00f3n de redes en aquellas zonas donde el crecimiento de la demanda y las condiciones de las instalaciones requieren intervenciones para mejorar la calidad del servicio.<\/p>\n<p>M\u00e1s capacidad, mayor estabilidad y una mejor experiencia para las familias de Quisqueya son parte de los resultados que comienzan a reconocer los propios clientes tras esta intervenci\u00f3n.<\/p>\n<p>La entrada <a href=\"https:\/\/elnuevodiario.com.do\/edeeste-destaca-4544-familias-de-quisqueya-cuentan-con-mayor-capacidad-electrica\/\">EDEEste destaca\u00a04,544 familias de Quisqueya cuentan con mayor capacidad el\u00e9ctrica\u00a0<\/a> se public\u00f3 primero en <a href=\"https:\/\/elnuevodiario.com.do\">El Nuevo Diario (Rep\u00fablica Dominicana)<\/a>.<\/p>\n","protected":false},"excerpt":{"rendered":"EL NUEVO DIARIO, SAN PEDRO DE MACOR\u00cdS.\u2014Residentes y autoridades de\u00a0 en San&hellip;\n","protected":false},"author":1,"featured_media":66623,"comment_status":"open","ping_status":"open","sticky":false,"template":"","format":"standard","meta":{"footnotes":""},"categories":[1],"tags":[],"class_list":["post-66622","post","type-post","status-publish","format-standard","has-post-thumbnail","category-nacionales"],"_links":{"self":[{"href":"https:\/\/acronoticias.com\/index.php\/wp-json\/wp\/v2\/posts\/66622","targetHints":{"allow":["GET"]}}],"collection":[{"href":"https:\/\/acronoticias.com\/index.php\/wp-json\/wp\/v2\/posts"}],"about":[{"href":"https:\/\/acronoticias.com\/index.php\/wp-json\/wp\/v2\/types\/post"}],"author":[{"embeddable":true,"href":"https:\/\/acronoticias.com\/index.php\/wp-json\/wp\/v2\/users\/1"}],"replies":[{"embeddable":true,"href":"https:\/\/acronoticias.com\/index.php\/wp-json\/wp\/v2\/comments?post=66622"}],"version-history":[{"count":0,"href":"https:\/\/acronoticias.com\/index.php\/wp-json\/wp\/v2\/posts\/66622\/revisions"}],"wp:featuredmedia":[{"embeddable":true,"href":"https:\/\/acronoticias.com\/index.php\/wp-json\/wp\/v2\/media\/66623"}],"wp:attachment":[{"href":"https:\/\/acronoticias.com\/index.php\/wp-json\/wp\/v2\/media?parent=66622"}],"wp:term":[{"taxonomy":"category","embeddable":true,"href":"https:\/\/acronoticias.com\/index.php\/wp-json\/wp\/v2\/categories?post=66622"},{"taxonomy":"post_tag","embeddable":true,"href":"https:\/\/acronoticias.com\/index.php\/wp-json\/wp\/v2\/tags?post=66622"}],"curies":[{"name":"wp","href":"https:\/\/api.w.org\/{rel}","templated":true}]}}