{"id":66618,"date":"2026-09-01T14:16:50","date_gmt":"2026-09-01T14:16:50","guid":{"rendered":"https:\/\/acronoticias.com\/index.php\/2026\/09\/01\/un-muerto-y-11-heridos-tras-atentado-contra-un-puesto-policial-en-colombia\/"},"modified":"2026-09-01T14:16:50","modified_gmt":"2026-09-01T14:16:50","slug":"un-muerto-y-11-heridos-tras-atentado-contra-un-puesto-policial-en-colombia","status":"publish","type":"post","link":"https:\/\/acronoticias.com\/index.php\/2026\/09\/01\/un-muerto-y-11-heridos-tras-atentado-contra-un-puesto-policial-en-colombia\/","title":{"rendered":"Un muerto y 11 heridos tras atentado contra un puesto policial en Colombia"},"content":{"rendered":"<div>\n<div class=\"c-detail__author full\">\n<div>\n<div class=\"c-detail__author__thumb\">\n<figure>\n                                <picture src=\"https:\/\/imagenes.hoy.com.do\/files\/image_square_xs\/uploads\/2025\/11\/18\/691c7d5bed035.jpeg\" data-size=\"w:40,h:40\">\n                                    <img decoding=\"async\" loading=\"lazy\" alt=\"EFE EFE\" width=\"40\" height=\"40\" src=\"https:\/\/imagenes.hoy.com.do\/files\/image_square_xs\/uploads\/2025\/11\/18\/691c7d5bed035.jpeg\"\/>\n                                <\/picture>\n                                <\/figure>\n<\/div>\n<\/div>\n<\/div>\n<p>                                                                                            <!-- --><\/p>\n<p class=\"paragraph\">El atentado con un <b>coche bomba<\/b> contra la estaci\u00f3n de Polic\u00eda del municipio colombiano de Los Patios, en el departamento de Norte de Santander, fronterizo con <a href=\"https:\/\/hoy.com.do\/el-mundo\/estados-unidos\/venezuela-ee-uu-vuelven-acercarse-claves-acuerdos-estan-sobre-mesa_1100724.html\" title=\"Venezuela y EE. UU. vuelven a acercarse: las claves de los acuerdos que est\u00e1n sobre la mesa\">Venezuela<\/a>, mat\u00f3 a una persona e hiri\u00f3 a otras once, dos de ellas polic\u00edas, informaron este martes las autoridades.<\/p>\n<p class=\"paragraph\">El veh\u00edculo cargado con explosivos deton\u00f3 a las 11:15 de la noche del lunes (04:15 GMT del martes), seg\u00fan un comunicado de la Polic\u00eda Metropolitana de C\u00facuta, capital de Norte de Santander, y \u00e1rea a la que pertenece Los Patios.<\/p>\n<p class=\"paragraph\">El ataque deja<b> \u201cpreliminarmente la muerte de un ciudadano y nueve civiles afectados, los cuales est\u00e1n siendo trasladados a centros asistenciales\u201d<\/b>, as\u00ed como \u201cheridas a dos uniformados\u201d, se\u00f1al\u00f3 la informaci\u00f3n.<\/p>\n<div class=\"composite-video \">\n    <!-- video module configuration --><\/p>\n<div class=\"video-player\">\n<figure class=\"c-detail__media c-detail__media-video\"><figcaption class=\"c-detail__media__txt\">\n<p class=\"c-detail__media__subtitle\">\n<p>                <span class=\"c-detail__media__credit \">Un muerto y 11 heridos tras atentado contra un puesto policial en Colombia<\/span><\/p>\n<\/figcaption><\/figure>\n<\/p><\/div>\n<\/div>\n<p class=\"paragraph\">La explosi\u00f3n caus\u00f3 un incendio en la estaci\u00f3n policial y en varias motocicletas de los uniformados y provoc\u00f3 el p\u00e1nico entre los habitantes del sector, seg\u00fan constat\u00f3 EFE en la zona, que qued\u00f3 sin luz tras el ataque.<\/p>\n<p class=\"paragraph\">\u201cLa <b>Polic\u00eda Nacional<\/b>, en coordinaci\u00f3n con la Fiscal\u00eda General de la Naci\u00f3n, adelanta las labores de investigaci\u00f3n criminal, inteligencia y polic\u00eda judicial encaminadas a establecer las circunstancias de esta cobarde acci\u00f3n terrorista, as\u00ed como identificar y judicializar a los responsables\u201d, indic\u00f3 el comunicado.<\/p>\n<div class=\"c-detail__box \">\n<article class=\"c-detail__sumario \">\n<figure class=\"c-detail__sumario__thumb\" style=\"display: block;\">\n            <a href=\"#\" title=\"\">\n                <picture data-size=\"w:140,h:140\" loading=\"lazy\" src=\"https:\/\/imagenes.hoy.com.do\/files\/related_image\/uploads\/2026\/08\/17\/6a8377fdb6cf4.jpeg\" data-full-src=\"https:\/\/imagenes.hoy.com.do\/uploads\/2026\/08\/17\/6a8377fdb6cf4.jpeg\">\n                    <img loading=\"lazy\" decoding=\"async\" width=\"140\" height=\"140\" alt=\"La explosi\u00f3n provoc\u00f3 que dos personas perdieran la vida y una resultara herida.\" src=\"https:\/\/imagenes.hoy.com.do\/uploads\/2026\/08\/17\/6a8377fdb6cf4.jpeg\"\/>\n                <\/picture>\n            <\/a><br \/>\n        <\/figure>\n<\/article>\n<\/div>\n<p class=\"paragraph\">La onda de la explosi\u00f3n caus\u00f3 adem\u00e1s da\u00f1os en varios locales comerciales y en viviendas ubicadas en la avenida principal de Los Patios.<\/p>\n<p class=\"paragraph\">El pasado 31 de julio, al menos ocho polic\u00edas y otras tres personas fueron heridas por la explosi\u00f3n de un <b>veh\u00edculo bomba<\/b> cerca del comando de la Polic\u00eda de Norte de Santander en C\u00facuta.<\/p>\n<p class=\"paragraph\">En Norte de Santander, y en especial en la convulsa regi\u00f3n del Catatumbo, operan distintos grupos armados ilegales, entre ellos la guerrilla del Ej\u00e9rcito de Liberaci\u00f3n Nacional (ELN) y el frente 33 de las disidencias de las FARC.<\/p>\n<p class=\"paragraph\">El ataque en Los Patios tuvo lugar el mismo d\u00eda en que el presidente colombiano, Abelardo de la Espriella, anunci\u00f3 la muerte de al menos 20 miembros de una disidencia de las FARC en un bombardeo militar en el departamento del Guaviare, en el centro-sur del pa\u00eds.<\/p>\n<div class=\"c-detail__box \">\n<article class=\"c-detail__sumario \">\n<figure class=\"c-detail__sumario__thumb\" style=\"display: block;\">\n            <a href=\"#\" title=\"\">\n                <picture data-size=\"w:140,h:140\" loading=\"lazy\" src=\"https:\/\/imagenes.hoy.com.do\/files\/related_image\/uploads\/2026\/08\/30\/6a94f42c5ec29.webp\" data-full-src=\"https:\/\/imagenes.hoy.com.do\/uploads\/2026\/08\/30\/6a94f42c5ec29.webp\">\n                    <img loading=\"lazy\" decoding=\"async\" width=\"140\" height=\"140\" alt=\"Zona atacada por Rusia.\" src=\"https:\/\/imagenes.hoy.com.do\/uploads\/2026\/08\/30\/6a94f42c5ec29.webp\"\/>\n                <\/picture>\n            <\/a><br \/>\n        <\/figure>\n<\/article>\n<\/div><\/div>\n","protected":false},"excerpt":{"rendered":"El atentado con un coche bomba contra la estaci\u00f3n de Polic\u00eda del&hellip;\n","protected":false},"author":1,"featured_media":66619,"comment_status":"open","ping_status":"open","sticky":false,"template":"","format":"standard","meta":{"footnotes":""},"categories":[3],"tags":[],"class_list":["post-66618","post","type-post","status-publish","format-standard","has-post-thumbnail","category-internacionales"],"_links":{"self":[{"href":"https:\/\/acronoticias.com\/index.php\/wp-json\/wp\/v2\/posts\/66618","targetHints":{"allow":["GET"]}}],"collection":[{"href":"https:\/\/acronoticias.com\/index.php\/wp-json\/wp\/v2\/posts"}],"about":[{"href":"https:\/\/acronoticias.com\/index.php\/wp-json\/wp\/v2\/types\/post"}],"author":[{"embeddable":true,"href":"https:\/\/acronoticias.com\/index.php\/wp-json\/wp\/v2\/users\/1"}],"replies":[{"embeddable":true,"href":"https:\/\/acronoticias.com\/index.php\/wp-json\/wp\/v2\/comments?post=66618"}],"version-history":[{"count":0,"href":"https:\/\/acronoticias.com\/index.php\/wp-json\/wp\/v2\/posts\/66618\/revisions"}],"wp:featuredmedia":[{"embeddable":true,"href":"https:\/\/acronoticias.com\/index.php\/wp-json\/wp\/v2\/media\/66619"}],"wp:attachment":[{"href":"https:\/\/acronoticias.com\/index.php\/wp-json\/wp\/v2\/media?parent=66618"}],"wp:term":[{"taxonomy":"category","embeddable":true,"href":"https:\/\/acronoticias.com\/index.php\/wp-json\/wp\/v2\/categories?post=66618"},{"taxonomy":"post_tag","embeddable":true,"href":"https:\/\/acronoticias.com\/index.php\/wp-json\/wp\/v2\/tags?post=66618"}],"curies":[{"name":"wp","href":"https:\/\/api.w.org\/{rel}","templated":true}]}}