{"id":66612,"date":"2026-09-01T13:34:37","date_gmt":"2026-09-01T13:34:37","guid":{"rendered":"https:\/\/acronoticias.com\/index.php\/2026\/09\/01\/waldo-ariel-suero-propone-declarar-no-grato-al-director-de-la-dida-elias-baez\/"},"modified":"2026-09-01T13:34:37","modified_gmt":"2026-09-01T13:34:37","slug":"waldo-ariel-suero-propone-declarar-no-grato-al-director-de-la-dida-elias-baez","status":"publish","type":"post","link":"https:\/\/acronoticias.com\/index.php\/2026\/09\/01\/waldo-ariel-suero-propone-declarar-no-grato-al-director-de-la-dida-elias-baez\/","title":{"rendered":"Waldo Ariel Suero propone declarar no grato al director de la DIDA, El\u00edas B\u00e1ez"},"content":{"rendered":"<p><img loading=\"lazy\" decoding=\"async\" width=\"355\" height=\"200\" src=\"https:\/\/nuevodiario-assets.s3.us-east-2.amazonaws.com\/wp-content\/uploads\/2026\/09\/El-expresidente-del-Colegio-Medico-Dominicano-CMD-Waldo-Ariel-Suero-Foto-CMD-355x200.jpeg\" class=\"webfeedsFeaturedVisual wp-post-image\" alt=\"\" style=\"display: block;margin-bottom: 5px;clear:both;max-width: 100%\" \/><\/p>\n<p>EL NUEVO DIARIO, SANTO DOMINGO. \u2013 El expresidente del Colegio M\u00e9dico Dominicano (CMD), Waldo Ariel Suero, sugiri\u00f3 que el gremio declare como persona no grata al director de la Direcci\u00f3n General de Informaci\u00f3n y Defensa de los Afiliados a la Seguridad Social (DIDA), El\u00edas B\u00e1ez, debido a las declaraciones que, seg\u00fan afirm\u00f3, ha realizado en contra de los m\u00e9dicos.<\/p>\n<p>Suero manifest\u00f3 su preocupaci\u00f3n por lo que calific\u00f3 como expresiones \u201caltamente ofensivas, irrespetuosas y temerarias\u201d por parte de B\u00e1ez, se\u00f1alando que en ocasiones ha generalizado y acusado a los m\u00e9dicos de cometer actos il\u00edcitos.<\/p>\n<p>Como ejemplo, cit\u00f3 una expresi\u00f3n atribuida al director de la DIDA: \u201ctienen un robo a mano armada\u201d.<\/p>\n<p>Ante esta situaci\u00f3n, el exdirigente del CMD plante\u00f3 que el gremio emprenda acciones legales y que la Junta Directiva Nacional (JDN) eval\u00fae declarar a B\u00e1ez como persona no grata mediante una resoluci\u00f3n.<\/p>\n<p>Asimismo, propuso realizar una manifestaci\u00f3n p\u00fablica en la que, de manera simb\u00f3lica, se incinere un papel con el rostro del funcionario como expresi\u00f3n de rechazo a sus declaraciones contra los m\u00e9dicos.<\/p>\n<p>Suero record\u00f3 que la anterior Junta Directiva Nacional del CMD ya hab\u00eda tenido un enfrentamiento con B\u00e1ez, a quien el gremio calific\u00f3 en ese momento de \u201cdeslenguado\u201d. Seg\u00fan explic\u00f3, posteriormente se produjo una reuni\u00f3n entre representantes del CMD y el funcionario, con la mediaci\u00f3n de otros funcionarios, pero consider\u00f3 que las diferencias persisten.<\/p>\n<p>El expresidente del CMD sostuvo que este tipo de declaraciones no contribuye a un ambiente adecuado en un Estado de Derecho y llam\u00f3 al director de la DIDA a mantener un trato m\u00e1s respetuoso hacia los m\u00e9dicos.<\/p>\n<p>Finalmente, Suero consider\u00f3 que B\u00e1ez deber\u00eda emular el trato que, a su juicio, mantiene el presidente Luis Abinader con los ciudadanos y sus adversarios, al tiempo que afirm\u00f3 que el lenguaje utilizado por el funcionario podr\u00eda afectar la imagen de la gesti\u00f3n gubernamental.<\/p>\n<p>ENV\/<\/p>\n<p>La entrada <a href=\"https:\/\/elnuevodiario.com.do\/waldo-ariel-suero-propone-declarar-no-grato-al-director-de-la-dida-elias-baez\/\">Waldo Ariel Suero propone declarar no grato al director de la DIDA, El\u00edas B\u00e1ez<\/a> se public\u00f3 primero en <a href=\"https:\/\/elnuevodiario.com.do\">El Nuevo Diario (Rep\u00fablica Dominicana)<\/a>.<\/p>\n","protected":false},"excerpt":{"rendered":"EL NUEVO DIARIO, SANTO DOMINGO. \u2013 El expresidente del Colegio M\u00e9dico Dominicano&hellip;\n","protected":false},"author":1,"featured_media":66613,"comment_status":"open","ping_status":"open","sticky":false,"template":"","format":"standard","meta":{"footnotes":""},"categories":[1],"tags":[],"class_list":["post-66612","post","type-post","status-publish","format-standard","has-post-thumbnail","category-nacionales"],"_links":{"self":[{"href":"https:\/\/acronoticias.com\/index.php\/wp-json\/wp\/v2\/posts\/66612","targetHints":{"allow":["GET"]}}],"collection":[{"href":"https:\/\/acronoticias.com\/index.php\/wp-json\/wp\/v2\/posts"}],"about":[{"href":"https:\/\/acronoticias.com\/index.php\/wp-json\/wp\/v2\/types\/post"}],"author":[{"embeddable":true,"href":"https:\/\/acronoticias.com\/index.php\/wp-json\/wp\/v2\/users\/1"}],"replies":[{"embeddable":true,"href":"https:\/\/acronoticias.com\/index.php\/wp-json\/wp\/v2\/comments?post=66612"}],"version-history":[{"count":0,"href":"https:\/\/acronoticias.com\/index.php\/wp-json\/wp\/v2\/posts\/66612\/revisions"}],"wp:featuredmedia":[{"embeddable":true,"href":"https:\/\/acronoticias.com\/index.php\/wp-json\/wp\/v2\/media\/66613"}],"wp:attachment":[{"href":"https:\/\/acronoticias.com\/index.php\/wp-json\/wp\/v2\/media?parent=66612"}],"wp:term":[{"taxonomy":"category","embeddable":true,"href":"https:\/\/acronoticias.com\/index.php\/wp-json\/wp\/v2\/categories?post=66612"},{"taxonomy":"post_tag","embeddable":true,"href":"https:\/\/acronoticias.com\/index.php\/wp-json\/wp\/v2\/tags?post=66612"}],"curies":[{"name":"wp","href":"https:\/\/api.w.org\/{rel}","templated":true}]}}