{"id":66610,"date":"2026-09-01T13:18:33","date_gmt":"2026-09-01T13:18:33","guid":{"rendered":"https:\/\/acronoticias.com\/index.php\/2026\/09\/01\/condena-de-15-anos-para-hombre-que-violo-y-embarazo-adolescente-en-elias-pina\/"},"modified":"2026-09-01T13:18:33","modified_gmt":"2026-09-01T13:18:33","slug":"condena-de-15-anos-para-hombre-que-violo-y-embarazo-adolescente-en-elias-pina","status":"publish","type":"post","link":"https:\/\/acronoticias.com\/index.php\/2026\/09\/01\/condena-de-15-anos-para-hombre-que-violo-y-embarazo-adolescente-en-elias-pina\/","title":{"rendered":"Condena de 15 a\u00f1os para hombre que viol\u00f3 y embaraz\u00f3 adolescente en El\u00edas Pi\u00f1a"},"content":{"rendered":"<div id=\"nota-texto\">\n<p><strong><a href=\"https:\/\/noticiassin.com\/tag\/elias-pina-2\/\" class=\"nsin-auto-tag-link\">El\u00edas Pi\u00f1a<\/a><\/strong>. \u2013 Un tribunal conden\u00f3 a 15 a\u00f1os de prisi\u00f3n a un hombre que viol\u00f3 sexualmente y embaraz\u00f3 a una adolescente de 15 a\u00f1os de edad, en un hecho ocurrido en el a\u00f1o 2024 en <strong>El\u00edas Pi\u00f1a<\/strong>.<\/p>\n<p>La pena le fue dictada en contra a <strong>Brodre F\u00e9liz<\/strong>. La investigaci\u00f3n del <strong><a href=\"https:\/\/noticiassin.com\/tag\/ministerio-publico\/\" class=\"nsin-auto-tag-link\">Ministerio P\u00fablico<\/a><\/strong> estableci\u00f3 que los hechos se produjeron el 29 de octubre de 2024, cuando la madre dej\u00f3 a la menor bajo el cuidado de <strong>Brode F\u00e9liz<\/strong>, debido a que tuvo que trasladarse hacia otra comunidad por la muerte de un familiar.<\/p>\n<h2 id=\"amenazas-y-silencio-de-la-victima\" class=\"wp-block-heading\">Amenazas y silencio de la v\u00edctima<\/h2>\n<p>Tras cometer el hecho, <strong>Brodre F\u00e9liz<\/strong> amenaz\u00f3 a la adolescente con asesinarla si revelaba lo sucedido, lo que llev\u00f3 a la v\u00edctima a guardar silencio.<\/p>\n<p>El <strong>Ministerio P\u00fablico<\/strong> fue apoderado por la madre, mediante denuncia, luego de que la escuela notificara que la adolescente hab\u00eda dejado de asistir a clases y, tras ser evaluada por el departamento de psicolog\u00eda de la instituci\u00f3n, esta revel\u00f3 lo sucedido.<\/p>\n<p>La v\u00edctima fue sometida a evaluaciones m\u00e9dicas que determinaron su estado de embarazo, y su testimonio fue corroborado por especialistas en la <strong><a href=\"https:\/\/noticiassin.com\/tag\/camara-gesell\/\" class=\"nsin-auto-tag-link\">C\u00e1mara Gesell<\/a><\/strong>.<\/p>\n<div class=\"nbs-subscribe-box \">\n<p>Suscribete al newsletter de Noticias SIN<\/p>\n<\/div>\n<h2 id=\"pruebas-y-decision-del-tribunal\" class=\"wp-block-heading\">Pruebas y decisi\u00f3n del tribunal<\/h2>\n<p>Ante los hechos cometidos por el agresor, el <strong>Ministerio P\u00fablico<\/strong>, representado por la fiscal <strong>Angelina Valdez Cabrera<\/strong> y los aspirantes <strong>Alfonso Gonz\u00e1lez<\/strong> y <strong>Miriam Pimentel<\/strong>, demostr\u00f3 en audiencia que estas acciones constituyen una falta a los art\u00edculos 330 y 33\u00a0 del <strong><a href=\"https:\/\/noticiassin.com\/tag\/codigo-penal-dominicano\/\" class=\"nsin-auto-tag-link\">C\u00f3digo Penal Dominicano<\/a><\/strong> y al art\u00edculo 396, letra c, de la Ley 136-03, sobre el C\u00f3digo para el Sistema de Protecci\u00f3n y los Derechos Fundamentales de Ni\u00f1os, <a href=\"https:\/\/noticiassin.com\/tag\/ninas-y-adolescentes\/\" class=\"nsin-auto-tag-link\">Ni\u00f1as y Adolescentes<\/a>,<\/p>\n<p>Por decisi\u00f3n del <strong>Tribunal Colegiado<\/strong> de\u00a0<a href=\"https:\/\/www.google.com\/maps\/search\/El%C3%ADas+Pi%C3%B1a+SANTO+DOMINGO+(Rep%C3%BAblica+Dominicana?entry=gmail&source=g\"><strong>El\u00edas Pi\u00f1a<\/strong><\/a>, que integran los jueces <strong>Edward Augusto Ger\u00f3nimo S\u00e1nchez<\/strong>, <strong>Sauly Gonz\u00e1lez<\/strong> y <strong>Blaurys Luciano Ferreras<\/strong>, el procesado deber\u00e1 cumplir la sentencia en el <strong><a href=\"https:\/\/noticiassin.com\/tag\/centro-de-correccion-y-rehabilitacion\/\" class=\"nsin-auto-tag-link\">Centro de Correcci\u00f3n y Rehabilitaci\u00f3n<\/a><\/strong> de esa demarcaci\u00f3n.<\/p>\n<\/div>\n","protected":false},"excerpt":{"rendered":"El\u00edas Pi\u00f1a. \u2013 Un tribunal conden\u00f3 a 15 a\u00f1os de prisi\u00f3n a&hellip;\n","protected":false},"author":1,"featured_media":66611,"comment_status":"open","ping_status":"open","sticky":false,"template":"","format":"standard","meta":{"footnotes":""},"categories":[1],"tags":[],"class_list":["post-66610","post","type-post","status-publish","format-standard","has-post-thumbnail","category-nacionales"],"_links":{"self":[{"href":"https:\/\/acronoticias.com\/index.php\/wp-json\/wp\/v2\/posts\/66610","targetHints":{"allow":["GET"]}}],"collection":[{"href":"https:\/\/acronoticias.com\/index.php\/wp-json\/wp\/v2\/posts"}],"about":[{"href":"https:\/\/acronoticias.com\/index.php\/wp-json\/wp\/v2\/types\/post"}],"author":[{"embeddable":true,"href":"https:\/\/acronoticias.com\/index.php\/wp-json\/wp\/v2\/users\/1"}],"replies":[{"embeddable":true,"href":"https:\/\/acronoticias.com\/index.php\/wp-json\/wp\/v2\/comments?post=66610"}],"version-history":[{"count":0,"href":"https:\/\/acronoticias.com\/index.php\/wp-json\/wp\/v2\/posts\/66610\/revisions"}],"wp:featuredmedia":[{"embeddable":true,"href":"https:\/\/acronoticias.com\/index.php\/wp-json\/wp\/v2\/media\/66611"}],"wp:attachment":[{"href":"https:\/\/acronoticias.com\/index.php\/wp-json\/wp\/v2\/media?parent=66610"}],"wp:term":[{"taxonomy":"category","embeddable":true,"href":"https:\/\/acronoticias.com\/index.php\/wp-json\/wp\/v2\/categories?post=66610"},{"taxonomy":"post_tag","embeddable":true,"href":"https:\/\/acronoticias.com\/index.php\/wp-json\/wp\/v2\/tags?post=66610"}],"curies":[{"name":"wp","href":"https:\/\/api.w.org\/{rel}","templated":true}]}}