{"id":66606,"date":"2026-09-01T13:15:37","date_gmt":"2026-09-01T13:15:37","guid":{"rendered":"https:\/\/acronoticias.com\/index.php\/2026\/09\/01\/lluvias-en-rd-que-se-espera-para-las-proximas-horas-y-sobre-cuales-provincias\/"},"modified":"2026-09-01T13:15:37","modified_gmt":"2026-09-01T13:15:37","slug":"lluvias-en-rd-que-se-espera-para-las-proximas-horas-y-sobre-cuales-provincias","status":"publish","type":"post","link":"https:\/\/acronoticias.com\/index.php\/2026\/09\/01\/lluvias-en-rd-que-se-espera-para-las-proximas-horas-y-sobre-cuales-provincias\/","title":{"rendered":"Lluvias en RD: \u00bfqu\u00e9 se espera para las pr\u00f3ximas horas y sobre cu\u00e1les provincias?"},"content":{"rendered":"<div>\n<div class=\"c-detail__author full\">\n<div>\n<div class=\"c-detail__author__thumb\">\n<figure>\n                                <picture src=\"https:\/\/imagenes.hoy.com.do\/files\/image_square_xs\/uploads\/2025\/11\/10\/6911b3b5d935b.png\" data-size=\"w:40,h:40\">\n                                    <img decoding=\"async\" loading=\"lazy\" alt=\"Hoy .\" width=\"40\" height=\"40\" src=\"https:\/\/imagenes.hoy.com.do\/files\/image_square_xs\/uploads\/2025\/11\/10\/6911b3b5d935b.png\"\/>\n                                <\/picture>\n                                <\/figure>\n<\/div>\n<\/div>\n<\/div>\n<p>                                                                                            <!-- --><\/p>\n<p class=\"paragraph\">Santo Domingo, R.D., martes 1 de septiembre de 2026. \u2013 El Instituto Dominicano de Meteorolog\u00eda (Indomet) inform\u00f3 que este martes continuar\u00e1n las condiciones favorables para la ocurrencia de<b> aguaceros moderados a fuertes,<\/b> acompa\u00f1ados de<b> tormentas el\u00e9ctricas y ocasionales r\u00e1fagas de viento<\/b> en gran parte del pa\u00eds, debido a la influencia de una <b>vaguada asociada a los remanentes de la tormenta tropical Dolly.<\/b><\/p>\n<p class=\"paragraph\">La instituci\u00f3n explic\u00f3 que estas condiciones se presentar\u00e1n principalmente en Hato Mayor, Monte Plata, San Pedro de Macor\u00eds, el Gran Santo Domingo, San Crist\u00f3bal, Peravia, Puerto Plata, Monte Cristi, Espaillat, Santiago, Monse\u00f1or Nouel, Duarte, La Vega, Santiago Rodr\u00edguez, Dajab\u00f3n, El\u00edas Pi\u00f1a, Barahona, Azua, Pedernales, Bahoruco, San Juan, Valverde, entre otras provincias cercanas.<\/p>\n<p class=\"paragraph\">El Indomet inform\u00f3 que su Centro Nacional de Pron\u00f3sticos <b>mantiene vigentes los niveles de aviso y alerta meteorol\u00f3gica, <\/b>ante posibles crecidas de r\u00edos, arroyos y ca\u00f1adas, as\u00ed como inundaciones repentinas en zonas aisladas y altamente vulnerables.<\/p>\n<p class=\"paragraph\">Indic\u00f3 que se encuentran bajo aviso meteorol\u00f3gico el Gran Santo Domingo, San Crist\u00f3bal, Monte Plata y Peravia, mientras que permanecen bajo alerta meteorol\u00f3gica las provincias La Altagracia, La Romana, El Seibo, Saman\u00e1, Azua, San Pedro de Macor\u00eds, Hato Mayor, San Jos\u00e9 de Ocoa, Santiago Rodr\u00edguez y Valverde.<\/p>\n<p class=\"paragraph\"><b>Temperaturas calurosas<\/b><\/p>\n<p class=\"paragraph\">Con relaci\u00f3n a las temperaturas, el organismo indic\u00f3 que continuar\u00e1n calurosas en gran parte del pa\u00eds, con una sensaci\u00f3n t\u00e9rmica elevada.<\/p>\n<p class=\"paragraph\">Ante estas condiciones, el Indomet recomienda a la poblaci\u00f3n ingerir suficiente agua, vestir ropa ligera, holgada y de colores claros, evitar la exposici\u00f3n directa a la radiaci\u00f3n solar sin la debida protecci\u00f3n y procurar permanecer en lugares frescos y ventilados.<\/p>\n<p class=\"paragraph\">Asimismo, recuerda que los ni\u00f1os, adultos mayores y mujeres embarazadas son m\u00e1s vulnerables a los efectos de las altas temperaturas.<\/p>\n<div class=\"c-detail__box \">\n<article class=\"c-detail__sumario \">\n<figure class=\"c-detail__sumario__thumb\" style=\"display: block;\">\n            <a href=\"#\" title=\"\">\n                <picture data-size=\"w:140,h:140\" loading=\"lazy\" src=\"https:\/\/imagenes.hoy.com.do\/files\/related_image\/uploads\/2026\/08\/29\/6a93345372efe.jpeg\" data-full-src=\"https:\/\/imagenes.hoy.com.do\/uploads\/2026\/08\/29\/6a93345372efe.jpeg\">\n                    <img loading=\"lazy\" decoding=\"async\" width=\"140\" height=\"140\" alt=\"Tormenta tropical Dolly\" src=\"https:\/\/imagenes.hoy.com.do\/uploads\/2026\/08\/29\/6a93345372efe.jpeg\"\/>\n                <\/picture>\n            <\/a><br \/>\n        <\/figure>\n<\/article>\n<\/div>\n<p class=\"paragraph\"><b>Recomendaciones mar\u00edtimas<\/b><\/p>\n<p class=\"paragraph\">En cuanto a las condiciones mar\u00edtimas, en la costa atl\u00e1ntica, el organismo recomend\u00f3 a los operadores de fr\u00e1giles, peque\u00f1as y medianas embarcaciones, permanecer en puerto debido a viento y olas anormales. En tanto, en la costa caribe\u00f1a, exhort\u00f3 navegar con precauci\u00f3n ante la reducci\u00f3n de visibilidad por las lluvias y viento fuerte.<\/p>\n<p class=\"paragraph\">Asimismo, sugiri\u00f3 a los ba\u00f1istas y usuarios de las playas, consultar previamente a las autoridades locales antes de hacer uso de estas, ya que en ocasiones pueden formarse corrientes de resaca.<\/p>\n<div class=\"c-detail__box \">\n<article class=\"c-detail__sumario \">\n<figure class=\"c-detail__sumario__thumb\" style=\"display: block;\">\n            <a href=\"#\" title=\"\">\n                <picture data-size=\"w:140,h:140\" loading=\"lazy\" src=\"https:\/\/imagenes.hoy.com.do\/files\/related_image\/files\/fp\/uploads\/2026\/08\/31\/6a9585f6cc0c2.r_d.600-422.jpeg\" data-full-src=\"https:\/\/imagenes.hoy.com.do\/uploads\/2026\/08\/31\/6a9585f6cc0c2.jpeg\">\n                    <img loading=\"lazy\" decoding=\"async\" width=\"140\" height=\"140\" alt=\"Im\u00e1gen de sat\u00e9lite infrarrojo mostrando los remanentes de la Tormenta Tropical Dolly, sobre el pa\u00eds.\" src=\"https:\/\/imagenes.hoy.com.do\/uploads\/2026\/08\/31\/6a9585f6cc0c2.jpeg\"\/>\n                <\/picture>\n            <\/a><br \/>\n        <\/figure>\n<\/article>\n<\/div>\n<p class=\"paragraph\"><b>Vigilancia cicl\u00f3nica<\/b><\/p>\n<p class=\"paragraph\">La instituci\u00f3n comunic\u00f3 que anoche la depresi\u00f3n tropical N\u00famero 5 alcanz\u00f3 la categor\u00eda de tormenta tropical Edouard. Actualmente, se ubica a unos 100 kil\u00f3metros al sur\/ sureste de Cameron, Louisiana, con vientos m\u00e1ximos sostenidos de 65 km\/h, y se mueve hacia el oeste\/noroeste a unos 13 km\/h. Por su posici\u00f3n y desplazamiento, este sistema no ofrece peligro para el pa\u00eds.<\/p>\n<p class=\"paragraph\">El Indomet exhort\u00f3 a la poblaci\u00f3n a mantenerse atenta a los informes del tiempo emitidos por la instituci\u00f3n y a seguir las orientaciones de los organismos de protecci\u00f3n civil.<\/p>\n<\/p><\/div>\n","protected":false},"excerpt":{"rendered":"Santo Domingo, R.D., martes 1 de septiembre de 2026. \u2013 El Instituto&hellip;\n","protected":false},"author":1,"featured_media":66607,"comment_status":"open","ping_status":"open","sticky":false,"template":"","format":"standard","meta":{"footnotes":""},"categories":[3],"tags":[],"class_list":["post-66606","post","type-post","status-publish","format-standard","has-post-thumbnail","category-internacionales"],"_links":{"self":[{"href":"https:\/\/acronoticias.com\/index.php\/wp-json\/wp\/v2\/posts\/66606","targetHints":{"allow":["GET"]}}],"collection":[{"href":"https:\/\/acronoticias.com\/index.php\/wp-json\/wp\/v2\/posts"}],"about":[{"href":"https:\/\/acronoticias.com\/index.php\/wp-json\/wp\/v2\/types\/post"}],"author":[{"embeddable":true,"href":"https:\/\/acronoticias.com\/index.php\/wp-json\/wp\/v2\/users\/1"}],"replies":[{"embeddable":true,"href":"https:\/\/acronoticias.com\/index.php\/wp-json\/wp\/v2\/comments?post=66606"}],"version-history":[{"count":0,"href":"https:\/\/acronoticias.com\/index.php\/wp-json\/wp\/v2\/posts\/66606\/revisions"}],"wp:featuredmedia":[{"embeddable":true,"href":"https:\/\/acronoticias.com\/index.php\/wp-json\/wp\/v2\/media\/66607"}],"wp:attachment":[{"href":"https:\/\/acronoticias.com\/index.php\/wp-json\/wp\/v2\/media?parent=66606"}],"wp:term":[{"taxonomy":"category","embeddable":true,"href":"https:\/\/acronoticias.com\/index.php\/wp-json\/wp\/v2\/categories?post=66606"},{"taxonomy":"post_tag","embeddable":true,"href":"https:\/\/acronoticias.com\/index.php\/wp-json\/wp\/v2\/tags?post=66606"}],"curies":[{"name":"wp","href":"https:\/\/api.w.org\/{rel}","templated":true}]}}