{"id":66600,"date":"2026-09-01T12:27:51","date_gmt":"2026-09-01T12:27:51","guid":{"rendered":"https:\/\/acronoticias.com\/index.php\/2026\/09\/01\/vasquez-taveras-destaca-la-libre-competencia-como-garantia-de-oportunidades\/"},"modified":"2026-09-01T12:27:51","modified_gmt":"2026-09-01T12:27:51","slug":"vasquez-taveras-destaca-la-libre-competencia-como-garantia-de-oportunidades","status":"publish","type":"post","link":"https:\/\/acronoticias.com\/index.php\/2026\/09\/01\/vasquez-taveras-destaca-la-libre-competencia-como-garantia-de-oportunidades\/","title":{"rendered":"V\u00e1squez Taveras destaca la libre competencia como garant\u00eda de oportunidades"},"content":{"rendered":"<p><img decoding=\"async\" width=\"355\" height=\"200\" src=\"https:\/\/nuevodiario-assets.s3.us-east-2.amazonaws.com\/wp-content\/uploads\/2026\/09\/La-presidenta-del-ProCompetencia-Maria-Elena-Vasquez-Taveras-Foto-Fuente-Externa-355x200.jpeg\" class=\"webfeedsFeaturedVisual wp-post-image\" alt=\"\" style=\"display: block;margin-bottom: 5px;clear:both;max-width: 100%\" loading=\"lazy\" \/><\/p>\n<p>EL NUEVO DIARIO, PUERTO PLATA. \u2013 La presidenta del Consejo Directivo de la Comisi\u00f3n Nacional de Defensa de la Competencia (ProCompetencia), Mar\u00eda Elena V\u00e1squez Taveras, destac\u00f3 que la libre competencia trasciende el \u00e1mbito econ\u00f3mico y constituye un componente esencial del Estado Social y Democr\u00e1tico de Derecho consagrado por la Constituci\u00f3n dominicana.<\/p>\n<p>Al dictar la conferencia magistral \u201cDemocracia, Derechos Fundamentales y Libre Competencia: Pilares para el Fortalecimiento del Estado de Derecho\u201d, en el marco del II Congreso Internacional de Derecho organizado por la Seccional Puerto Plata del Colegio de Abogados de la Rep\u00fablica Dominicana (CARD), V\u00e1squez Taveras analiz\u00f3 la relaci\u00f3n existente entre la efectividad de los derechos, las garant\u00edas constitucionales, la democracia y las condiciones que permiten una participaci\u00f3n econ\u00f3mica abierta y competitiva.<\/p>\n<p>La jurista explic\u00f3 que los art\u00edculos 50 y 217 de la Constituci\u00f3n sit\u00faan la libertad de empresa y la libre competencia dentro de un modelo econ\u00f3mico orientado tambi\u00e9n al desarrollo humano, la justicia social y la igualdad de oportunidades.<\/p>\n<figure id=\"attachment_3260305\" aria-describedby=\"caption-attachment-3260305\" style=\"width: 1280px\" class=\"wp-caption alignnone\"><img loading=\"lazy\" decoding=\"async\" data-recalc-dims=\"1\" class=\"size-full wp-image-3260305\" src=\"https:\/\/i0.wp.com\/nuevodiario-assets.s3.us-east-2.amazonaws.com\/wp-content\/uploads\/2026\/09\/La-presidenta-del-ProCompetencia-Maria-Elena-Vasquez-Taveras-Foto-Fuente-Externa-2.jpeg?resize=640%2C427&quality=100&ssl=1\" alt=\"\" width=\"640\" height=\"427\" \/><figcaption id=\"caption-attachment-3260305\" class=\"wp-caption-text\"><strong>La presidenta del ProCompetencia, Mar\u00eda Elena V\u00e1squez Taveras (Foto: Fuente Externa)<\/strong><\/figcaption><\/figure>\n<p>\u201cLa competencia no garantiza el \u00e9xito de ninguna empresa, pero s\u00ed debe garantizar que todas puedan competir en condiciones abiertas y sin barreras injustificadas\u201d, afirm\u00f3.<\/p>\n<p>Durante su exposici\u00f3n, V\u00e1squez Taveras sostuvo que la competencia y la democracia pertenecen a \u00e1mbitos diferentes, pero encuentran puntos de conexi\u00f3n en valores como la participaci\u00f3n, el pluralismo y la existencia de oportunidades reales. Precis\u00f3, asimismo, que el Derecho de la Competencia no penaliza el tama\u00f1o ni el \u00e9xito empresarial, sino aquellas conductas que utilizan el poder de mercado de manera anticompetitiva para excluir o impedir injustificadamente la participaci\u00f3n de otros agentes econ\u00f3micos.<\/p>\n<figure id=\"attachment_3260306\" aria-describedby=\"caption-attachment-3260306\" style=\"width: 1280px\" class=\"wp-caption alignnone\"><img loading=\"lazy\" decoding=\"async\" data-recalc-dims=\"1\" class=\"size-full wp-image-3260306\" src=\"https:\/\/i0.wp.com\/nuevodiario-assets.s3.us-east-2.amazonaws.com\/wp-content\/uploads\/2026\/09\/Personalidades-asistieron-a-la-conferencia-Foto-Fuente-Externa.jpeg?resize=640%2C427&quality=100&ssl=1\" alt=\"\" width=\"640\" height=\"427\" \/><figcaption id=\"caption-attachment-3260306\" class=\"wp-caption-text\"><strong>Personalidades asistieron a la conferencia (Foto: Fuente Externa)<\/strong><\/figcaption><\/figure>\n<p>La presidenta de ProCompetencia resalt\u00f3 tambi\u00e9n que la protecci\u00f3n de la competencia debe desarrollarse dentro del sistema de garant\u00edas propio del Estado de Derecho. En ese sentido, se\u00f1al\u00f3 que las potestades de investigaci\u00f3n y sanci\u00f3n de las autoridades p\u00fablicas deben ejercerse con estricto respeto al debido proceso, la motivaci\u00f3n de las decisiones, la proporcionalidad y la seguridad jur\u00eddica.<\/p>\n<p>\u201cEl debido proceso no debilita a la autoridad; la legitima. La eficacia y las garant\u00edas no son valores contrapuestos\u201d, expres\u00f3.<\/p>\n<p><strong>Rep\u00fablica Dominicana ante los desaf\u00edos de una nueva econom\u00eda<\/strong><\/p>\n<p>V\u00e1squez Taveras se\u00f1al\u00f3 que la Rep\u00fablica Dominicana enfrenta el desaf\u00edo de continuar modernizando su marco jur\u00eddico de defensa de la competencia para responder adecuadamente a mercados muy distintos de aquellos existentes cuando fue promulgada la Ley n\u00fam. 42-08, en 2008.<\/p>\n<p>Indic\u00f3 que las plataformas digitales, los datos, los algoritmos, la inteligencia artificial, las operaciones transfronterizas y los procesos de concentraci\u00f3n econ\u00f3mica plantean nuevas realidades que requieren instrumentos jur\u00eddicos e institucionales adecuados.<\/p>\n<p>En ese contexto, destac\u00f3 que la actualizaci\u00f3n del r\u00e9gimen dominicano debe contemplar, entre otros aspectos, un sistema general de control de concentraciones econ\u00f3micas y, al mismo tiempo, responder a la evoluci\u00f3n constitucional experimentada por el pa\u00eds desde 2008, particularmente a partir de la Constituci\u00f3n de 2010 y de la Ley n\u00fam. 107-13 sobre los derechos de las personas en sus relaciones con la Administraci\u00f3n.<\/p>\n<p>\u201cLa Rep\u00fablica Dominicana necesita una legislaci\u00f3n de competencia econ\u00f3micamente moderna y constitucionalmente garantista, capaz de responder a los mercados actuales y, al mismo tiempo, ofrecer seguridad jur\u00eddica y garant\u00edas a todos los agentes econ\u00f3micos\u201d, sostuvo.<\/p>\n<p>La presidenta de ProCompetencia destac\u00f3 finalmente que la pol\u00edtica de competencia adquiere una dimensi\u00f3n especialmente concreta en \u00e1mbitos como la contrataci\u00f3n p\u00fablica, donde una competencia efectiva contribuye al uso eficiente de los recursos del Estado, y en el acceso a los mercados, donde la eliminaci\u00f3n de barreras artificiales ampl\u00eda las oportunidades para emprendedores y empresas.<\/p>\n<p>V\u00e1squez Taveras concluy\u00f3 se\u00f1alando que la protecci\u00f3n de la competencia debe entenderse como parte de una arquitectura institucional m\u00e1s amplia orientada a promover mercados abiertos, igualdad de oportunidades, desarrollo econ\u00f3mico y efectividad de los derechos dentro del Estado Social y Democr\u00e1tico de Derecho.<\/p>\n<p>ENV\/<\/p>\n<p>La entrada <a href=\"https:\/\/elnuevodiario.com.do\/vasquez-taveras-destaca-la-libre-competencia-como-garantia-de-oportunidades\/\">V\u00e1squez Taveras destaca la libre competencia como garant\u00eda de oportunidades<\/a> se public\u00f3 primero en <a href=\"https:\/\/elnuevodiario.com.do\">El Nuevo Diario (Rep\u00fablica Dominicana)<\/a>.<\/p>\n","protected":false},"excerpt":{"rendered":"EL NUEVO DIARIO, PUERTO PLATA. \u2013 La presidenta del Consejo Directivo de&hellip;\n","protected":false},"author":1,"featured_media":66601,"comment_status":"open","ping_status":"open","sticky":false,"template":"","format":"standard","meta":{"footnotes":""},"categories":[1],"tags":[],"class_list":["post-66600","post","type-post","status-publish","format-standard","has-post-thumbnail","category-nacionales"],"_links":{"self":[{"href":"https:\/\/acronoticias.com\/index.php\/wp-json\/wp\/v2\/posts\/66600","targetHints":{"allow":["GET"]}}],"collection":[{"href":"https:\/\/acronoticias.com\/index.php\/wp-json\/wp\/v2\/posts"}],"about":[{"href":"https:\/\/acronoticias.com\/index.php\/wp-json\/wp\/v2\/types\/post"}],"author":[{"embeddable":true,"href":"https:\/\/acronoticias.com\/index.php\/wp-json\/wp\/v2\/users\/1"}],"replies":[{"embeddable":true,"href":"https:\/\/acronoticias.com\/index.php\/wp-json\/wp\/v2\/comments?post=66600"}],"version-history":[{"count":0,"href":"https:\/\/acronoticias.com\/index.php\/wp-json\/wp\/v2\/posts\/66600\/revisions"}],"wp:featuredmedia":[{"embeddable":true,"href":"https:\/\/acronoticias.com\/index.php\/wp-json\/wp\/v2\/media\/66601"}],"wp:attachment":[{"href":"https:\/\/acronoticias.com\/index.php\/wp-json\/wp\/v2\/media?parent=66600"}],"wp:term":[{"taxonomy":"category","embeddable":true,"href":"https:\/\/acronoticias.com\/index.php\/wp-json\/wp\/v2\/categories?post=66600"},{"taxonomy":"post_tag","embeddable":true,"href":"https:\/\/acronoticias.com\/index.php\/wp-json\/wp\/v2\/tags?post=66600"}],"curies":[{"name":"wp","href":"https:\/\/api.w.org\/{rel}","templated":true}]}}