{"id":66597,"date":"2026-09-01T12:14:37","date_gmt":"2026-09-01T12:14:37","guid":{"rendered":"https:\/\/acronoticias.com\/index.php\/2026\/09\/01\/personas-trans-en-carceles-paraguayas-denuncian-violencia-y-atencion-de-salud-insuficiente\/"},"modified":"2026-09-01T12:14:37","modified_gmt":"2026-09-01T12:14:37","slug":"personas-trans-en-carceles-paraguayas-denuncian-violencia-y-atencion-de-salud-insuficiente","status":"publish","type":"post","link":"https:\/\/acronoticias.com\/index.php\/2026\/09\/01\/personas-trans-en-carceles-paraguayas-denuncian-violencia-y-atencion-de-salud-insuficiente\/","title":{"rendered":"Personas trans en c\u00e1rceles paraguayas denuncian violencia y atenci\u00f3n de salud insuficiente"},"content":{"rendered":"<div id=\"nota-texto\">\n<p><strong>Asunci\u00f3n<\/strong>.- Unas 60 mujeres trans recluidas en c\u00e1rceles de <strong>Paraguay<\/strong> entre 2020 y 2026 denunciaron ser v\u00edctimas de violencia, exclusi\u00f3n y discriminaci\u00f3n en los centros penitenciarios y haber recibido una atenci\u00f3n de salud \u00abinsuficiente\u00bb, seg\u00fan un estudio que difundi\u00f3 este lunes el estatal <strong>Mecanismo Nacional de Prevenci\u00f3n de la Tortura<\/strong> (<strong>MNP<\/strong>).<\/p>\n<p>El \u2018Diagn\u00f3stico Penitenciario Trans\u2019, elaborado por la organizaci\u00f3n <strong>Casa Diversa<\/strong>, determin\u00f3 que el 100 % de las entrevistadas calific\u00f3 la atenci\u00f3n de salud \u00abcomo b\u00e1sica o insuficiente\u00bb, al se\u00f1alar \u00abdemoras prolongadas, falta de confidencialidad en temas relacionados con la salud sexual y deficiencias en la entrega de medicamentos\u00bb, indic\u00f3 el <strong>MNP<\/strong> en un comunicado.<\/p>\n<p>Todas las entrevistadas \u2014a\u00f1adi\u00f3 la nota\u2014 pasaron por celdas compartidas, incluso con hombres; sufrieron traslados sin previo aviso, extorsiones dentro de las c\u00e1rceles para \u00abacceder a celdas consideradas seguras\u00bb, <strong>episodios de violencia f\u00edsica y verbal y de explotaci\u00f3n sexual<\/strong>.<\/p>\n<p>El estudio destac\u00f3, adem\u00e1s, que el <strong>8,3 % de las mujeres trans <\/strong>consultadas accedi\u00f3 a espacios educativos dentro de los reclusorios.<\/p>\n<p>La representante de <strong>Casa Diversa<\/strong>, <strong>Yren Noriega<\/strong>, dijo a <strong>EFE<\/strong> que el estudio recoge los testimonios de 60 personas trans que est\u00e1n o estuvieron encarceladas entre 2020 y 2026.<\/p>\n<div class=\"nbs-subscribe-box \">\n<p>Suscribete al newsletter de Noticias SIN<\/p>\n<\/div>\n<p>Noriega indic\u00f3 que las mujeres trans son recluidas en penitenciar\u00edas de varones y que \u00abno se cumple\u00bb un protocolo del <strong><a href=\"https:\/\/noticiassin.com\/tag\/ministerio-de-justicia\/\" class=\"nsin-auto-tag-link\">Ministerio de Justicia<\/a><\/strong> que establece la separaci\u00f3n de este grupo en pabellones diferenciados.<\/p>\n<p>Los pabellones exclusivos \u2014agreg\u00f3 <strong>Noriega<\/strong>\u2014 permiten un \u00abmenor riesgo\u00bb de que las mujeres trans sufran abusos sexuales, violencia o discriminaci\u00f3n.<\/p>\n<p>Seg\u00fan los registros de <strong>Casas Diversa<\/strong>, actualmente unas 30 personas trans est\u00e1n recluidas en las c\u00e1rceles.<\/p>\n<p>Asimismo, <strong>Noriega<\/strong> denunci\u00f3 la ausencia de un programa de reinserci\u00f3n social enfocado en este grupo, que \u2014afirm\u00f3\u2014 vive en condiciones \u00abinhumanas\u00bb y de hacinamiento en las c\u00e1rceles paraguayas.<\/p>\n<p>La activista espera que el estudio sea \u00abuna herramienta para buscar mejorar las condiciones de vida\u00bb de las personas trans en las c\u00e1rceles y que se avance en la creaci\u00f3n de una mesa de di\u00e1logo con instituciones del Estado para atender esta problem\u00e1tica.<\/p>\n<section class=\"article-topics\" aria-labelledby=\"article-topics-title\">\n<h3 id=\"article-topics-title\"><span id=\"temas\">Temas<\/span><\/h3>\n<p><a class=\"topic-chip\" href=\"https:\/\/noticiassin.com\/tag\/asuncion\/\">asunci\u00f3n<\/a><a class=\"topic-chip\" href=\"https:\/\/noticiassin.com\/tag\/carceles-de-paraguay\/\">c\u00e1rceles de paraguay<\/a><a class=\"topic-chip\" href=\"https:\/\/noticiassin.com\/tag\/mecanismo-nacional-de-prevencion-de-la\/\">mecanismo nacional de prevenci\u00f3n de la<\/a><a class=\"topic-chip\" href=\"https:\/\/noticiassin.com\/tag\/ministerio-de-justicia-de-paraguay\/\">ministerio de justicia de paraguay<\/a><a class=\"topic-chip\" href=\"https:\/\/noticiassin.com\/tag\/personas-trans\/\">personas trans<\/a><a class=\"topic-chip\" href=\"https:\/\/noticiassin.com\/tag\/violencia-penitenciaria\/\">violencia penitenciaria<\/a><\/section>\n<\/div>\n","protected":false},"excerpt":{"rendered":"Asunci\u00f3n.- Unas 60 mujeres trans recluidas en c\u00e1rceles de Paraguay entre 2020&hellip;\n","protected":false},"author":1,"featured_media":66598,"comment_status":"open","ping_status":"open","sticky":false,"template":"","format":"standard","meta":{"footnotes":""},"categories":[3],"tags":[],"class_list":["post-66597","post","type-post","status-publish","format-standard","has-post-thumbnail","category-internacionales"],"_links":{"self":[{"href":"https:\/\/acronoticias.com\/index.php\/wp-json\/wp\/v2\/posts\/66597","targetHints":{"allow":["GET"]}}],"collection":[{"href":"https:\/\/acronoticias.com\/index.php\/wp-json\/wp\/v2\/posts"}],"about":[{"href":"https:\/\/acronoticias.com\/index.php\/wp-json\/wp\/v2\/types\/post"}],"author":[{"embeddable":true,"href":"https:\/\/acronoticias.com\/index.php\/wp-json\/wp\/v2\/users\/1"}],"replies":[{"embeddable":true,"href":"https:\/\/acronoticias.com\/index.php\/wp-json\/wp\/v2\/comments?post=66597"}],"version-history":[{"count":0,"href":"https:\/\/acronoticias.com\/index.php\/wp-json\/wp\/v2\/posts\/66597\/revisions"}],"wp:featuredmedia":[{"embeddable":true,"href":"https:\/\/acronoticias.com\/index.php\/wp-json\/wp\/v2\/media\/66598"}],"wp:attachment":[{"href":"https:\/\/acronoticias.com\/index.php\/wp-json\/wp\/v2\/media?parent=66597"}],"wp:term":[{"taxonomy":"category","embeddable":true,"href":"https:\/\/acronoticias.com\/index.php\/wp-json\/wp\/v2\/categories?post=66597"},{"taxonomy":"post_tag","embeddable":true,"href":"https:\/\/acronoticias.com\/index.php\/wp-json\/wp\/v2\/tags?post=66597"}],"curies":[{"name":"wp","href":"https:\/\/api.w.org\/{rel}","templated":true}]}}