{"id":66591,"date":"2026-09-01T11:13:25","date_gmt":"2026-09-01T11:13:25","guid":{"rendered":"https:\/\/acronoticias.com\/index.php\/2026\/09\/01\/sectores-de-santo-domingo-reportan-interrupciones-electricas-desde-la-tarde-del-lunes\/"},"modified":"2026-09-01T11:13:25","modified_gmt":"2026-09-01T11:13:25","slug":"sectores-de-santo-domingo-reportan-interrupciones-electricas-desde-la-tarde-del-lunes","status":"publish","type":"post","link":"https:\/\/acronoticias.com\/index.php\/2026\/09\/01\/sectores-de-santo-domingo-reportan-interrupciones-electricas-desde-la-tarde-del-lunes\/","title":{"rendered":"Sectores de Santo Domingo reportan interrupciones el\u00e9ctricas desde la tarde del lunes"},"content":{"rendered":"<div>\n<div class=\"c-detail__author full\">\n<div>\n<div class=\"c-detail__author__thumb\">\n<figure>\n                                <picture src=\"https:\/\/imagenes.hoy.com.do\/files\/image_square_xs\/uploads\/2025\/11\/10\/6911b3b5d935b.png\" data-size=\"w:40,h:40\">\n                                    <img decoding=\"async\" loading=\"lazy\" alt=\"Hoy .\" width=\"40\" height=\"40\" src=\"https:\/\/imagenes.hoy.com.do\/files\/image_square_xs\/uploads\/2025\/11\/10\/6911b3b5d935b.png\"\/>\n                                <\/picture>\n                                <\/figure>\n<\/div>\n<\/div>\n<\/div>\n<p>                                                                                            <!-- --><\/p>\n<p class=\"paragraph\">Residentes de distintos sectores del Gran Santo Domingo denunciaron interrupciones del servicio el\u00e9ctrico desde las primeras horas de la tarde y la noche del lunes,las cuales <b>se extendieron hasta las 6:40 de la ma\u00f1ana de este martes, mientras datos de Edesur Dominicana indicaban un abastecimiento de 88.82 % a las 7:00 de la noche y 17 circuitos fuera de servicio.<\/b><\/p>\n<p class=\"paragraph\">Entre los sectores cuyos residentes reportaron no disponer de energ\u00eda el\u00e9ctrica desde las 5:00 de la tarde figuran en el Naco, Los Peralejos, El Mill\u00f3n, la Zona Universitaria, Canastica, Manganagua, Hato Nuevo, Pablo Mella, Los Restauradores, el kil\u00f3metro 13 y 14 de la autopista Duarte, Pantoja, y diversos sectores de San Crist\u00f3bal, entre otros.<\/p>\n<p class=\"paragraph\">Las quejas tambi\u00e9n fueron expresadas por residentes de otros sectores comprendidos en el \u00e1rea de concesi\u00f3n de Edesur, quienes se\u00f1alaron que algunas interrupciones se registraron desde las 4:00 de la tarde del lunes y permanec\u00edan hasta las primeras horas de este martes.<\/p>\n<figure class=\"c-detail__media \"><figcaption class=\"c-detail__media__txt\">\n<p class=\"c-detail__media__subtitle\">\n<p>        <span class=\"c-detail__media__credit \">Edesur<\/span><\/p>\n<\/figcaption><\/figure>\n<p class=\"paragraph\">De acuerdo con los reportes de usuarios en las redes sociales de la empresa distribuidora, varias personas tambi\u00e9n manifestaron dificultades para comunicarse con el servicio de atenci\u00f3n al cliente para conocer las causas de las interrupciones o recibir informaci\u00f3n sobre la reposici\u00f3n del servicio.<\/p>\n<p class=\"paragraph\">Algunos usuarios indicaron que, cuando logran comunicarse con los asistentes de la empresa, reciben como respuesta que las brigadas no atienden circuitos despu\u00e9s de las 6:00 de la tarde, salvo que se trate de una emergencia.<\/p>\n<p class=\"paragraph\">Seg\u00fan las respuestas reportadas por los usuarios, entre las situaciones consideradas emergencias se encuentran incendios, postes el\u00e9ctricos quemados u otros eventos que puedan representar situaciones catastr\u00f3ficas o de peligro.<\/p>\n<p class=\"paragraph\">La situaci\u00f3n ha generado un flujo constante de comentarios y reclamos en las redes sociales de la entidad energ\u00e9tica, principalmente de personas que solicitan informaci\u00f3n sobre el tiempo estimado para la reposici\u00f3n del servicio en sus comunidades.<\/p>\n<p class=\"paragraph\">A las interrupciones del suministro se suman otras quejas de usuarios que, durante las \u00faltimas semanas, han cuestionado en las redes sociales los montos de sus facturas el\u00e9ctricas correspondientes a los meses de junio, julio y agosto.<\/p>\n<div class=\"c-detail__box \">\n<article class=\"c-detail__sumario \">\n<figure class=\"c-detail__sumario__thumb\" style=\"display: block;\">\n            <a href=\"#\" title=\"\">\n                <picture data-size=\"w:140,h:140\" loading=\"lazy\" src=\"https:\/\/imagenes.hoy.com.do\/files\/related_image\/files\/fp\/uploads\/2026\/08\/24\/6a8cf12d9aecc.r_d.693-312.jpeg\" data-full-src=\"https:\/\/imagenes.hoy.com.do\/uploads\/2026\/08\/24\/6a8cf12d9aecc.jpeg\">\n                    <img loading=\"lazy\" decoding=\"async\" width=\"140\" height=\"140\" alt=\"Ministro Joel Santos.\" src=\"https:\/\/imagenes.hoy.com.do\/uploads\/2026\/08\/24\/6a8cf12d9aecc.jpeg\"\/>\n                <\/picture>\n            <\/a><br \/>\n        <\/figure>\n<\/article>\n<\/div><\/div>\n","protected":false},"excerpt":{"rendered":"Residentes de distintos sectores del Gran Santo Domingo denunciaron interrupciones del servicio&hellip;\n","protected":false},"author":1,"featured_media":66592,"comment_status":"open","ping_status":"open","sticky":false,"template":"","format":"standard","meta":{"footnotes":""},"categories":[3],"tags":[],"class_list":["post-66591","post","type-post","status-publish","format-standard","has-post-thumbnail","category-internacionales"],"_links":{"self":[{"href":"https:\/\/acronoticias.com\/index.php\/wp-json\/wp\/v2\/posts\/66591","targetHints":{"allow":["GET"]}}],"collection":[{"href":"https:\/\/acronoticias.com\/index.php\/wp-json\/wp\/v2\/posts"}],"about":[{"href":"https:\/\/acronoticias.com\/index.php\/wp-json\/wp\/v2\/types\/post"}],"author":[{"embeddable":true,"href":"https:\/\/acronoticias.com\/index.php\/wp-json\/wp\/v2\/users\/1"}],"replies":[{"embeddable":true,"href":"https:\/\/acronoticias.com\/index.php\/wp-json\/wp\/v2\/comments?post=66591"}],"version-history":[{"count":0,"href":"https:\/\/acronoticias.com\/index.php\/wp-json\/wp\/v2\/posts\/66591\/revisions"}],"wp:featuredmedia":[{"embeddable":true,"href":"https:\/\/acronoticias.com\/index.php\/wp-json\/wp\/v2\/media\/66592"}],"wp:attachment":[{"href":"https:\/\/acronoticias.com\/index.php\/wp-json\/wp\/v2\/media?parent=66591"}],"wp:term":[{"taxonomy":"category","embeddable":true,"href":"https:\/\/acronoticias.com\/index.php\/wp-json\/wp\/v2\/categories?post=66591"},{"taxonomy":"post_tag","embeddable":true,"href":"https:\/\/acronoticias.com\/index.php\/wp-json\/wp\/v2\/tags?post=66591"}],"curies":[{"name":"wp","href":"https:\/\/api.w.org\/{rel}","templated":true}]}}