{"id":66587,"date":"2026-09-01T10:11:44","date_gmt":"2026-09-01T10:11:44","guid":{"rendered":"https:\/\/acronoticias.com\/index.php\/2026\/09\/01\/el-gobierno-y-la-prensa\/"},"modified":"2026-09-01T10:11:44","modified_gmt":"2026-09-01T10:11:44","slug":"el-gobierno-y-la-prensa","status":"publish","type":"post","link":"https:\/\/acronoticias.com\/index.php\/2026\/09\/01\/el-gobierno-y-la-prensa\/","title":{"rendered":"El Gobierno y la prensa"},"content":{"rendered":"<div>\n<p>                                                                                            <!-- --><\/p>\n<p class=\"paragraph\">Las <b>relaciones del Gobierno<\/b> con la prensa no parecen encontrarse en sus mejores momentos, y muchos periodistas perciben que los medios no est\u00e1n recibiendo el trato que merecen. La percepci\u00f3n se alimenta de se\u00f1ales que tienden a acumularse, como la insistencia de muchas entidades en una comunicaci\u00f3n unidireccional mediante notas de prensa que equivalen a piezas publicitarias, funcionarios que esquivan el contacto con los medios y actividades donde da la impresi\u00f3n de que los periodistas son recibidos, pero no bienvenidos.<\/p>\n<p class=\"paragraph\">Las relaciones de los gobiernos con los medios nunca han sido f\u00e1ciles y ser\u00eda preocupante que lo fueran demasiado. Desde sus or\u00edgenes, el periodismo ha tenido entre sus funciones fiscalizar a quienes ejercen el poder, preguntar lo que estos preferir\u00edan no responder y revelar lo que algunos quisieran que se mantenga oculto. No sorprende, entonces, que muchos gobernantes consideren la labor period\u00edstica como una piedra en el zapato. La historia de la relaci\u00f3n est\u00e1 llena de desavenencias, mediadas por reconciliaciones casi siempre ef\u00edmeras. Sin embargo, esa tensi\u00f3n natural no deber\u00eda impedir el reconocimiento del beneficio social de un intercambio basado en el respeto.<\/p>\n<p class=\"paragraph\">La <b>actual administraci\u00f3n<\/b> comenz\u00f3 con se\u00f1ales favorables y, desde sus primeras acciones, el presidente rompi\u00f3 con el mutismo que caracteriz\u00f3 otros momentos. Su disposici\u00f3n a responder preguntas y exponerse al escrutinio p\u00fablico mereci\u00f3 amplios elogios. Ojal\u00e1 que algunos desencuentros en los d\u00edas m\u00e1s recientes sean apenas episodios de malentendidos y no una tendencia. Ni la prensa necesita complacencia del poder ni el Gobierno complacencia de la prensa, pero ambos necesitan preservar los canales de comunicaci\u00f3n. La aclaraci\u00f3n sobre la naturaleza abierta de <b>LA Agenda Semanal<\/b> es una excelente se\u00f1al que se desea caminar en la direcci\u00f3n m\u00e1s conveniente. Una saludable distensi\u00f3n parece estar en camino.<\/p>\n<div class=\"c-detail__box \">\n<article class=\"c-detail__sumario \">\n<figure class=\"c-detail__sumario__thumb\" style=\"display: block;\">\n            <a href=\"#\" title=\"\">\n                <picture data-size=\"w:140,h:140\" loading=\"lazy\" src=\"https:\/\/imagenes.hoy.com.do\/files\/related_image\/files\/fp\/uploads\/2026\/08\/30\/6a94ea1040c78.r_d.1500-1500.jpeg\" data-full-src=\"https:\/\/imagenes.hoy.com.do\/uploads\/2026\/08\/30\/6a94ea1040c78.jpeg\">\n                    <img loading=\"lazy\" decoding=\"async\" width=\"140\" height=\"140\" alt=\"Editorial\" src=\"https:\/\/imagenes.hoy.com.do\/uploads\/2026\/08\/30\/6a94ea1040c78.jpeg\"\/>\n                <\/picture>\n            <\/a><br \/>\n        <\/figure>\n<\/article>\n<\/div>\n<\/div>\n","protected":false},"excerpt":{"rendered":"Las relaciones del Gobierno con la prensa no parecen encontrarse en sus&hellip;\n","protected":false},"author":1,"featured_media":66588,"comment_status":"open","ping_status":"open","sticky":false,"template":"","format":"standard","meta":{"footnotes":""},"categories":[3],"tags":[],"class_list":["post-66587","post","type-post","status-publish","format-standard","has-post-thumbnail","category-internacionales"],"_links":{"self":[{"href":"https:\/\/acronoticias.com\/index.php\/wp-json\/wp\/v2\/posts\/66587","targetHints":{"allow":["GET"]}}],"collection":[{"href":"https:\/\/acronoticias.com\/index.php\/wp-json\/wp\/v2\/posts"}],"about":[{"href":"https:\/\/acronoticias.com\/index.php\/wp-json\/wp\/v2\/types\/post"}],"author":[{"embeddable":true,"href":"https:\/\/acronoticias.com\/index.php\/wp-json\/wp\/v2\/users\/1"}],"replies":[{"embeddable":true,"href":"https:\/\/acronoticias.com\/index.php\/wp-json\/wp\/v2\/comments?post=66587"}],"version-history":[{"count":0,"href":"https:\/\/acronoticias.com\/index.php\/wp-json\/wp\/v2\/posts\/66587\/revisions"}],"wp:featuredmedia":[{"embeddable":true,"href":"https:\/\/acronoticias.com\/index.php\/wp-json\/wp\/v2\/media\/66588"}],"wp:attachment":[{"href":"https:\/\/acronoticias.com\/index.php\/wp-json\/wp\/v2\/media?parent=66587"}],"wp:term":[{"taxonomy":"category","embeddable":true,"href":"https:\/\/acronoticias.com\/index.php\/wp-json\/wp\/v2\/categories?post=66587"},{"taxonomy":"post_tag","embeddable":true,"href":"https:\/\/acronoticias.com\/index.php\/wp-json\/wp\/v2\/tags?post=66587"}],"curies":[{"name":"wp","href":"https:\/\/api.w.org\/{rel}","templated":true}]}}