{"id":66582,"date":"2026-09-01T08:09:38","date_gmt":"2026-09-01T08:09:38","guid":{"rendered":"https:\/\/acronoticias.com\/index.php\/2026\/09\/01\/wembanyama-lamenta-no-poder-acompanar-a-francia-en-las-proximas-ventanas-fiba\/"},"modified":"2026-09-01T08:09:38","modified_gmt":"2026-09-01T08:09:38","slug":"wembanyama-lamenta-no-poder-acompanar-a-francia-en-las-proximas-ventanas-fiba","status":"publish","type":"post","link":"https:\/\/acronoticias.com\/index.php\/2026\/09\/01\/wembanyama-lamenta-no-poder-acompanar-a-francia-en-las-proximas-ventanas-fiba\/","title":{"rendered":"Wembanyama lamenta no poder acompa\u00f1ar a Francia en las pr\u00f3ximas ventanas FIBA"},"content":{"rendered":"<p><img decoding=\"async\" width=\"355\" height=\"200\" src=\"https:\/\/nuevodiario-assets.s3.us-east-2.amazonaws.com\/wp-content\/uploads\/2026\/06\/14f21d333c57f9dd71e817b61b8a6565-355x200.webp\" class=\"webfeedsFeaturedVisual wp-post-image\" alt=\"\" style=\"display: block;margin-bottom: 5px;clear:both;max-width: 100%\" loading=\"lazy\" \/><\/p>\n<p><strong>EL NUEVO DIARIO, SANTO DOMINGO.<\/strong>\u2013 El franc\u00e9s Victor Wembanyama expres\u00f3 su frustraci\u00f3n por no poder acompa\u00f1ar a la selecci\u00f3n de Francia en los pr\u00f3ximos partidos de las eliminatorias para el Mundial de Baloncesto de 2027, debido a que los encuentros coincidir\u00e1n con el calendario de la NBA.<\/p>\n<p>El p\u00edvot de los San Antonio Spurs particip\u00f3 con Francia durante las recientes ventanas FIBA de agosto, donde pudo reencontrarse con varios de sus compa\u00f1eros de selecci\u00f3n.<\/p>\n<p>Sin embargo, Wembanyama reconoci\u00f3 que le resulta dif\u00edcil aceptar que no podr\u00e1 estar con el equipo en los pr\u00f3ximos compromisos clasificatorios, previstos para finales de noviembre.<\/p>\n<p>\u201cEs muy frustrante. No esperaba que fuera a serlo tanto, pero estar de nuevo con estos compa\u00f1eros a los que conozco desde hace tanto tiempo ha sido una grand\u00edsima sensaci\u00f3n. Ahora va a ser muy raro no estar con ellos\u201d, declar\u00f3 a <em>L\u2019\u00c9quipe<\/em>.<\/p>\n<p>Pese a su pesar por la situaci\u00f3n, el jugador tambi\u00e9n manifest\u00f3 su entusiasmo por regresar a San Antonio y prepararse para una nueva temporada de la NBA.<\/p>\n<p>\u201cEso no cambia el hecho de que estoy ilusionado por volver a San Antonio. No hay mejor lugar para trabajar\u201d, afirm\u00f3.<\/p>\n<p>Durante la ventana de agosto, Francia consigui\u00f3 victorias ante Eslovenia y Polonia, con Wembanyama promediando <strong>20 puntos, 8.5 rebotes y dos tapones<\/strong> en esos encuentros.<\/p>\n<p>El conjunto franc\u00e9s qued\u00f3 cerca de asegurar su clasificaci\u00f3n al Mundial de 2027, por lo que afrontar\u00e1 las pr\u00f3ximas ventanas con la posibilidad de avanzar sin contar con sus jugadores de la NBA.<\/p>\n<p>La situaci\u00f3n vuelve a poner sobre la mesa el conflicto entre el calendario de la NBA y las ventanas internacionales de FIBA, debido a que los partidos clasificatorios se disputan durante la temporada regular estadounidense, lo que limita la disponibilidad de las principales figuras de la liga.<\/p>\n<p>La entrada <a href=\"https:\/\/elnuevodiario.com.do\/wembanyama-lamenta-no-poder-acompanar-a-francia-en-las-proximas-ventanas-fiba\/\">Wembanyama lamenta no poder acompa\u00f1ar a Francia en las pr\u00f3ximas ventanas FIBA<\/a> se public\u00f3 primero en <a href=\"https:\/\/elnuevodiario.com.do\">El Nuevo Diario (Rep\u00fablica Dominicana)<\/a>.<\/p>\n","protected":false},"excerpt":{"rendered":"EL NUEVO DIARIO, SANTO DOMINGO.\u2013 El franc\u00e9s Victor Wembanyama expres\u00f3 su frustraci\u00f3n&hellip;\n","protected":false},"author":1,"featured_media":63759,"comment_status":"open","ping_status":"open","sticky":false,"template":"","format":"standard","meta":{"footnotes":""},"categories":[2],"tags":[],"class_list":["post-66582","post","type-post","status-publish","format-standard","has-post-thumbnail","category-deporte"],"_links":{"self":[{"href":"https:\/\/acronoticias.com\/index.php\/wp-json\/wp\/v2\/posts\/66582","targetHints":{"allow":["GET"]}}],"collection":[{"href":"https:\/\/acronoticias.com\/index.php\/wp-json\/wp\/v2\/posts"}],"about":[{"href":"https:\/\/acronoticias.com\/index.php\/wp-json\/wp\/v2\/types\/post"}],"author":[{"embeddable":true,"href":"https:\/\/acronoticias.com\/index.php\/wp-json\/wp\/v2\/users\/1"}],"replies":[{"embeddable":true,"href":"https:\/\/acronoticias.com\/index.php\/wp-json\/wp\/v2\/comments?post=66582"}],"version-history":[{"count":0,"href":"https:\/\/acronoticias.com\/index.php\/wp-json\/wp\/v2\/posts\/66582\/revisions"}],"wp:featuredmedia":[{"embeddable":true,"href":"https:\/\/acronoticias.com\/index.php\/wp-json\/wp\/v2\/media\/63759"}],"wp:attachment":[{"href":"https:\/\/acronoticias.com\/index.php\/wp-json\/wp\/v2\/media?parent=66582"}],"wp:term":[{"taxonomy":"category","embeddable":true,"href":"https:\/\/acronoticias.com\/index.php\/wp-json\/wp\/v2\/categories?post=66582"},{"taxonomy":"post_tag","embeddable":true,"href":"https:\/\/acronoticias.com\/index.php\/wp-json\/wp\/v2\/tags?post=66582"}],"curies":[{"name":"wp","href":"https:\/\/api.w.org\/{rel}","templated":true}]}}