{"id":66576,"date":"2026-09-01T07:19:39","date_gmt":"2026-09-01T07:19:39","guid":{"rendered":"https:\/\/acronoticias.com\/index.php\/2026\/09\/01\/prision-preventiva-a-hombre-acusado-de-agredir-sexualmente-a-cuatro-ninos-en-barahona\/"},"modified":"2026-09-01T07:19:39","modified_gmt":"2026-09-01T07:19:39","slug":"prision-preventiva-a-hombre-acusado-de-agredir-sexualmente-a-cuatro-ninos-en-barahona","status":"publish","type":"post","link":"https:\/\/acronoticias.com\/index.php\/2026\/09\/01\/prision-preventiva-a-hombre-acusado-de-agredir-sexualmente-a-cuatro-ninos-en-barahona\/","title":{"rendered":"Prisi\u00f3n preventiva a hombre acusado de agredir sexualmente a cuatro ni\u00f1os en Barahona"},"content":{"rendered":"<div data-td-block-uid=\"tdi_100\">\n<div class=\"tdb-block-inner td-fix-index\">\n<p class=\"wp-block-paragraph\">SANTO DOMINGO.- La Oficina Judicial de Servicios de Atenci\u00f3n Permanente de Barahona impuso tres meses de prisi\u00f3n preventiva contra Ram\u00f3n Conton (Mancebo), acusado de agredir sexualmente a cuatro menores de edad en el municipio cabecera.<\/p>\n<p class=\"wp-block-paragraph\">La medida de coerci\u00f3n, dictada por la jueza Mar\u00eda Consuelo Valenzuela, deber\u00e1 ser cumplida en la c\u00e1rcel p\u00fablica de Barahona.<\/p>\n<p class=\"wp-block-paragraph\">Las investigaciones encabezadas por la fiscal Vilmania P\u00e9rez establecieron que las agresiones ocurrieron de manera reiterada en la vivienda de las v\u00edctimas \u2014tres ni\u00f1as y un ni\u00f1o de 12, 11, 8 y 6 a\u00f1os\u2014, donde el imputado aprovechaba los momentos en que se encontraban solos para realizarles tocamientos indebidos.<\/p>\n<p class=\"wp-block-paragraph\">El caso sali\u00f3 a la luz tras una denuncia an\u00f3nima recibida en mayo a trav\u00e9s de la L\u00ednea Vida (809-200-1202). Tras levantar las evidencias y corroborar los hechos, las autoridades arrestaron a Conton el pasado 7 de agosto mediante la orden judicial No. 2026-0262899.<\/p>\n<p class=\"wp-block-paragraph\">Durante la audiencia, el fiscal litigante Johedis Medina sustent\u00f3 la acusaci\u00f3n por violaci\u00f3n a varios art\u00edculos del C\u00f3digo Penal Dominicano y al art\u00edculo 396 (letra c) de la Ley 136-03 sobre el C\u00f3digo para la Protecci\u00f3n y los Derechos Fundamentales de los Ni\u00f1os, Ni\u00f1as y Adolescentes.<\/p>\n<\/div>\n<\/div>\n","protected":false},"excerpt":{"rendered":"SANTO DOMINGO.- La Oficina Judicial de Servicios de Atenci\u00f3n Permanente de Barahona&hellip;\n","protected":false},"author":1,"featured_media":66577,"comment_status":"open","ping_status":"open","sticky":false,"template":"","format":"standard","meta":{"footnotes":""},"categories":[1],"tags":[],"class_list":["post-66576","post","type-post","status-publish","format-standard","has-post-thumbnail","category-nacionales"],"_links":{"self":[{"href":"https:\/\/acronoticias.com\/index.php\/wp-json\/wp\/v2\/posts\/66576","targetHints":{"allow":["GET"]}}],"collection":[{"href":"https:\/\/acronoticias.com\/index.php\/wp-json\/wp\/v2\/posts"}],"about":[{"href":"https:\/\/acronoticias.com\/index.php\/wp-json\/wp\/v2\/types\/post"}],"author":[{"embeddable":true,"href":"https:\/\/acronoticias.com\/index.php\/wp-json\/wp\/v2\/users\/1"}],"replies":[{"embeddable":true,"href":"https:\/\/acronoticias.com\/index.php\/wp-json\/wp\/v2\/comments?post=66576"}],"version-history":[{"count":0,"href":"https:\/\/acronoticias.com\/index.php\/wp-json\/wp\/v2\/posts\/66576\/revisions"}],"wp:featuredmedia":[{"embeddable":true,"href":"https:\/\/acronoticias.com\/index.php\/wp-json\/wp\/v2\/media\/66577"}],"wp:attachment":[{"href":"https:\/\/acronoticias.com\/index.php\/wp-json\/wp\/v2\/media?parent=66576"}],"wp:term":[{"taxonomy":"category","embeddable":true,"href":"https:\/\/acronoticias.com\/index.php\/wp-json\/wp\/v2\/categories?post=66576"},{"taxonomy":"post_tag","embeddable":true,"href":"https:\/\/acronoticias.com\/index.php\/wp-json\/wp\/v2\/tags?post=66576"}],"curies":[{"name":"wp","href":"https:\/\/api.w.org\/{rel}","templated":true}]}}