{"id":66572,"date":"2026-09-01T07:07:39","date_gmt":"2026-09-01T07:07:39","guid":{"rendered":"https:\/\/acronoticias.com\/index.php\/2026\/09\/01\/que-se-haga-el-debate\/"},"modified":"2026-09-01T07:07:39","modified_gmt":"2026-09-01T07:07:39","slug":"que-se-haga-el-debate","status":"publish","type":"post","link":"https:\/\/acronoticias.com\/index.php\/2026\/09\/01\/que-se-haga-el-debate\/","title":{"rendered":"\u00a1Que se haga el debate!"},"content":{"rendered":"<div>\n<p>                                                                                            <!-- --><\/p>\n<p class=\"paragraph\">Aunque todav\u00eda falta mucho para las <b>elecciones de 2028<\/b>, la carrera presidencial hace rato comenz\u00f3. Ah\u00ed est\u00e1n quienes aspiran: recorriendo el pa\u00eds, juramentando equipos, concediendo entrevistas, midiendo fuerzas y, por supuesto, pendientes de las encuestas.<\/p>\n<p class=\"paragraph\">De algunas figuras sabemos incluso cu\u00e1nto marcan. Lo que no necesariamente sabemos es qu\u00e9 har\u00edan con el pa\u00eds si llegaran a gobernarlo.<\/p>\n<p class=\"paragraph\">Por eso me pareci\u00f3 interesante la iniciativa <b>RD Debate 2026<\/b>, impulsada por el Consejo de Desarrollo Econ\u00f3mico y Social de Santo Domingo (CODESSD), que el domingo antepasado sent\u00f3 en una misma mesa a cuatro aspirantes presidenciales del Partido de la Liberaci\u00f3n Dominicana: <b>Francisco Javier Garc\u00eda, Francisco Dom\u00ednguez Brito, Luis de Le\u00f3n y Manfred Mata.<\/b><\/p>\n<p class=\"paragraph\">La propuesta contempla once entregas hasta noviembre e incluir\u00e1 otras figuras pol\u00edticas y algunos de los principales temas nacionales.<\/p>\n<p class=\"paragraph\">Ojal\u00e1 se haga. Y ojal\u00e1 participen todos y todas.<\/p>\n<p class=\"paragraph\">Porque si algo necesitamos de cara a 2028 es discutir menos sobre qui\u00e9n gana y mucho m\u00e1s sobre qu\u00e9 propone cada candidatura para gobernar.<\/p>\n<p class=\"paragraph\">Las encuestas nos dicen qui\u00e9n est\u00e1 arriba, qui\u00e9n baja, qui\u00e9n crece y qui\u00e9n no arranca. Pero ninguna nos dice qui\u00e9n tiene la mejor propuesta para enfrentar problemas como el sistema el\u00e9ctrico, la seguridad social, la delincuencia, el tr\u00e1nsito, la educaci\u00f3n, el agua o la reforma fiscal que nadie quiere mencionar demasiado.<\/p>\n<p class=\"paragraph\"><b>Sobre eso quiero escuchar a quienes pretenden gobernarnos.<\/b><\/p>\n<p class=\"paragraph\">Y no solamente en entrevistas o discursos, porque hay una enorme diferencia entre hablar sin contradicci\u00f3n y debatir.<\/p>\n<p class=\"paragraph\">En un acto pol\u00edtico nadie contradice al candidato a candidata. Nadie le dice que sus n\u00fameros no cuadran ni le pregunta de d\u00f3nde saldr\u00e1 el dinero para cumplir lo que acaba de prometer.<\/p>\n<p class=\"paragraph\">En un buen debate eso no deber\u00eda ser posible.<\/p>\n<p class=\"paragraph\">Ah\u00ed est\u00e1 su verdadero valor: sacar a quienes hacen pol\u00edtica del discurso aprendido, confrontar sus ideas y permitirnos sacar nuestras propias conclusiones.<\/p>\n<p class=\"paragraph\">En 2024 Rep\u00fablica Dominicana dio un paso importante cuando <b>Luis Abinader<\/b> se convirti\u00f3 en el primer presidente en ejercicio en participar en un debate presidencial, organizado por la Asociaci\u00f3n Nacional de J\u00f3venes Empresarios (ANJE), junto a Leonel Fern\u00e1ndez y Abel Mart\u00ednez.<\/p>\n<p class=\"paragraph\">Ser\u00eda una pena que ese precedente se quedara como una an\u00e9cdota de aquella campa\u00f1a.<\/p>\n<p class=\"paragraph\">No s\u00e9 si necesitamos una ley que obligue a debatir. Probablemente no. Pero s\u00ed deber\u00edamos llegar al punto en que quien aspire a la Presidencia tenga que explicar por qu\u00e9 no quiere hacerlo.<\/p>\n<p class=\"paragraph\">Porque si usted quiere administrar el presupuesto nacional, dirigir la pol\u00edtica exterior, comandar las Fuerzas Armadas, designar funcionarios y funcionarias y tomar decisiones que afectar\u00e1n la vida de millones de personas, \u00bfpor qu\u00e9 no estar\u00eda dispuesto a sentarse frente a quienes tambi\u00e9n quieren el puesto y defender sus ideas?<\/p>\n<p class=\"paragraph\"><b>Yo quiero ver eso.<\/b><\/p>\n<p class=\"paragraph\">Quiero saber qu\u00e9 propone cada candidatura y c\u00f3mo responde cuando cuestionan su propuesta. Si conoce los n\u00fameros. Si entiende los problemas. Si sabe cu\u00e1nto cuesta lo que promete. Y, sobre todo, si tiene algo m\u00e1s que una buena estrategia electoral para ofrecerle al pa\u00eds.<\/p>\n<p class=\"paragraph\">Claro, tampoco se trata de colocar varios atriles y llamarle debate. Necesitamos buena moderaci\u00f3n, preguntas inc\u00f3modas, posibilidad de repreguntar, derecho a r\u00e9plica y datos que puedan comprobarse.<\/p>\n<p class=\"paragraph\">Y aqu\u00ed quienes ejercemos el periodismo tenemos tambi\u00e9n una responsabilidad.<\/p>\n<p class=\"paragraph\">Un debate debe servir para algo mucho m\u00e1s importante que producir la frase m\u00e1s viral de la noche: ayudar a la ciudadan\u00eda a decidir.<\/p>\n<p class=\"paragraph\">Por eso celebro la iniciativa del CODESSD, como celebrar\u00eda cualquier otra que vaya en esa direcci\u00f3n.<\/p>\n<p class=\"paragraph\">Y ojal\u00e1 quienes aspiran acepten. Todos y todas.<\/p>\n<p class=\"paragraph\">Porque para 2028 tendremos tiempo de sobra para caravanas, banderas, jingles, vallas, TikToks y encuestas.<\/p>\n<p class=\"paragraph\">Lo que no deber\u00edamos permitirnos es llegar nuevamente a unas elecciones sabiendo qui\u00e9n tiene m\u00e1s posibilidades de ganar, pero sin tener suficientemente claro qu\u00e9 piensa hacer si gana.<\/p>\n<p class=\"paragraph\">As\u00ed que a quienes quieren ocupar la Presidencia yo les har\u00eda desde ahora una pregunta:<\/p>\n<p class=\"paragraph\">\u00bfEst\u00e1n dispuestos a debatir?<\/p>\n<p class=\"paragraph\">Si la respuesta es s\u00ed, que vayan.<\/p>\n<p class=\"paragraph\">\u00a1Y que se haga el debate!<\/p>\n<div class=\"c-detail__box \">\n<article class=\"c-detail__sumario \">\n<figure class=\"c-detail__sumario__thumb\" style=\"display: block;\">\n            <a href=\"#\" title=\"\">\n                <picture data-size=\"w:140,h:140\" loading=\"lazy\" src=\"https:\/\/imagenes.hoy.com.do\/files\/related_image\/files\/fp\/uploads\/2026\/08\/17\/6a83aa896ac65.r_d.264-144.jpeg\" data-full-src=\"https:\/\/imagenes.hoy.com.do\/uploads\/2026\/08\/17\/6a83aa896ac65.jpeg\">\n                    <img loading=\"lazy\" decoding=\"async\" width=\"140\" height=\"140\" alt=\"Retrato\" src=\"https:\/\/imagenes.hoy.com.do\/uploads\/2026\/08\/17\/6a83aa896ac65.jpeg\"\/>\n                <\/picture>\n            <\/a><br \/>\n        <\/figure>\n<\/article>\n<\/div>\n<\/div>\n","protected":false},"excerpt":{"rendered":"Aunque todav\u00eda falta mucho para las elecciones de 2028, la carrera presidencial&hellip;\n","protected":false},"author":1,"featured_media":66573,"comment_status":"open","ping_status":"open","sticky":false,"template":"","format":"standard","meta":{"footnotes":""},"categories":[3],"tags":[],"class_list":["post-66572","post","type-post","status-publish","format-standard","has-post-thumbnail","category-internacionales"],"_links":{"self":[{"href":"https:\/\/acronoticias.com\/index.php\/wp-json\/wp\/v2\/posts\/66572","targetHints":{"allow":["GET"]}}],"collection":[{"href":"https:\/\/acronoticias.com\/index.php\/wp-json\/wp\/v2\/posts"}],"about":[{"href":"https:\/\/acronoticias.com\/index.php\/wp-json\/wp\/v2\/types\/post"}],"author":[{"embeddable":true,"href":"https:\/\/acronoticias.com\/index.php\/wp-json\/wp\/v2\/users\/1"}],"replies":[{"embeddable":true,"href":"https:\/\/acronoticias.com\/index.php\/wp-json\/wp\/v2\/comments?post=66572"}],"version-history":[{"count":0,"href":"https:\/\/acronoticias.com\/index.php\/wp-json\/wp\/v2\/posts\/66572\/revisions"}],"wp:featuredmedia":[{"embeddable":true,"href":"https:\/\/acronoticias.com\/index.php\/wp-json\/wp\/v2\/media\/66573"}],"wp:attachment":[{"href":"https:\/\/acronoticias.com\/index.php\/wp-json\/wp\/v2\/media?parent=66572"}],"wp:term":[{"taxonomy":"category","embeddable":true,"href":"https:\/\/acronoticias.com\/index.php\/wp-json\/wp\/v2\/categories?post=66572"},{"taxonomy":"post_tag","embeddable":true,"href":"https:\/\/acronoticias.com\/index.php\/wp-json\/wp\/v2\/tags?post=66572"}],"curies":[{"name":"wp","href":"https:\/\/api.w.org\/{rel}","templated":true}]}}