{"id":66571,"date":"2026-09-01T07:03:39","date_gmt":"2026-09-01T07:03:39","guid":{"rendered":"https:\/\/acronoticias.com\/index.php\/2026\/09\/01\/gobierno-duplicara-red-de-transporte-masivo-al-entregar-38-kilometros-adicionales-de-metro-y-teleferico\/"},"modified":"2026-09-01T07:03:39","modified_gmt":"2026-09-01T07:03:39","slug":"gobierno-duplicara-red-de-transporte-masivo-al-entregar-38-kilometros-adicionales-de-metro-y-teleferico","status":"publish","type":"post","link":"https:\/\/acronoticias.com\/index.php\/2026\/09\/01\/gobierno-duplicara-red-de-transporte-masivo-al-entregar-38-kilometros-adicionales-de-metro-y-teleferico\/","title":{"rendered":"Gobierno duplicar\u00e1 red de transporte masivo al entregar 38 kil\u00f3metros adicionales de Metro y Telef\u00e9rico"},"content":{"rendered":"<div data-td-block-uid=\"tdi_100\">\n<div class=\"tdb-block-inner td-fix-index\">\n<p class=\"wp-block-paragraph\"><strong>Santo Domingo.<\/strong> \u2014 Un balance t\u00e9cnico presentado por el ingeniero Jhael Isa Tav\u00e1rez revel\u00f3 que la Oficina Para el Reordenamiento del Transporte (Opret) y el Fideicomiso para el Desarrollo del Sistema de Transporte Masivo de la Rep\u00fablica Dominicana (Fitram) ejecutan obras estrat\u00e9gicas que duplicar\u00e1n la infraestructura de transporte integrado en el pa\u00eds.<\/p>\n<p class=\"wp-block-paragraph\">De acuerdo con Isa Tav\u00e1rez, la actual gesti\u00f3n gubernamental recibi\u00f3 una red heredada de 35 kil\u00f3metros de sistemas por cable y trenes urbanos. Con la finalizaci\u00f3n de los proyectos en desarrollo, se sumar\u00e1n 38 kil\u00f3metros adicionales totalmente operativos, fijando la red nacional en un gran total de 73 kil\u00f3metros de transporte masivo.<\/p>\n<p class=\"wp-block-paragraph\">El plan de expansi\u00f3n abarca las extensiones estrat\u00e9gicas de las l\u00edneas del Metro de Santo Domingo, la incorporaci\u00f3n de nuevas rutas del Telef\u00e9rico y el desarrollo de megaproyectos de transporte interurbano. Estas obras buscan retirar miles de veh\u00edculos privados de las v\u00edas durante las horas de mayor congesti\u00f3n.<\/p>\n<p class=\"wp-block-paragraph\">Desde el Poder Ejecutivo se contempla que esta ampliaci\u00f3n consolide un ecosistema vial integrado, eficiente y accesible, orientado a mejorar la movilidad urbana y reducir los costos de desplazamiento diarios para la poblaci\u00f3n trabajadora.<\/p>\n<\/div>\n<\/div>\n","protected":false},"excerpt":{"rendered":"Santo Domingo. \u2014 Un balance t\u00e9cnico presentado por el ingeniero Jhael Isa&hellip;\n","protected":false},"author":1,"featured_media":53149,"comment_status":"open","ping_status":"open","sticky":false,"template":"","format":"standard","meta":{"footnotes":""},"categories":[1],"tags":[],"class_list":["post-66571","post","type-post","status-publish","format-standard","has-post-thumbnail","category-nacionales"],"_links":{"self":[{"href":"https:\/\/acronoticias.com\/index.php\/wp-json\/wp\/v2\/posts\/66571","targetHints":{"allow":["GET"]}}],"collection":[{"href":"https:\/\/acronoticias.com\/index.php\/wp-json\/wp\/v2\/posts"}],"about":[{"href":"https:\/\/acronoticias.com\/index.php\/wp-json\/wp\/v2\/types\/post"}],"author":[{"embeddable":true,"href":"https:\/\/acronoticias.com\/index.php\/wp-json\/wp\/v2\/users\/1"}],"replies":[{"embeddable":true,"href":"https:\/\/acronoticias.com\/index.php\/wp-json\/wp\/v2\/comments?post=66571"}],"version-history":[{"count":0,"href":"https:\/\/acronoticias.com\/index.php\/wp-json\/wp\/v2\/posts\/66571\/revisions"}],"wp:featuredmedia":[{"embeddable":true,"href":"https:\/\/acronoticias.com\/index.php\/wp-json\/wp\/v2\/media\/53149"}],"wp:attachment":[{"href":"https:\/\/acronoticias.com\/index.php\/wp-json\/wp\/v2\/media?parent=66571"}],"wp:term":[{"taxonomy":"category","embeddable":true,"href":"https:\/\/acronoticias.com\/index.php\/wp-json\/wp\/v2\/categories?post=66571"},{"taxonomy":"post_tag","embeddable":true,"href":"https:\/\/acronoticias.com\/index.php\/wp-json\/wp\/v2\/tags?post=66571"}],"curies":[{"name":"wp","href":"https:\/\/api.w.org\/{rel}","templated":true}]}}