{"id":66562,"date":"2026-09-01T06:06:35","date_gmt":"2026-09-01T06:06:35","guid":{"rendered":"https:\/\/acronoticias.com\/index.php\/2026\/09\/01\/momento-crucial-del-cnm\/"},"modified":"2026-09-01T06:06:35","modified_gmt":"2026-09-01T06:06:35","slug":"momento-crucial-del-cnm","status":"publish","type":"post","link":"https:\/\/acronoticias.com\/index.php\/2026\/09\/01\/momento-crucial-del-cnm\/","title":{"rendered":"Momento crucial del CNM"},"content":{"rendered":"<div>\n<p>                                                                                            <!-- --><\/p>\n<p class=\"paragraph\">La crisis desatada dentro del poder judicial debido a la renuencia de cuatro magistrados de la Suprema Corte de Justicia a someterse a las evaluaciones legales del <b>Consejo Nacional de la Magistratura (CNM)<\/b> de este a\u00f1o, sit\u00faa al \u00f3rgano constitucional elector de las altas cortes en un momento crucial, sin precedentes desde que fue creado mediante la reforma de 1994, aquella que zanj\u00f3 las consecuencias pol\u00edticas graves del fraude electoral cometido por Balaguer contra Pe\u00f1a G\u00f3mez.<\/p>\n<p class=\"paragraph\">El motivo hist\u00f3rico para la creaci\u00f3n del CNM, formalizada junto a otras decisiones en el <b>Pacto por la Democracia<\/b> rubricado entre el caudillo reformista y el l\u00edder dem\u00f3crata, consist\u00eda en quitarle al Senado la facultad exclusiva de elegir a los jueces con el fin de despolitizar y dar mayor independencia al Poder Judicial.<\/p>\n<p class=\"paragraph\">Sin embargo, al margen de los resultados positivos alcanzados por el CNM a partir de su lanzamiento en 1997, la antigua misi\u00f3n electiva de jueces a cargo de 30 o m\u00e1s senadores, qued\u00f3 sometida al consenso de ocho personas, cinco de los cuales son pol\u00edticos junto a tres magistrados, quienes escoger\u00e1n ahora al futuro presidente de la SCJ en reemplazo del renunciante<b> Luis Henry Molina<\/b>; a la primera sustituci\u00f3n de la presidencia y juez de la Tercera Sala que ocupaba Herrera Carbuccia; tambi\u00e9n a la segunda sustituci\u00f3n del presidente que desempe\u00f1aba Nancy Salcedo y un asiento clave, que ocupaba la renunciante Mar\u00eda Garabito en la Segunda Sala Penal.<\/p>\n<p class=\"paragraph\">Y aunque constitucionalmente la clase pol\u00edtica no dirige al Poder Judicial en nuestro pa\u00eds, en virtud de que la Ley Fundamental establece la autonom\u00eda funcional, administrativa y presupuestaria de la Justicia, la selecci\u00f3n de los nuevos jueces es responsabilidad del Partido Revolucionario Moderno (PRM), representados por el presidente <b>Luis Abinader<\/b> y los presidentes de las c\u00e1maras del Senado y de Diputados y de la Fuerza del Pueblo, representada en dos legisladores,  junto a tres magistrados (dos de la SCJ y el presidente del Tribunal Constitucional). Hay cuatro vacantes inmediatas en la m\u00e1xima estructura del Poder Judicial que deben ser llenadas.<\/p>\n<p class=\"paragraph\">Esta ser\u00e1 la elecci\u00f3n m\u00e1s dif\u00edcil del CNM y particularmente para el presidente Abinader, quien culminar\u00e1 su mandato en el 2028. Los seleccionados permanecer\u00e1n en sus cargos hasta el a\u00f1o 2033, lo que significa que agotar\u00e1n dos a\u00f1os del actual periodo, cuatro a\u00f1os del mandatario electo en el 2028 y el primer a\u00f1o del gobernante elegido en el 2032. Se trata de una elecci\u00f3n profunda, cuya escogencia determinar\u00e1 el futuro de la justicia dominicana a largo plazo.<\/p>\n<p class=\"paragraph\">Aqu\u00ed lo importante consiste en c\u00f3mo conciliar los intereses pol\u00edticos del oficialismo, la oposici\u00f3n y de los tres miembros de la justicia, dos de los cuales declinaron las evaluaciones, pues las elecciones de los jueces de las altas cortes se aprueban con el voto favorable de, al menos, cinco de los miembros presentes, que pueden ser \u00fanicamente de los cinco pol\u00edticos, con el resultado de una combinaci\u00f3n de los tres del PRM y un par de magistrados, por un lado, o los dos del FP apoyado por los tres magistrados.<\/p>\n<p class=\"paragraph\">Esto \u00faltimo significa que los representantes de Leonel Fern\u00e1ndez pueden lograr el apoyo de dos o los tres juristas del Consejo y est\u00e1n en capacidad de imponerle a Abinader y al PRM algunos jueces, incluyendo al titular. Hay que ver hacia qu\u00e9 lado se inclinar\u00edan los magistrados renunciantes que pudieran favorecer a antiguos colegas o subalternos.<\/p>\n<p class=\"paragraph\">Opino, finalmente, que Abinader prefiere dejar en la SCJ unos cuantos magistrados que pudieran defender su caudal hist\u00f3rico.\u00a0\u00a0<\/p>\n<div class=\"c-detail__box \">\n<article class=\"c-detail__sumario \">\n<figure class=\"c-detail__sumario__thumb\" style=\"display: block;\">\n            <a href=\"#\" title=\"\">\n                <picture data-size=\"w:140,h:140\" loading=\"lazy\" src=\"https:\/\/imagenes.hoy.com.do\/files\/related_image\/files\/fp\/uploads\/2026\/08\/23\/6a8b3bc056afc.r_d.1028-452.jpeg\" data-full-src=\"https:\/\/imagenes.hoy.com.do\/uploads\/2026\/08\/23\/6a8b3bc056afc.jpeg\">\n                    <img loading=\"lazy\" decoding=\"async\" width=\"140\" height=\"140\" alt=\"Luego de LA Semanal con la Prensa, ahora el presidente Luis Abinader vuelve con un nuevo espacio.\" src=\"https:\/\/imagenes.hoy.com.do\/uploads\/2026\/08\/23\/6a8b3bc056afc.jpeg\"\/>\n                <\/picture>\n            <\/a><br \/>\n        <\/figure>\n<\/article>\n<\/div>\n<\/div>\n","protected":false},"excerpt":{"rendered":"La crisis desatada dentro del poder judicial debido a la renuencia de&hellip;\n","protected":false},"author":1,"featured_media":66125,"comment_status":"open","ping_status":"open","sticky":false,"template":"","format":"standard","meta":{"footnotes":""},"categories":[3],"tags":[],"class_list":["post-66562","post","type-post","status-publish","format-standard","has-post-thumbnail","category-internacionales"],"_links":{"self":[{"href":"https:\/\/acronoticias.com\/index.php\/wp-json\/wp\/v2\/posts\/66562","targetHints":{"allow":["GET"]}}],"collection":[{"href":"https:\/\/acronoticias.com\/index.php\/wp-json\/wp\/v2\/posts"}],"about":[{"href":"https:\/\/acronoticias.com\/index.php\/wp-json\/wp\/v2\/types\/post"}],"author":[{"embeddable":true,"href":"https:\/\/acronoticias.com\/index.php\/wp-json\/wp\/v2\/users\/1"}],"replies":[{"embeddable":true,"href":"https:\/\/acronoticias.com\/index.php\/wp-json\/wp\/v2\/comments?post=66562"}],"version-history":[{"count":0,"href":"https:\/\/acronoticias.com\/index.php\/wp-json\/wp\/v2\/posts\/66562\/revisions"}],"wp:featuredmedia":[{"embeddable":true,"href":"https:\/\/acronoticias.com\/index.php\/wp-json\/wp\/v2\/media\/66125"}],"wp:attachment":[{"href":"https:\/\/acronoticias.com\/index.php\/wp-json\/wp\/v2\/media?parent=66562"}],"wp:term":[{"taxonomy":"category","embeddable":true,"href":"https:\/\/acronoticias.com\/index.php\/wp-json\/wp\/v2\/categories?post=66562"},{"taxonomy":"post_tag","embeddable":true,"href":"https:\/\/acronoticias.com\/index.php\/wp-json\/wp\/v2\/tags?post=66562"}],"curies":[{"name":"wp","href":"https:\/\/api.w.org\/{rel}","templated":true}]}}