{"id":66558,"date":"2026-09-01T05:43:38","date_gmt":"2026-09-01T05:43:38","guid":{"rendered":"https:\/\/acronoticias.com\/index.php\/2026\/09\/01\/abinader-designa-a-victor-cedeno-brea-como-nuevo-superintendente-de-bancos\/"},"modified":"2026-09-01T05:43:38","modified_gmt":"2026-09-01T05:43:38","slug":"abinader-designa-a-victor-cedeno-brea-como-nuevo-superintendente-de-bancos","status":"publish","type":"post","link":"https:\/\/acronoticias.com\/index.php\/2026\/09\/01\/abinader-designa-a-victor-cedeno-brea-como-nuevo-superintendente-de-bancos\/","title":{"rendered":"Abinader designa a V\u00edctor Cede\u00f1o Brea como nuevo superintendente de Bancos"},"content":{"rendered":"<div data-td-block-uid=\"tdi_100\">\n<div class=\"tdb-block-inner td-fix-index\">\n<p class=\"wp-block-paragraph\"><strong>Santo Domingo.<\/strong> \u2014 El presidente de la Rep\u00fablica, Luis Abinader, nombr\u00f3 este lunes a V\u00edctor Livio Emmanuel Cede\u00f1o Brea como el nuevo superintendente de Bancos de la Rep\u00fablica Dominicana, mediante la promulgaci\u00f3n del Decreto n\u00famero 606-26.<\/p>\n<p class=\"wp-block-paragraph\">Cede\u00f1o Brea asumir\u00e1 la titularidad del \u00f3rgano regulador del sistema financiero nacional en sustituci\u00f3n de Alejandro Fern\u00e1ndez Whipple, quien desempe\u00f1aba el cargo tras haber sido ratificado en agosto de 2024.<\/p>\n<p class=\"wp-block-paragraph\">La disposici\u00f3n del Poder Ejecutivo se ampara en las facultades conferidas por la Ley Monetaria y Financiera n\u00famero 183-02, legislaci\u00f3n que faculta al jefe de Estado a designar al superintendente de Bancos por un per\u00edodo de dos a\u00f1os renovables, previo cumplimiento de los requisitos legales establecidos.<\/p>\n<p class=\"wp-block-paragraph\">El decreto presidencial dispone la notificaci\u00f3n inmediata de esta medida a la Junta Monetaria, la Superintendencia de Bancos, el Ministerio de Administraci\u00f3n P\u00fablica (MAP), la C\u00e1mara de Cuentas y la Contralor\u00eda General de la Rep\u00fablica para los fines institucionales correspondientes.<\/p>\n<\/div>\n<\/div>\n","protected":false},"excerpt":{"rendered":"Santo Domingo. \u2014 El presidente de la Rep\u00fablica, Luis Abinader, nombr\u00f3 este&hellip;\n","protected":false},"author":1,"featured_media":66559,"comment_status":"open","ping_status":"open","sticky":false,"template":"","format":"standard","meta":{"footnotes":""},"categories":[1],"tags":[],"class_list":["post-66558","post","type-post","status-publish","format-standard","has-post-thumbnail","category-nacionales"],"_links":{"self":[{"href":"https:\/\/acronoticias.com\/index.php\/wp-json\/wp\/v2\/posts\/66558","targetHints":{"allow":["GET"]}}],"collection":[{"href":"https:\/\/acronoticias.com\/index.php\/wp-json\/wp\/v2\/posts"}],"about":[{"href":"https:\/\/acronoticias.com\/index.php\/wp-json\/wp\/v2\/types\/post"}],"author":[{"embeddable":true,"href":"https:\/\/acronoticias.com\/index.php\/wp-json\/wp\/v2\/users\/1"}],"replies":[{"embeddable":true,"href":"https:\/\/acronoticias.com\/index.php\/wp-json\/wp\/v2\/comments?post=66558"}],"version-history":[{"count":0,"href":"https:\/\/acronoticias.com\/index.php\/wp-json\/wp\/v2\/posts\/66558\/revisions"}],"wp:featuredmedia":[{"embeddable":true,"href":"https:\/\/acronoticias.com\/index.php\/wp-json\/wp\/v2\/media\/66559"}],"wp:attachment":[{"href":"https:\/\/acronoticias.com\/index.php\/wp-json\/wp\/v2\/media?parent=66558"}],"wp:term":[{"taxonomy":"category","embeddable":true,"href":"https:\/\/acronoticias.com\/index.php\/wp-json\/wp\/v2\/categories?post=66558"},{"taxonomy":"post_tag","embeddable":true,"href":"https:\/\/acronoticias.com\/index.php\/wp-json\/wp\/v2\/tags?post=66558"}],"curies":[{"name":"wp","href":"https:\/\/api.w.org\/{rel}","templated":true}]}}