{"id":66556,"date":"2026-09-01T05:27:40","date_gmt":"2026-09-01T05:27:40","guid":{"rendered":"https:\/\/acronoticias.com\/index.php\/2026\/09\/01\/gobierno-proyecta-entradas-sin-semaforos-desde-santo-domingo-hasta-punta-cana-para-agilizar-transito\/"},"modified":"2026-09-01T05:27:40","modified_gmt":"2026-09-01T05:27:40","slug":"gobierno-proyecta-entradas-sin-semaforos-desde-santo-domingo-hasta-punta-cana-para-agilizar-transito","status":"publish","type":"post","link":"https:\/\/acronoticias.com\/index.php\/2026\/09\/01\/gobierno-proyecta-entradas-sin-semaforos-desde-santo-domingo-hasta-punta-cana-para-agilizar-transito\/","title":{"rendered":"Gobierno proyecta entradas sin sem\u00e1foros desde Santo Domingo hasta Punta Cana para agilizar tr\u00e1nsito"},"content":{"rendered":"<div data-td-block-uid=\"tdi_100\">\n<div class=\"tdb-block-inner td-fix-index\">\n<p class=\"wp-block-paragraph\"><strong>SANTO DOMINGO<\/strong>.\u2013 El Ministerio de Obras P\u00fablicas avanza en un plan de infraestructura vial que busca transformar las entradas del Gran Santo Domingo y extender la fluidez del tr\u00e1nsito hacia el Este, con la eliminaci\u00f3n progresiva de sem\u00e1foros, el cierre de cruces y la construcci\u00f3n de pasos a desnivel en puntos cr\u00edticos.<\/p>\n<p class=\"wp-block-paragraph\">El ministro Eduardo Estrella explic\u00f3 que la estrategia procura separar flujos de tr\u00e1nsito y habilitar retornos en lugares estrat\u00e9gicos, medidas que impactan directamente en la movilidad diaria de miles de conductores que entran y salen de la capital. \u201cEstamos organizando las entradas de la ciudad para que la gente pueda moverse con m\u00e1s seguridad y menos tiempo perdido\u201d, afirm\u00f3.<\/p>\n<p class=\"wp-block-paragraph\">El programa contempla que las entradas metropolitanas funcionen sin sem\u00e1foros, con pasos a desnivel y retornos dise\u00f1ados para garantizar un tr\u00e1nsito continuo. Estas intervenciones se complementan con obras mayores como carreteras y puentes, pero Estrella subray\u00f3 que la organizaci\u00f3n vial en accesos urbanos es la acci\u00f3n m\u00e1s urgente para aliviar el caos actual.<\/p>\n<p class=\"wp-block-paragraph\">En paralelo, la autopista S\u00e1nchez avanza hacia licitaci\u00f3n y este s\u00e1bado ser\u00e1 inaugurada la carretera San Jos\u00e9 de las Matas-Monci\u00f3n, dentro de un programa que combina obras ya entregadas, proyectos en construcci\u00f3n y nuevas licitaciones.<\/p>\n<p class=\"wp-block-paragraph\">El cierre deja la tensi\u00f3n en el presente: cruces clausurados, retornos habilitados y pasos a desnivel en ejecuci\u00f3n, mientras el plan proyecta un corredor sin sem\u00e1foros desde Santo Domingo hasta Punta Cana.<\/p>\n<figure class=\"wp-block-embed is-type-rich is-provider-x wp-block-embed-x\">\n<div class=\"wp-block-embed__wrapper\">\n<div class=\"embed-x\">\n<blockquote class=\"twitter-tweet\" data-width=\"550\" data-dnt=\"true\">\n<p lang=\"es\" dir=\"ltr\">El Ministerio de Obras P\u00fablicas avanza en un plan de infraestructura vial que busca transformar las entradas del Gran Santo Domingo y extender la fluidez del tr\u00e1nsito hacia el Este, con la eliminaci\u00f3n progresiva de sem\u00e1foros, el cierre de cruces y la construcci\u00f3n de pasos a\u2026 <a href=\"https:\/\/t.co\/i97JAFlA5i\">pic.twitter.com\/i97JAFlA5i<\/a><\/p>\n<p>\u2014 Noticias RNN (@NoticiasRNN) <a href=\"https:\/\/x.com\/NoticiasRNN\/status\/2094555660566376679?ref_src=twsrc%5Etfw\">August 31, 2026<\/a><\/p><\/blockquote>\n<\/div>\n<\/div>\n<\/figure>\n<\/div>\n<\/div>\n<p><script async src=\"\/\/platform.twitter.com\/widgets.js\" charset=\"utf-8\"><\/script><\/p>\n","protected":false},"excerpt":{"rendered":"SANTO DOMINGO.\u2013 El Ministerio de Obras P\u00fablicas avanza en un plan de&hellip;\n","protected":false},"author":1,"featured_media":66557,"comment_status":"open","ping_status":"open","sticky":false,"template":"","format":"standard","meta":{"footnotes":""},"categories":[1],"tags":[],"class_list":["post-66556","post","type-post","status-publish","format-standard","has-post-thumbnail","category-nacionales"],"_links":{"self":[{"href":"https:\/\/acronoticias.com\/index.php\/wp-json\/wp\/v2\/posts\/66556","targetHints":{"allow":["GET"]}}],"collection":[{"href":"https:\/\/acronoticias.com\/index.php\/wp-json\/wp\/v2\/posts"}],"about":[{"href":"https:\/\/acronoticias.com\/index.php\/wp-json\/wp\/v2\/types\/post"}],"author":[{"embeddable":true,"href":"https:\/\/acronoticias.com\/index.php\/wp-json\/wp\/v2\/users\/1"}],"replies":[{"embeddable":true,"href":"https:\/\/acronoticias.com\/index.php\/wp-json\/wp\/v2\/comments?post=66556"}],"version-history":[{"count":0,"href":"https:\/\/acronoticias.com\/index.php\/wp-json\/wp\/v2\/posts\/66556\/revisions"}],"wp:featuredmedia":[{"embeddable":true,"href":"https:\/\/acronoticias.com\/index.php\/wp-json\/wp\/v2\/media\/66557"}],"wp:attachment":[{"href":"https:\/\/acronoticias.com\/index.php\/wp-json\/wp\/v2\/media?parent=66556"}],"wp:term":[{"taxonomy":"category","embeddable":true,"href":"https:\/\/acronoticias.com\/index.php\/wp-json\/wp\/v2\/categories?post=66556"},{"taxonomy":"post_tag","embeddable":true,"href":"https:\/\/acronoticias.com\/index.php\/wp-json\/wp\/v2\/tags?post=66556"}],"curies":[{"name":"wp","href":"https:\/\/api.w.org\/{rel}","templated":true}]}}