{"id":66552,"date":"2026-09-01T05:06:39","date_gmt":"2026-09-01T05:06:39","guid":{"rendered":"https:\/\/acronoticias.com\/index.php\/2026\/09\/01\/atleticos-de-puerto-plata-avanzan-a-semifinales-de-la-liga-de-beisbol-de-verano\/"},"modified":"2026-09-01T05:06:39","modified_gmt":"2026-09-01T05:06:39","slug":"atleticos-de-puerto-plata-avanzan-a-semifinales-de-la-liga-de-beisbol-de-verano","status":"publish","type":"post","link":"https:\/\/acronoticias.com\/index.php\/2026\/09\/01\/atleticos-de-puerto-plata-avanzan-a-semifinales-de-la-liga-de-beisbol-de-verano\/","title":{"rendered":"Atl\u00e9ticos de Puerto Plata avanzan a semifinales de la Liga de B\u00e9isbol de Verano"},"content":{"rendered":"<p><img decoding=\"async\" width=\"355\" height=\"200\" src=\"https:\/\/nuevodiario-assets.s3.us-east-2.amazonaws.com\/wp-content\/uploads\/2026\/08\/Atleticos-de-Puerto-Plata-avanzan-a-semifinales-de-la-Liga-de-Beisbol-de-Verano-2-355x200.jpeg\" class=\"webfeedsFeaturedVisual wp-post-image\" alt=\"\" style=\"display: block;margin-bottom: 5px;clear:both;max-width: 100%\" loading=\"lazy\" \/><\/p>\n<div class=\"qMYqUG_convSearchResultHighlightRoot\">\n<div class=\"\" data-turn-id-container=\"request-WEB:14281828-5c24-4a6a-91e0-13db62fe4b0b-30\" data-is-intersecting=\"true\">\n<section class=\"text-token-text-primary w-full focus:outline-none has-data-writing-block:pointer-events-none [&:has([data-writing-block])>*]:pointer-events-auto R6Vx5W_threadScrollVars scroll-mb-[calc(var(--scroll-root-safe-area-inset-bottom,0px)+var(--thread-response-height))] scroll-mt-[calc(var(--header-height)+min(200px,max(70px,20svh)))]\" dir=\"auto\" data-turn-id=\"request-WEB:14281828-5c24-4a6a-91e0-13db62fe4b0b-30\" data-turn-id-container=\"request-WEB:14281828-5c24-4a6a-91e0-13db62fe4b0b-30\" data-testid=\"conversation-turn-62\" data-turn=\"assistant\">\n<div class=\"text-base my-auto mx-auto pb-8 [--thread-content-margin:var(--thread-content-margin-xs,calc(var(--spacing)*4))] @w-sm\/main:[--thread-content-margin:var(--thread-content-margin-sm,calc(var(--spacing)*6))] @w-lg\/main:[--thread-content-margin:var(--thread-content-margin-lg,calc(var(--spacing)*16))] px-(--thread-content-margin)\">\n<div class=\"[--thread-content-max-width:40rem] @w-lg\/main:[--thread-content-max-width:48rem] mx-auto max-w-(--thread-content-max-width) flex-1 group\/turn-messages focus-visible:outline-hidden relative flex w-full min-w-0 flex-col agent-turn\" data-conversation-screenshot-content=\"\">\n<div class=\"flex max-w-full flex-col gap-4 grow\">\n<div class=\"min-h-8 text-message relative flex w-full flex-col items-end gap-2 text-start break-words whitespace-normal outline-none keyboard-focused:focus-ring [.text-message+&]:mt-1\" dir=\"auto\" tabindex=\"0\" data-message-author-role=\"assistant\" data-message-id=\"1a0f81af-3280-4722-a244-489dc39d2f8e\" data-message-model-slug=\"gpt-5-6\" data-turn-start-message=\"true\">\n<div class=\"flex w-full flex-col gap-1 empty:hidden\">\n<div class=\"markdown prose dark:prose-invert wrap-break-word w-full light markdown-new-styling\">\n<p data-start=\"85\" data-end=\"302\">EL NUEVO DIARIO, PUERTO PLATA.- Los Atl\u00e9ticos de Puerto Plata avanzaron a la serie semifinal de la Liga Nacional de B\u00e9isbol de Verano 2026 tras vencer 4-3 a los Arroceros de San Francisco de Macor\u00eds en el estadio Jos\u00e9 Brice\u00f1o.<\/p>\n<p data-start=\"304\" data-end=\"470\">La victoria asegur\u00f3 la clasificaci\u00f3n del conjunto puertoplate\u00f1o, que ahora enfrentar\u00e1 a los Capitanes de Salcedo por un puesto en la final del Circuito Norte-Central.<\/p>\n<p data-start=\"472\" data-end=\"654\">El lanzador Wilkin Est\u00e9vez fue clave en el triunfo al completar el partido y limitar la ofensiva de los Arroceros, mientras que sus compa\u00f1eros respondieron con batazos oportunos.<\/p>\n<p data-start=\"656\" data-end=\"882\">Por los Atl\u00e9ticos, Christopher Pujols conect\u00f3 un cuadrangular; Jos\u00e9 Hiraldo aport\u00f3 un hit y un doble, y Lenny S\u00e1nchez sum\u00f3 un triple y un sencillo. Tambi\u00e9n pegaron un imparable Mois\u00e9s Castillo, Jos\u00e9 King y J\u00fanior Castillo.<\/p>\n<p data-start=\"884\" data-end=\"1092\">Los Atl\u00e9ticos buscar\u00e1n ahora continuar su camino hacia el campeonato de la XVII edici\u00f3n de la Liga Nacional de B\u00e9isbol de Verano, dedicada al ministro administrativo de la Presidencia, Andr\u00e9s Bautista Garc\u00eda.<\/p>\n<p data-start=\"1094\" data-end=\"1269\" data-is-last-node=\"\" data-is-only-node=\"\">La serie semifinal entre los Atl\u00e9ticos y los Capitanes de Salcedo comenzar\u00e1 el viernes 11 de septiembre, a las 2:00 de la tarde, en el estadio Ignacio Reynoso, de Salcedo.<\/p>\n<\/div>\n<\/div>\n<\/div>\n<\/div>\n<div class=\"z-0 flex min-h-[46px] justify-start\"><\/div>\n<div class=\"mt-3 w-full empty:hidden has-[>_:empty]:hidden\">\n<div class=\"text-center\"><\/div>\n<\/div>\n<\/div>\n<div class=\"[--thread-content-max-width:40rem] @w-lg\/main:[--thread-content-max-width:48rem] mx-auto max-w-(--thread-content-max-width) flex-1\" data-conversation-screenshot-content=\"\">\n<div><\/div>\n<\/div>\n<\/div>\n<\/section>\n<\/div>\n<\/div>\n<div class=\"pointer-events-none -mt-px h-px translate-y-(--scroll-root-safe-area-inset-bottom)\" aria-hidden=\"true\"><\/div>\n<p>La entrada <a href=\"https:\/\/elnuevodiario.com.do\/atleticos-de-puerto-plata-avanzan-a-semifinales-de-la-liga-de-beisbol-de-verano\/\">Atl\u00e9ticos de Puerto Plata avanzan a semifinales de la Liga de B\u00e9isbol de Verano<\/a> se public\u00f3 primero en <a href=\"https:\/\/elnuevodiario.com.do\">El Nuevo Diario (Rep\u00fablica Dominicana)<\/a>.<\/p>\n","protected":false},"excerpt":{"rendered":"EL NUEVO DIARIO, PUERTO PLATA.- Los Atl\u00e9ticos de Puerto Plata avanzaron a&hellip;\n","protected":false},"author":1,"featured_media":66553,"comment_status":"open","ping_status":"open","sticky":false,"template":"","format":"standard","meta":{"footnotes":""},"categories":[2],"tags":[],"class_list":["post-66552","post","type-post","status-publish","format-standard","has-post-thumbnail","category-deporte"],"_links":{"self":[{"href":"https:\/\/acronoticias.com\/index.php\/wp-json\/wp\/v2\/posts\/66552","targetHints":{"allow":["GET"]}}],"collection":[{"href":"https:\/\/acronoticias.com\/index.php\/wp-json\/wp\/v2\/posts"}],"about":[{"href":"https:\/\/acronoticias.com\/index.php\/wp-json\/wp\/v2\/types\/post"}],"author":[{"embeddable":true,"href":"https:\/\/acronoticias.com\/index.php\/wp-json\/wp\/v2\/users\/1"}],"replies":[{"embeddable":true,"href":"https:\/\/acronoticias.com\/index.php\/wp-json\/wp\/v2\/comments?post=66552"}],"version-history":[{"count":0,"href":"https:\/\/acronoticias.com\/index.php\/wp-json\/wp\/v2\/posts\/66552\/revisions"}],"wp:featuredmedia":[{"embeddable":true,"href":"https:\/\/acronoticias.com\/index.php\/wp-json\/wp\/v2\/media\/66553"}],"wp:attachment":[{"href":"https:\/\/acronoticias.com\/index.php\/wp-json\/wp\/v2\/media?parent=66552"}],"wp:term":[{"taxonomy":"category","embeddable":true,"href":"https:\/\/acronoticias.com\/index.php\/wp-json\/wp\/v2\/categories?post=66552"},{"taxonomy":"post_tag","embeddable":true,"href":"https:\/\/acronoticias.com\/index.php\/wp-json\/wp\/v2\/tags?post=66552"}],"curies":[{"name":"wp","href":"https:\/\/api.w.org\/{rel}","templated":true}]}}