{"id":66546,"date":"2026-09-01T04:38:35","date_gmt":"2026-09-01T04:38:35","guid":{"rendered":"https:\/\/acronoticias.com\/index.php\/2026\/09\/01\/centro-cultural-banreservas-santiago-inaugura-retrospectiva-de-persio-checo\/"},"modified":"2026-09-01T04:38:35","modified_gmt":"2026-09-01T04:38:35","slug":"centro-cultural-banreservas-santiago-inaugura-retrospectiva-de-persio-checo","status":"publish","type":"post","link":"https:\/\/acronoticias.com\/index.php\/2026\/09\/01\/centro-cultural-banreservas-santiago-inaugura-retrospectiva-de-persio-checo\/","title":{"rendered":"Centro Cultural Banreservas Santiago inaugura retrospectiva de Persio Checo"},"content":{"rendered":"<div id=\"mvp-content-main\">\n<p><em><strong>\u201cOrg\u00e1nico y Desenfadado\u201d re\u00fane m\u00e1s de cuatro d\u00e9cadas de trayectoria del artista visual dominicano y propone un recorrido por su relaci\u00f3n con la naturaleza, el mar y la memoria.<\/strong><\/em><\/p>\n<p><strong>Santiago.\u2013<\/strong> El Centro Cultural Banreservas Santiago inaugur\u00f3 la exposici\u00f3n \u201cOrg\u00e1nico y Desenfadado\u201d, una retrospectiva dedicada al artista visual dominicano Persio Checo, que re\u00fane obras representativas de m\u00e1s de cuatro d\u00e9cadas de creaci\u00f3n.<\/p>\n<p>La muestra ofrece un recorrido por distintas etapas de la trayectoria de Checo, reconocido como uno de los integrantes de la Generaci\u00f3n de los 80, y permite apreciar la evoluci\u00f3n de una propuesta art\u00edstica marcada por su v\u00ednculo con la naturaleza, el mar y las memorias de su natal R\u00edo San Juan.<\/p>\n<p>Pinturas y esculturas forman parte de una selecci\u00f3n en la que convergen materiales como tela, madera, masonite y elementos asociados al entorno marino. A trav\u00e9s de ellos, el creador desarrolla formas vegetales, organismos imaginarios y referencias a la herencia ta\u00edna, presentes de manera recurrente en su producci\u00f3n.<\/p>\n<p>Durante el acto inaugural, la gerente del Centro Cultural Banreservas Santiago, Gladialisa Pereyra, destac\u00f3 el valor de la exposici\u00f3n como espacio de encuentro entre el p\u00fablico y la trayectoria de un creador dominicano con una amplia presencia en las artes visuales.<\/p>\n<p>\u201cEsta exhibici\u00f3n representa una celebraci\u00f3n de la vida en todas sus manifestaciones y un homenaje a la capacidad del arte para reinventar el mundo\u201d, expres\u00f3 Pereyra.<\/p>\n<p>La presentaci\u00f3n de \u201cOrg\u00e1nico y Desenfadado\u201d forma parte de las iniciativas desarrolladas por el Centro Cultural Banreservas Santiago para acercar al p\u00fablico a diferentes expresiones art\u00edsticas y contribuir a la difusi\u00f3n del patrimonio creativo dominicano.<\/p>\n<p>Al dirigirse a los asistentes, Persio Checo agradeci\u00f3 a Banreservas y a los responsables del centro cultural por abrir espacios que permitan a los artistas compartir sus propuestas con nuevas audiencias.<\/p>\n<p>El creador resalt\u00f3 de manera particular el respaldo del presidente ejecutivo de Banreservas, doctor Leonardo Aguilera, as\u00ed como de Gladialisa Pereyra, a las iniciativas relacionadas con las artes visuales.<\/p>\n<p>Checo explic\u00f3 que buena parte de su producci\u00f3n est\u00e1 estrechamente vinculada con el mar, el ser humano y la naturaleza, elementos que han acompa\u00f1ado su lenguaje creativo a lo largo de los a\u00f1os.<\/p>\n<p>\u201cEstos espacios nos permiten compartir con el mundo la dimensi\u00f3n de nuestras obras, la riqueza de nuestros colores y la forma en que la naturaleza influye en nuestras vidas\u201d, manifest\u00f3 el artista durante la apertura.<\/p>\n<p>Tambi\u00e9n expres\u00f3 su deseo de que quienes visiten la exposici\u00f3n puedan establecer una conexi\u00f3n personal con las piezas y con los elementos culturales y naturales que han servido de inspiraci\u00f3n para su trabajo.<\/p>\n<p><strong>Una trayectoria vinculada al arte dominicano<\/strong><\/p>\n<p>Nacido en R\u00edo San Juan en 1958, Persio Checo es artista visual, arquitecto y gestor cultural. Se form\u00f3 en la Escuela Nacional de Bellas Artes y en la Universidad Aut\u00f3noma de Santo Domingo (UASD), adem\u00e1s de realizar estudios de perfeccionamiento en Espa\u00f1a y Brasil.<\/p>\n<p>Su lenguaje pl\u00e1stico incorpora influencias del surrealismo y del Land Art, con una producci\u00f3n en la que el paisaje, la materia y los elementos org\u00e1nicos ocupan un lugar destacado.<\/p>\n<p>A lo largo de su carrera ha recibido reconocimientos como el Premio del P\u00fablico de la XII Bienal Nacional de Artes Visuales y el Gran Premio de la III Bienal Paleta del N\u00edquel.<\/p>\n<p>La exposici\u00f3n cuenta con la curadur\u00eda y museograf\u00eda de Guadalupe Casasnovas, la consultor\u00eda cultural de Abil Peralta Ag\u00fcero y la coordinaci\u00f3n de exposiciones de Banreservas de Adaunys Rodr\u00edguez.<\/p>\n<\/div>\n","protected":false},"excerpt":{"rendered":"\u201cOrg\u00e1nico y Desenfadado\u201d re\u00fane m\u00e1s de cuatro d\u00e9cadas de trayectoria del artista&hellip;\n","protected":false},"author":1,"featured_media":66547,"comment_status":"open","ping_status":"open","sticky":false,"template":"","format":"standard","meta":{"footnotes":""},"categories":[1],"tags":[],"class_list":["post-66546","post","type-post","status-publish","format-standard","has-post-thumbnail","category-nacionales"],"_links":{"self":[{"href":"https:\/\/acronoticias.com\/index.php\/wp-json\/wp\/v2\/posts\/66546","targetHints":{"allow":["GET"]}}],"collection":[{"href":"https:\/\/acronoticias.com\/index.php\/wp-json\/wp\/v2\/posts"}],"about":[{"href":"https:\/\/acronoticias.com\/index.php\/wp-json\/wp\/v2\/types\/post"}],"author":[{"embeddable":true,"href":"https:\/\/acronoticias.com\/index.php\/wp-json\/wp\/v2\/users\/1"}],"replies":[{"embeddable":true,"href":"https:\/\/acronoticias.com\/index.php\/wp-json\/wp\/v2\/comments?post=66546"}],"version-history":[{"count":0,"href":"https:\/\/acronoticias.com\/index.php\/wp-json\/wp\/v2\/posts\/66546\/revisions"}],"wp:featuredmedia":[{"embeddable":true,"href":"https:\/\/acronoticias.com\/index.php\/wp-json\/wp\/v2\/media\/66547"}],"wp:attachment":[{"href":"https:\/\/acronoticias.com\/index.php\/wp-json\/wp\/v2\/media?parent=66546"}],"wp:term":[{"taxonomy":"category","embeddable":true,"href":"https:\/\/acronoticias.com\/index.php\/wp-json\/wp\/v2\/categories?post=66546"},{"taxonomy":"post_tag","embeddable":true,"href":"https:\/\/acronoticias.com\/index.php\/wp-json\/wp\/v2\/tags?post=66546"}],"curies":[{"name":"wp","href":"https:\/\/api.w.org\/{rel}","templated":true}]}}