{"id":66544,"date":"2026-09-01T04:22:38","date_gmt":"2026-09-01T04:22:38","guid":{"rendered":"https:\/\/acronoticias.com\/index.php\/2026\/09\/01\/vicepresidenta-raquel-pena-encabeza-reunion-de-seguimiento-al-plan-de-seguridad-ciudadana\/"},"modified":"2026-09-01T04:22:38","modified_gmt":"2026-09-01T04:22:38","slug":"vicepresidenta-raquel-pena-encabeza-reunion-de-seguimiento-al-plan-de-seguridad-ciudadana","status":"publish","type":"post","link":"https:\/\/acronoticias.com\/index.php\/2026\/09\/01\/vicepresidenta-raquel-pena-encabeza-reunion-de-seguimiento-al-plan-de-seguridad-ciudadana\/","title":{"rendered":"Vicepresidenta Raquel Pe\u00f1a encabeza reuni\u00f3n de seguimiento al Plan de Seguridad Ciudadana"},"content":{"rendered":"<div id=\"mvp-content-main\">\n<p><em>-Las autoridades analizan los resultados de las acciones implementadas y definen nuevas medidas para fortalecer la seguridad en el pa\u00eds-<\/em><\/p>\n<p><strong>Santo Domingo.-<\/strong>La vicepresidenta Raquel Pe\u00f1a\u00a0encabeza este lunes la reuni\u00f3n de seguimiento al\u00a0Plan de Seguridad Ciudadana,\u00a0espacio en el que las autoridades pasan revista a los\u00a0resultados de las medidas aplicadas\u00a0y definen las acciones que permitir\u00e1n reforzar las\u00a0pol\u00edticas de prevenci\u00f3n y seguridad\u00a0en el pa\u00eds.<\/p>\n<p>El encuentro tiene lugar en el\u00a0Sal\u00f3n del Club de Oficiales del Palacio de la Polic\u00eda Nacional, donde se analizan los principales indicadores en materia de\u00a0seguridad, el impacto de las operaciones desplegadas y las prioridades\u00a0que deber\u00e1n atenderse para continuar mejorando la protecci\u00f3n de la ciudadan\u00eda.<\/p>\n<p>Junto con la vicepresidenta participan el ministro de la Presidencia,\u00a0Jos\u00e9 Ignacio Paliza;\u00a0el ministro de Defensa, teniente general Carlos Antonio Fern\u00e1ndez Onofre; la ministra de Interior y Polic\u00eda,\u00a0Faride Raful;\u00a0el comandante general de la Fuerza A\u00e9rea de la Rep\u00fablica Dominicana,\u00a0mayor general Enmanuel Marcelino Souffront Tamayo; el director general de la Polic\u00eda Nacional,\u00a0mayor general Ernesto Rafael Rodr\u00edguez Garc\u00eda; la procuradora general de la Rep\u00fablica,\u00a0Yeni Berenice Reynoso;\u00a0el director general de Migraci\u00f3n,\u00a0vicealmirante Luis Rafael Lee Ballester;\u00a0el presidente de la Direcci\u00f3n Nacional de Control de Drogas (DNCD),\u00a0vicealmirante Jos\u00e9 Manuel Cabrera Ulloa, y el viceministro de la Presidencia para Proyectos Especiales y Coordinaci\u00f3n de Seguridad,\u00a0Roger G. Pujols.<\/p>\n<figure class=\"wp-block-image size-large\"><a href=\"https:\/\/cdn.ultimasnoticias.com.do\/2026\/08\/image-1.jpeg\"><img loading=\"lazy\" decoding=\"async\" width=\"1024\" height=\"683\" alt=\"Image 1\" class=\"wp-image-222685 cwvlazyload\" src=\"https:\/\/cdn.ultimasnoticias.com.do\/2026\/08\/image-1-1024x683.jpeg\" srcset=\"https:\/\/cdn.ultimasnoticias.com.do\/2026\/08\/image-1-1024x683.jpeg 1024w, https:\/\/cdn.ultimasnoticias.com.do\/2026\/08\/image-1-300x200.jpeg 300w, https:\/\/cdn.ultimasnoticias.com.do\/2026\/08\/image-1-768x512.jpeg 768w, https:\/\/cdn.ultimasnoticias.com.do\/2026\/08\/image-1.jpeg 1280w\" data-sizes=\"(max-width: 1024px) 100vw, 1024px\"\/><\/a><\/figure>\n<p>En la jornada tambi\u00e9n intervienen el presidente del Consejo Nacional de Drogas,\u00a0Alejandro de Jes\u00fas Abreu; el director de la Comisi\u00f3n Militar y Policial,\u00a0coronel Jorge Rivera L\u00f3pez;\u00a0el director de la Direcci\u00f3n General de Seguridad de Tr\u00e1nsito y Transporte Terrestre (Digesett),\u00a0general Pascual Cruz M\u00e9ndez; el director de la Polic\u00eda de Turismo (Politur),\u00a0general Minoru Matsunaga; el director ejecutivo del Sistema Nacional de Atenci\u00f3n a Emergencias y Seguridad 911,\u00a0coronel piloto Randolfo Rijo G\u00f3mez; el director de la Polic\u00eda Escolar,\u00a0general Francisco Osoria de la Cruz, y la directora de la Direcci\u00f3n Nacional de Ni\u00f1os, Ni\u00f1as, Adolescentes y Familia (Dinnaf),\u00a0Olga Din\u00e1 Llaver\u00edas.<\/p>\n<p>La reuni\u00f3n incorpora, adem\u00e1s, a una comisi\u00f3n de fiscales conformada por\u00a0Ramona Santana, de San Crist\u00f3bal;\u00a0Aura Luz Garc\u00eda, de La Vega;\u00a0Juan Antonio Mateo Cipri\u00e1n, de Mar\u00eda Trinidad S\u00e1nchez;\u00a0Claudia Garrido, de La Altagracia;\u00a0Suleyka Mateo, de San Pedro de Macor\u00eds, y\u00a0Smaily Yamel Rodr\u00edguez, de Duarte.<\/p>\n<p>Asimismo, est\u00e1n presentes los fiscales titulares\u00a0Milc\u00edades Guzm\u00e1n, de Santo Domingo Este;\u00a0Rosalba Ramos, del Distrito Nacional;\u00a0Eduard L\u00f3pez, de Santo Domingo Oeste;\u00a0V\u00edctor Mej\u00eda, de Valverde;\u00a0Zoila Agustina Rodr\u00edguez Ynfante, de Hermanas Mirabal;\u00a0Wellington Matos Espinal, de Barahona;\u00a0\u00c1ngel Dar\u00edo Tejeda Fabal, de Peravia;\u00a0Yeisin Alc\u00e1ntara, de Dajab\u00f3n;\u00a0Yorelbin Rivas, de Espaillat;\u00a0Quirsa Milagros Abreu, de Santiago, y\u00a0Kevin Santana, de La Romana.<\/p>\n<\/div>\n","protected":false},"excerpt":{"rendered":"-Las autoridades analizan los resultados de las acciones implementadas y definen nuevas&hellip;\n","protected":false},"author":1,"featured_media":66545,"comment_status":"open","ping_status":"open","sticky":false,"template":"","format":"standard","meta":{"footnotes":""},"categories":[1],"tags":[],"class_list":["post-66544","post","type-post","status-publish","format-standard","has-post-thumbnail","category-nacionales"],"_links":{"self":[{"href":"https:\/\/acronoticias.com\/index.php\/wp-json\/wp\/v2\/posts\/66544","targetHints":{"allow":["GET"]}}],"collection":[{"href":"https:\/\/acronoticias.com\/index.php\/wp-json\/wp\/v2\/posts"}],"about":[{"href":"https:\/\/acronoticias.com\/index.php\/wp-json\/wp\/v2\/types\/post"}],"author":[{"embeddable":true,"href":"https:\/\/acronoticias.com\/index.php\/wp-json\/wp\/v2\/users\/1"}],"replies":[{"embeddable":true,"href":"https:\/\/acronoticias.com\/index.php\/wp-json\/wp\/v2\/comments?post=66544"}],"version-history":[{"count":0,"href":"https:\/\/acronoticias.com\/index.php\/wp-json\/wp\/v2\/posts\/66544\/revisions"}],"wp:featuredmedia":[{"embeddable":true,"href":"https:\/\/acronoticias.com\/index.php\/wp-json\/wp\/v2\/media\/66545"}],"wp:attachment":[{"href":"https:\/\/acronoticias.com\/index.php\/wp-json\/wp\/v2\/media?parent=66544"}],"wp:term":[{"taxonomy":"category","embeddable":true,"href":"https:\/\/acronoticias.com\/index.php\/wp-json\/wp\/v2\/categories?post=66544"},{"taxonomy":"post_tag","embeddable":true,"href":"https:\/\/acronoticias.com\/index.php\/wp-json\/wp\/v2\/tags?post=66544"}],"curies":[{"name":"wp","href":"https:\/\/api.w.org\/{rel}","templated":true}]}}