{"id":66542,"date":"2026-09-01T04:06:38","date_gmt":"2026-09-01T04:06:38","guid":{"rendered":"https:\/\/acronoticias.com\/index.php\/2026\/09\/01\/video-ventarron-y-fuertes-lluvias-provocan-caida-de-arboles-y-danos-en-santiago-rodriguez-y-valverde\/"},"modified":"2026-09-01T04:06:38","modified_gmt":"2026-09-01T04:06:38","slug":"video-ventarron-y-fuertes-lluvias-provocan-caida-de-arboles-y-danos-en-santiago-rodriguez-y-valverde","status":"publish","type":"post","link":"https:\/\/acronoticias.com\/index.php\/2026\/09\/01\/video-ventarron-y-fuertes-lluvias-provocan-caida-de-arboles-y-danos-en-santiago-rodriguez-y-valverde\/","title":{"rendered":"(VIDEO) Ventarr\u00f3n y fuertes lluvias provocan ca\u00edda de \u00e1rboles y da\u00f1os en Santiago Rodr\u00edguez y Valverde"},"content":{"rendered":"<p><img decoding=\"async\" width=\"355\" height=\"200\" src=\"https:\/\/nuevodiario-assets.s3.us-east-2.amazonaws.com\/wp-content\/uploads\/2026\/08\/Ventarron-y-fuertes-lluvias-provocan-caida-de-arboles-y-danos-en-Santiago-Rodriguez-y-Valverde-2-355x200.jpeg\" class=\"webfeedsFeaturedVisual wp-post-image\" alt=\"\" style=\"display: block;margin-bottom: 5px;clear:both;max-width: 100%\" loading=\"lazy\" \/><\/p>\n<div class=\"qMYqUG_convSearchResultHighlightRoot\">\n<div class=\"\" data-turn-id-container=\"request-WEB:14281828-5c24-4a6a-91e0-13db62fe4b0b-26\" data-is-intersecting=\"true\">\n<section class=\"text-token-text-primary w-full focus:outline-none has-data-writing-block:pointer-events-none [&:has([data-writing-block])>*]:pointer-events-auto R6Vx5W_threadScrollVars scroll-mb-[calc(var(--scroll-root-safe-area-inset-bottom,0px)+var(--thread-response-height))] scroll-mt-[calc(var(--header-height)+min(200px,max(70px,20svh)))]\" dir=\"auto\" data-turn-id=\"request-WEB:14281828-5c24-4a6a-91e0-13db62fe4b0b-26\" data-turn-id-container=\"request-WEB:14281828-5c24-4a6a-91e0-13db62fe4b0b-26\" data-testid=\"conversation-turn-54\" data-turn=\"assistant\">\n<div class=\"text-base my-auto mx-auto pb-8 [--thread-content-margin:var(--thread-content-margin-xs,calc(var(--spacing)*4))] @w-sm\/main:[--thread-content-margin:var(--thread-content-margin-sm,calc(var(--spacing)*6))] @w-lg\/main:[--thread-content-margin:var(--thread-content-margin-lg,calc(var(--spacing)*16))] px-(--thread-content-margin)\">\n<div class=\"[--thread-content-max-width:40rem] @w-lg\/main:[--thread-content-max-width:48rem] mx-auto max-w-(--thread-content-max-width) flex-1 group\/turn-messages focus-visible:outline-hidden relative flex w-full min-w-0 flex-col agent-turn\" data-conversation-screenshot-content=\"\">\n<div class=\"flex max-w-full flex-col gap-4 grow\">\n<div class=\"min-h-8 text-message relative flex w-full flex-col items-end gap-2 text-start break-words whitespace-normal outline-none keyboard-focused:focus-ring [.text-message+&]:mt-1\" dir=\"auto\" tabindex=\"0\" data-message-author-role=\"assistant\" data-message-id=\"b31d1cad-3178-4c85-a542-02b6fd223193\" data-message-model-slug=\"gpt-5-6-mini\" data-turn-start-message=\"true\">\n<div class=\"flex w-full flex-col gap-1 empty:hidden\">\n<div class=\"markdown prose dark:prose-invert wrap-break-word w-full light markdown-new-styling\">\n<p data-start=\"100\" data-end=\"351\">EL NUEVO DIARIO, SANTIAGO RODR\u00cdGUEZ.- Un fuerte ventarr\u00f3n acompa\u00f1ado de lluvias caus\u00f3 este lunes la ca\u00edda de \u00e1rboles, da\u00f1os en el tendido el\u00e9ctrico, interrupciones del tr\u00e1nsito y otros incidentes en distintos puntos de las provincias Santiago Rodr\u00edguez y Valverde.<\/p>\n<p data-start=\"353\" data-end=\"600\">En el municipio San Ignacio de Sabaneta, Santiago Rodr\u00edguez, varios \u00e1rboles cayeron en diferentes sectores, mientras que en la comunidad Pata de Vaca un \u00e1rbol derrib\u00f3 un poste del tendido el\u00e9ctrico, lo que gener\u00f3 preocupaci\u00f3n entre los residentes.<\/p>\n<p><a href=\"https:\/\/elnuevodiario.com.do\/video-ventarron-y-fuertes-lluvias-provocan-caida-de-arboles-y-danos-en-santiago-rodriguez-y-valverde\/ventarron-y-fuertes-lluvias-provocan-caida-de-arboles-y-danos-en-santiago-rodriguez-y-valverde-1\/\"><img decoding=\"async\" data-recalc-dims=\"1\" loading=\"lazy\" width=\"640\" height=\"481\" src=\"https:\/\/i0.wp.com\/nuevodiario-assets.s3.us-east-2.amazonaws.com\/wp-content\/uploads\/2026\/08\/Ventarron-y-fuertes-lluvias-provocan-caida-de-arboles-y-danos-en-Santiago-Rodriguez-y-Valverde-1.jpeg?resize=640%2C481&quality=100&ssl=1\" class=\"attachment-full size-full\" alt=\"\" \/><\/a><\/p>\n<p data-start=\"602\" data-end=\"751\">En Mao, provincia Valverde, un \u00e1rbol de gran tama\u00f1o cay\u00f3 en la comunidad Hato Nuevo y bloque\u00f3 el paso de veh\u00edculos durante aproximadamente dos horas.<\/p>\n<p data-start=\"753\" data-end=\"938\">Las brigadas de la Defensa Civil, Edenorte y el Cuerpo de Bomberos se trasladaron a las zonas afectadas para retirar los \u00e1rboles y atender los da\u00f1os ocasionados por los fuertes vientos.<\/p>\n<p data-start=\"940\" data-end=\"1187\">En tanto, el alcalde de Mao, Yohendy Jim\u00e9nez Bonilla, junto a organismos de socorro, encabez\u00f3 labores de monitoreo, limpieza y adecuaci\u00f3n de los sistemas de drenaje, adem\u00e1s de acciones preventivas para retirar \u00e1rboles que representan alg\u00fan riesgo.<\/p>\n<p data-start=\"1189\" data-end=\"1516\">Otro de los incidentes ocurri\u00f3 en la intersecci\u00f3n de las calles Independencia y Gregorio Aracena, en Mao, donde ocho veh\u00edculos chocaron uno detr\u00e1s de otro, aparentemente como consecuencia de las condiciones provocadas por el mal tiempo. Los autom\u00f3viles sufrieron da\u00f1os considerables, pero no se reportaron personas heridas.<\/p>\n<p data-start=\"1518\" data-end=\"1747\">Las lluvias tambi\u00e9n provocaron acumulaci\u00f3n de agua en diferentes puntos de Mao. La avenida Benito Monci\u00f3n, actualmente en proceso de reparaci\u00f3n, qued\u00f3 cubierta de agua durante el fuerte aguacero registrado la tarde de este lunes.<\/p>\n<p data-start=\"1749\" data-end=\"1918\" data-is-last-node=\"\" data-is-only-node=\"\">Los organismos de emergencia se mantuvieron activos durante la jornada para atender los efectos del fen\u00f3meno y responder a los incidentes reportados en ambas provincias.<\/p>\n<p><a href=\"https:\/\/nuevodiario-assets.s3.us-east-2.amazonaws.com\/wp-content\/uploads\/2026\/08\/Ventarron-y-fuertes-lluvias-provocan-caida-de-arboles-y-danos-en-Santiago-Rodriguez-y-Valverde-1.mp4\">Ventarr\u00f3n y fuertes lluvias provocan ca\u00edda de \u00e1rboles y da\u00f1os en Santiago Rodr\u00edguez y Valverde (1)<\/a><\/p>\n<\/div>\n<\/div>\n<\/div>\n<\/div>\n<div class=\"z-0 flex min-h-[46px] justify-start\"><\/div>\n<div class=\"mt-3 w-full empty:hidden has-[>_:empty]:hidden\">\n<div class=\"text-center\"><\/div>\n<\/div>\n<\/div>\n<div class=\"[--thread-content-max-width:40rem] @w-lg\/main:[--thread-content-max-width:48rem] mx-auto max-w-(--thread-content-max-width) flex-1\" data-conversation-screenshot-content=\"\">\n<div><\/div>\n<\/div>\n<\/div>\n<\/section>\n<\/div>\n<\/div>\n<div class=\"pointer-events-none -mt-px h-px translate-y-(--scroll-root-safe-area-inset-bottom)\" aria-hidden=\"true\"><\/div>\n<p>La entrada <a href=\"https:\/\/elnuevodiario.com.do\/video-ventarron-y-fuertes-lluvias-provocan-caida-de-arboles-y-danos-en-santiago-rodriguez-y-valverde\/\">(VIDEO) Ventarr\u00f3n y fuertes lluvias provocan ca\u00edda de \u00e1rboles y da\u00f1os en Santiago Rodr\u00edguez y Valverde<\/a> se public\u00f3 primero en <a href=\"https:\/\/elnuevodiario.com.do\">El Nuevo Diario (Rep\u00fablica Dominicana)<\/a>.<\/p>\n","protected":false},"excerpt":{"rendered":"EL NUEVO DIARIO, SANTIAGO RODR\u00cdGUEZ.- Un fuerte ventarr\u00f3n acompa\u00f1ado de lluvias caus\u00f3&hellip;\n","protected":false},"author":1,"featured_media":66543,"comment_status":"open","ping_status":"open","sticky":false,"template":"","format":"standard","meta":{"footnotes":""},"categories":[1],"tags":[],"class_list":["post-66542","post","type-post","status-publish","format-standard","has-post-thumbnail","category-nacionales"],"_links":{"self":[{"href":"https:\/\/acronoticias.com\/index.php\/wp-json\/wp\/v2\/posts\/66542","targetHints":{"allow":["GET"]}}],"collection":[{"href":"https:\/\/acronoticias.com\/index.php\/wp-json\/wp\/v2\/posts"}],"about":[{"href":"https:\/\/acronoticias.com\/index.php\/wp-json\/wp\/v2\/types\/post"}],"author":[{"embeddable":true,"href":"https:\/\/acronoticias.com\/index.php\/wp-json\/wp\/v2\/users\/1"}],"replies":[{"embeddable":true,"href":"https:\/\/acronoticias.com\/index.php\/wp-json\/wp\/v2\/comments?post=66542"}],"version-history":[{"count":0,"href":"https:\/\/acronoticias.com\/index.php\/wp-json\/wp\/v2\/posts\/66542\/revisions"}],"wp:featuredmedia":[{"embeddable":true,"href":"https:\/\/acronoticias.com\/index.php\/wp-json\/wp\/v2\/media\/66543"}],"wp:attachment":[{"href":"https:\/\/acronoticias.com\/index.php\/wp-json\/wp\/v2\/media?parent=66542"}],"wp:term":[{"taxonomy":"category","embeddable":true,"href":"https:\/\/acronoticias.com\/index.php\/wp-json\/wp\/v2\/categories?post=66542"},{"taxonomy":"post_tag","embeddable":true,"href":"https:\/\/acronoticias.com\/index.php\/wp-json\/wp\/v2\/tags?post=66542"}],"curies":[{"name":"wp","href":"https:\/\/api.w.org\/{rel}","templated":true}]}}