{"id":66524,"date":"2026-09-01T02:45:25","date_gmt":"2026-09-01T02:45:25","guid":{"rendered":"https:\/\/acronoticias.com\/index.php\/2026\/09\/01\/piden-intervenir-carretera-peralvillo-santo-domingo-y-ampliarla-a-cuatro-carriles\/"},"modified":"2026-09-01T02:45:25","modified_gmt":"2026-09-01T02:45:25","slug":"piden-intervenir-carretera-peralvillo-santo-domingo-y-ampliarla-a-cuatro-carriles","status":"publish","type":"post","link":"https:\/\/acronoticias.com\/index.php\/2026\/09\/01\/piden-intervenir-carretera-peralvillo-santo-domingo-y-ampliarla-a-cuatro-carriles\/","title":{"rendered":"Piden intervenir carretera Peralvillo-Santo Domingo y ampliarla a cuatro carriles"},"content":{"rendered":"<p><img loading=\"lazy\" decoding=\"async\" width=\"355\" height=\"200\" src=\"https:\/\/nuevodiario-assets.s3.us-east-2.amazonaws.com\/wp-content\/uploads\/2026\/08\/Anderson-de-los-Santos-pide-intervencion-urgente-de-carretera-Peralvillo-Santo-Domingo-y-propone-ampliarla-a-cuatro-carriles-355x200.jpg\" class=\"webfeedsFeaturedVisual wp-post-image\" alt=\"\" style=\"display: block;margin-bottom: 5px;clear:both;max-width: 100%\" \/><\/p>\n<p>EL NUEVO DIARIO, YAMAS\u00c1, MONTE PLATA.\u2013 El dirigente Anderson de los Santos solicit\u00f3 al presidente Luis Abinader disponer la intervenci\u00f3n urgente, mediante un bacheo profundo y rehabilitaci\u00f3n, de la carretera que comunica a Peralvillo, Yamas\u00e1, Los Botados y Santo Domingo, al tiempo que propuso iniciar el dise\u00f1o de una nueva v\u00eda de cuatro carriles para esta zona de la provincia Monte Plata.<\/p>\n<p>De los Santos explic\u00f3 que, a diferencia de otros municipios de la provincia que cuentan con distintas alternativas de acceso hacia Santo Domingo, Yamas\u00e1, Peralvillo y Los Botados dependen pr\u00e1cticamente de una sola v\u00eda de entrada y salida, por lo que consider\u00f3 prioritario mejorar sus condiciones.<\/p>\n<p>Record\u00f3 que en 2015 esta carretera recibi\u00f3 un asfaltado que, seg\u00fan afirm\u00f3, fue de mala calidad y no contempl\u00f3 los trabajos de drenaje necesarios, situaci\u00f3n que habr\u00eda contribuido a su posterior deterioro.<\/p>\n<p>\u201cYo le pido un buen bacheo profundo, que haga lo mismo que usted hizo en la Autov\u00eda: que lo que es el paseo lo asfalte y haga un bacheo profundo\u201d, expres\u00f3.<\/p>\n<p>El dirigente tambi\u00e9n plante\u00f3 la construcci\u00f3n de una carretera de cuatro carriles desde Yamas\u00e1 hasta Los Botados, al considerar que el crecimiento econ\u00f3mico y poblacional de esta zona demanda una infraestructura vial con mayor capacidad.<\/p>\n<p><a href=\"https:\/\/nuevodiario-assets.s3.us-east-2.amazonaws.com\/wp-content\/uploads\/2026\/08\/Anderson-de-los-Santos-pide-intervencion-urgente-de-carretera-Peralvillo-Santo-Domingo-y-propone-ampliarla-a-cuatro-carriles.mp4\">Anderson de los Santos pide intervenci\u00f3n urgente de carretera Peralvillo-Santo Domingo y propone ampliarla a cuatro carriles<\/a><\/p>\n<p>Asimismo, pidi\u00f3 al mandatario que, mientras se procura una soluci\u00f3n definitiva, se adopten medidas inmediatas para mejorar la circulaci\u00f3n y la seguridad en la carretera, incluyendo la eliminaci\u00f3n de un laberinto vial que calific\u00f3 de improcedente.<\/p>\n<p>\u201cEn nuestro gobierno, usted, como hombre de pensamiento, no solamente dise\u00f1e esa carretera, sino que nos gestione los recursos y que, por lo menos en su gobierno, empecemos\u201d, solicit\u00f3.<\/p>\n<p>De los Santos concluy\u00f3 afirmando que el desarrollo de la provincia Monte Plata requiere del compromiso de sus propios habitantes.<\/p>\n<p>\u201cEl desarrollo de Monte Plata no nos lo van a hacer; tenemos que construirlo nosotros\u201d, manifest\u00f3.<\/p>\n<p>La entrada <a href=\"https:\/\/elnuevodiario.com.do\/piden-intervenir-carretera-peralvillo-santo-domingo-y-ampliarla-a-cuatro-carriles\/\">Piden intervenir carretera Peralvillo-Santo Domingo y ampliarla a cuatro carriles<\/a> se public\u00f3 primero en <a href=\"https:\/\/elnuevodiario.com.do\">El Nuevo Diario (Rep\u00fablica Dominicana)<\/a>.<\/p>\n","protected":false},"excerpt":{"rendered":"EL NUEVO DIARIO, YAMAS\u00c1, MONTE PLATA.\u2013 El dirigente Anderson de los Santos&hellip;\n","protected":false},"author":1,"featured_media":66525,"comment_status":"open","ping_status":"open","sticky":false,"template":"","format":"standard","meta":{"footnotes":""},"categories":[1],"tags":[],"class_list":["post-66524","post","type-post","status-publish","format-standard","has-post-thumbnail","category-nacionales"],"_links":{"self":[{"href":"https:\/\/acronoticias.com\/index.php\/wp-json\/wp\/v2\/posts\/66524","targetHints":{"allow":["GET"]}}],"collection":[{"href":"https:\/\/acronoticias.com\/index.php\/wp-json\/wp\/v2\/posts"}],"about":[{"href":"https:\/\/acronoticias.com\/index.php\/wp-json\/wp\/v2\/types\/post"}],"author":[{"embeddable":true,"href":"https:\/\/acronoticias.com\/index.php\/wp-json\/wp\/v2\/users\/1"}],"replies":[{"embeddable":true,"href":"https:\/\/acronoticias.com\/index.php\/wp-json\/wp\/v2\/comments?post=66524"}],"version-history":[{"count":0,"href":"https:\/\/acronoticias.com\/index.php\/wp-json\/wp\/v2\/posts\/66524\/revisions"}],"wp:featuredmedia":[{"embeddable":true,"href":"https:\/\/acronoticias.com\/index.php\/wp-json\/wp\/v2\/media\/66525"}],"wp:attachment":[{"href":"https:\/\/acronoticias.com\/index.php\/wp-json\/wp\/v2\/media?parent=66524"}],"wp:term":[{"taxonomy":"category","embeddable":true,"href":"https:\/\/acronoticias.com\/index.php\/wp-json\/wp\/v2\/categories?post=66524"},{"taxonomy":"post_tag","embeddable":true,"href":"https:\/\/acronoticias.com\/index.php\/wp-json\/wp\/v2\/tags?post=66524"}],"curies":[{"name":"wp","href":"https:\/\/api.w.org\/{rel}","templated":true}]}}