{"id":66522,"date":"2026-09-01T02:29:40","date_gmt":"2026-09-01T02:29:40","guid":{"rendered":"https:\/\/acronoticias.com\/index.php\/2026\/09\/01\/coe-aumenta-a-21-las-provincias-en-alerta-por-onda-tropical\/"},"modified":"2026-09-01T02:29:40","modified_gmt":"2026-09-01T02:29:40","slug":"coe-aumenta-a-21-las-provincias-en-alerta-por-onda-tropical","status":"publish","type":"post","link":"https:\/\/acronoticias.com\/index.php\/2026\/09\/01\/coe-aumenta-a-21-las-provincias-en-alerta-por-onda-tropical\/","title":{"rendered":"COE aumenta a 21 las provincias en alerta por onda tropical"},"content":{"rendered":"<p><img loading=\"lazy\" decoding=\"async\" width=\"355\" height=\"200\" src=\"https:\/\/nuevodiario-assets.s3.us-east-2.amazonaws.com\/wp-content\/uploads\/2026\/08\/ALETA-ACTUALIZADA-COE-WEB.jpg-1-355x200.jpeg\" class=\"webfeedsFeaturedVisual wp-post-image\" alt=\"\" style=\"display: block;margin-bottom: 5px;clear:both;max-width: 100%\" \/><\/p>\n<p data-start=\"63\" data-end=\"324\">EL NUEVO DIARIO, SANTO DOMINGO.- El Centro de Operaciones de Emergencias (COE) aument\u00f3 a 21 las provincias y el Distrito Nacional bajo alerta debido a los efectos de una onda tropical que genera aguaceros, tronadas y posibles r\u00e1fagas de viento en distintas zonas del pa\u00eds.<\/p>\n<p data-start=\"326\" data-end=\"698\">En alerta amarilla se encuentran el Distrito Nacional, Monte Plata, San Crist\u00f3bal, Santo Domingo y Peravia; mientras que en alerta verde est\u00e1n El Seibo, Hato Mayor, La Altagracia, La Romana, Mar\u00eda Trinidad S\u00e1nchez, Dajab\u00f3n, Monte Cristi, Saman\u00e1, San Jos\u00e9 de Ocoa, San Pedro de Macor\u00eds, S\u00e1nchez Ram\u00edrez, Espaillat, Puerto Plata, Santiago Rodr\u00edguez, Valverde y Azua.<\/p>\n<p data-start=\"700\" data-end=\"969\">La actualizaci\u00f3n fue emitida luego de que el Instituto Dominicano de Meteorolog\u00eda (Indomet) informara sobre el aumento de la humedad en el territorio nacional por el paso de la onda tropical, condiciones que favorecen la ocurrencia de lluvias en diferentes localidades.<\/p>\n<p data-start=\"971\" data-end=\"1175\">De acuerdo con el pron\u00f3stico, algunas zonas podr\u00edan recibir acumulados de entre 50 y 75 mil\u00edmetros de lluvia, con posibilidad de inundaciones urbanas, principalmente en \u00e1reas bajas y v\u00edas de tr\u00e1nsito.<\/p>\n<p data-start=\"1177\" data-end=\"1346\">El COE exhort\u00f3 a la poblaci\u00f3n a mantenerse atenta a las recomendaciones de las autoridades y evitar cruzar r\u00edos, arroyos y ca\u00f1adas que presenten un aumento de su caudal.<\/p>\n<p data-start=\"1348\" data-end=\"1511\" data-is-last-node=\"\" data-is-only-node=\"\">Tambi\u00e9n recomend\u00f3 no utilizar balnearios ubicados en las provincias bajo alerta, debido al riesgo que representan las posibles crecidas de los cuerpos de agua.<\/p>\n<p>La entrada <a href=\"https:\/\/elnuevodiario.com.do\/coe-aumenta-a-21-las-provincias-en-alerta-por-onda-tropical\/\">COE aumenta a 21 las provincias en alerta por onda tropical<\/a> se public\u00f3 primero en <a href=\"https:\/\/elnuevodiario.com.do\">El Nuevo Diario (Rep\u00fablica Dominicana)<\/a>.<\/p>\n","protected":false},"excerpt":{"rendered":"EL NUEVO DIARIO, SANTO DOMINGO.- El Centro de Operaciones de Emergencias (COE)&hellip;\n","protected":false},"author":1,"featured_media":66523,"comment_status":"open","ping_status":"open","sticky":false,"template":"","format":"standard","meta":{"footnotes":""},"categories":[1],"tags":[],"class_list":["post-66522","post","type-post","status-publish","format-standard","has-post-thumbnail","category-nacionales"],"_links":{"self":[{"href":"https:\/\/acronoticias.com\/index.php\/wp-json\/wp\/v2\/posts\/66522","targetHints":{"allow":["GET"]}}],"collection":[{"href":"https:\/\/acronoticias.com\/index.php\/wp-json\/wp\/v2\/posts"}],"about":[{"href":"https:\/\/acronoticias.com\/index.php\/wp-json\/wp\/v2\/types\/post"}],"author":[{"embeddable":true,"href":"https:\/\/acronoticias.com\/index.php\/wp-json\/wp\/v2\/users\/1"}],"replies":[{"embeddable":true,"href":"https:\/\/acronoticias.com\/index.php\/wp-json\/wp\/v2\/comments?post=66522"}],"version-history":[{"count":0,"href":"https:\/\/acronoticias.com\/index.php\/wp-json\/wp\/v2\/posts\/66522\/revisions"}],"wp:featuredmedia":[{"embeddable":true,"href":"https:\/\/acronoticias.com\/index.php\/wp-json\/wp\/v2\/media\/66523"}],"wp:attachment":[{"href":"https:\/\/acronoticias.com\/index.php\/wp-json\/wp\/v2\/media?parent=66522"}],"wp:term":[{"taxonomy":"category","embeddable":true,"href":"https:\/\/acronoticias.com\/index.php\/wp-json\/wp\/v2\/categories?post=66522"},{"taxonomy":"post_tag","embeddable":true,"href":"https:\/\/acronoticias.com\/index.php\/wp-json\/wp\/v2\/tags?post=66522"}],"curies":[{"name":"wp","href":"https:\/\/api.w.org\/{rel}","templated":true}]}}