{"id":66520,"date":"2026-09-01T02:13:42","date_gmt":"2026-09-01T02:13:42","guid":{"rendered":"https:\/\/acronoticias.com\/index.php\/2026\/09\/01\/un-muerto-y-dos-heridos-en-sabaneta-de-yasica-por-colision-de-camion-y-automovil\/"},"modified":"2026-09-01T02:13:42","modified_gmt":"2026-09-01T02:13:42","slug":"un-muerto-y-dos-heridos-en-sabaneta-de-yasica-por-colision-de-camion-y-automovil","status":"publish","type":"post","link":"https:\/\/acronoticias.com\/index.php\/2026\/09\/01\/un-muerto-y-dos-heridos-en-sabaneta-de-yasica-por-colision-de-camion-y-automovil\/","title":{"rendered":"Un muerto y dos heridos en Sabaneta de Y\u00e1sica por colisi\u00f3n de cami\u00f3n y autom\u00f3vil"},"content":{"rendered":"<p><img loading=\"lazy\" decoding=\"async\" width=\"355\" height=\"200\" src=\"https:\/\/nuevodiario-assets.s3.us-east-2.amazonaws.com\/wp-content\/uploads\/2026\/08\/Un-muerto-y-dos-heridos-en-Sabaneta-de-Yasica-por-colision-de-camion-y-automovil-355x200.jpg\" class=\"webfeedsFeaturedVisual wp-post-image\" alt=\"\" style=\"display: block;margin-bottom: 5px;clear:both;max-width: 100%\" \/><\/p>\n<p>EL NUEVO DIARIO, PUERTO PLATA.- El choque frontal entre un cami\u00f3n que transportaba pollos y un autom\u00f3vil dej\u00f3 el saldo de un fallecido y dos heridos en el paraje Palo Amarillo, del distrito municipal Sabaneta de Y\u00e1sica.<\/p>\n<p>La v\u00edctima fatal fue identificada como el mec\u00e1nico Edward Burgos Acosta, alias \u201cEl Cient\u00edfico\u201d, quien conduc\u00eda el autom\u00f3vil marca BMW, veh\u00edculo que qued\u00f3 destruido en varios pedazos debido al fuerte impacto contra el cami\u00f3n.<\/p>\n<p>Burgos Acosta, quien resid\u00eda en el distrito municipal Veragua, falleci\u00f3 instant\u00e1neamente en el lugar a consecuencia de las severas y m\u00faltiples lesiones traum\u00e1ticas que recibi\u00f3 en el citado accidente, ocurrido en el tramo carretero Sabaneta de Y\u00e1sica-Jamao.<\/p>\n<p>Mientras que el conductor del cami\u00f3n y su ayudante, cuyas identidades no fue posible obtener, resultaron con golpes y fracturas en sus extremidades, por lo que fueron auxiliados por ambulancias del Sistema Nacional de Atenci\u00f3n a Emergencias y Seguridad 9-1-1.<\/p>\n<p>Asimismo, ambos heridos, debido a las m\u00faltiples lesiones de consideraci\u00f3n que presentan, debieron ser trasladados a un centro de salud de Puerto Plata, donde fueron ingresados y reciben atenciones m\u00e9dicas bajo pron\u00f3stico reservado.<\/p>\n<figure id=\"attachment_3260165\" aria-describedby=\"caption-attachment-3260165\" style=\"width: 225px\" class=\"wp-caption alignnone\"><img loading=\"lazy\" decoding=\"async\" data-recalc-dims=\"1\" class=\"size-medium wp-image-3260165\" src=\"https:\/\/i0.wp.com\/nuevodiario-assets.s3.us-east-2.amazonaws.com\/wp-content\/uploads\/2026\/08\/Un-muerto-y-dos-heridos-en-Sabaneta-de-Yasica-por-colision-de-camion-y-automovil-1-225x400.jpg?resize=225%2C400&quality=100&ssl=1\" alt=\"\" width=\"225\" height=\"400\" \/><figcaption id=\"caption-attachment-3260165\" class=\"wp-caption-text\">Foto: Antonio Heredia \/ END<\/figcaption><\/figure>\n<p>Las investigaciones realizadas al respecto por la Direcci\u00f3n General de Seguridad de Tr\u00e1nsito y Transporte Terrestre (Digesett) arrojaron que los dos veh\u00edculos chocaron de frente debido a la excesiva velocidad con que se desplazaban por la mencionada carretera.<\/p>\n<p>En otro accidente ocurrido en el distrito municipal Sabaneta de Y\u00e1sica, exactamente en el barrio Canta La Rana, del sector Verd\u00fan, un joven no identificado result\u00f3 lesionado cuando la motocicleta que conduc\u00eda a alta velocidad sufri\u00f3 un deslizamiento.<\/p>\n<p>La entrada <a href=\"https:\/\/elnuevodiario.com.do\/un-muerto-y-dos-heridos-en-sabaneta-de-yasica-por-colision-de-camion-y-automovil\/\">Un muerto y dos heridos en Sabaneta de Y\u00e1sica por colisi\u00f3n de cami\u00f3n y autom\u00f3vil<\/a> se public\u00f3 primero en <a href=\"https:\/\/elnuevodiario.com.do\">El Nuevo Diario (Rep\u00fablica Dominicana)<\/a>.<\/p>\n","protected":false},"excerpt":{"rendered":"EL NUEVO DIARIO, PUERTO PLATA.- El choque frontal entre un cami\u00f3n que&hellip;\n","protected":false},"author":1,"featured_media":66521,"comment_status":"open","ping_status":"open","sticky":false,"template":"","format":"standard","meta":{"footnotes":""},"categories":[1],"tags":[],"class_list":["post-66520","post","type-post","status-publish","format-standard","has-post-thumbnail","category-nacionales"],"_links":{"self":[{"href":"https:\/\/acronoticias.com\/index.php\/wp-json\/wp\/v2\/posts\/66520","targetHints":{"allow":["GET"]}}],"collection":[{"href":"https:\/\/acronoticias.com\/index.php\/wp-json\/wp\/v2\/posts"}],"about":[{"href":"https:\/\/acronoticias.com\/index.php\/wp-json\/wp\/v2\/types\/post"}],"author":[{"embeddable":true,"href":"https:\/\/acronoticias.com\/index.php\/wp-json\/wp\/v2\/users\/1"}],"replies":[{"embeddable":true,"href":"https:\/\/acronoticias.com\/index.php\/wp-json\/wp\/v2\/comments?post=66520"}],"version-history":[{"count":0,"href":"https:\/\/acronoticias.com\/index.php\/wp-json\/wp\/v2\/posts\/66520\/revisions"}],"wp:featuredmedia":[{"embeddable":true,"href":"https:\/\/acronoticias.com\/index.php\/wp-json\/wp\/v2\/media\/66521"}],"wp:attachment":[{"href":"https:\/\/acronoticias.com\/index.php\/wp-json\/wp\/v2\/media?parent=66520"}],"wp:term":[{"taxonomy":"category","embeddable":true,"href":"https:\/\/acronoticias.com\/index.php\/wp-json\/wp\/v2\/categories?post=66520"},{"taxonomy":"post_tag","embeddable":true,"href":"https:\/\/acronoticias.com\/index.php\/wp-json\/wp\/v2\/tags?post=66520"}],"curies":[{"name":"wp","href":"https:\/\/api.w.org\/{rel}","templated":true}]}}