{"id":66517,"date":"2026-09-01T02:01:36","date_gmt":"2026-09-01T02:01:36","guid":{"rendered":"https:\/\/acronoticias.com\/index.php\/2026\/09\/01\/aguaceros-y-tormentas-electricas-marcaran-la-jornada-de-este-martes-en-gran-parte-del-pais\/"},"modified":"2026-09-01T02:01:36","modified_gmt":"2026-09-01T02:01:36","slug":"aguaceros-y-tormentas-electricas-marcaran-la-jornada-de-este-martes-en-gran-parte-del-pais","status":"publish","type":"post","link":"https:\/\/acronoticias.com\/index.php\/2026\/09\/01\/aguaceros-y-tormentas-electricas-marcaran-la-jornada-de-este-martes-en-gran-parte-del-pais\/","title":{"rendered":"Aguaceros y tormentas el\u00e9ctricas marcar\u00e1n la jornada de este martes en gran parte del pa\u00eds"},"content":{"rendered":"<div>\n<div class=\"c-detail__author full\">\n<div>\n<div class=\"c-detail__author__thumb\">\n<figure>\n                                <picture src=\"https:\/\/imagenes.hoy.com.do\/files\/image_square_xs\/uploads\/2025\/11\/07\/690dd0632c2cb.jpeg\" data-size=\"w:40,h:40\">\n                                    <img decoding=\"async\" loading=\"lazy\" alt=\"Lency Alc\u00e1ntara\" width=\"40\" height=\"40\" src=\"https:\/\/imagenes.hoy.com.do\/files\/image_square_xs\/uploads\/2025\/11\/07\/690dd0632c2cb.jpeg\"\/>\n                                <\/picture>\n                                <\/figure>\n<\/div>\n<\/div>\n<\/div>\n<p>                                                                                            <!-- --><\/p>\n<p class=\"paragraph\">\u00a0La vaguada y los efectos del viento del este\/noreste continuar\u00e1n arrastrando campos nubosos desde la madrugada de este martes, generando aguaceros moderados a fuertes, tormentas el\u00e9ctricas y r\u00e1fagas de viento en el litoral costero caribe\u00f1o.\u00a0<\/p>\n<p class=\"paragraph\">Las precipitaciones se extender\u00e1n en horas de la tarde hacia las regiones noreste, norte, noroeste, Cordillera Central y la zona fronteriza, manteniendo un ambiente inestable en gran parte del territorio nacional.<\/p>\n<p class=\"paragraph\">Las provincias m\u00e1s afectadas incluyen San Pedro de Macor\u00eds, Hato Mayor, Monte Plata, La Vega, Duarte, Santiago, Puerto Plata, San Crist\u00f3bal y el Gran Santo Domingo, donde se esperan nublados frecuentes y descargas el\u00e9ctricas.<\/p>\n<p class=\"paragraph\">El organismo meteorol\u00f3gico mantiene avisos y alertas ante posibles crecidas de r\u00edos, arroyos y ca\u00f1adas, as\u00ed como inundaciones repentinas en zonas vulnerables.<\/p>\n<div class=\"c-detail__box \">\n<article class=\"c-detail__sumario \">\n<figure class=\"c-detail__sumario__thumb\" style=\"display: block;\">\n            <a href=\"#\" title=\"\">\n                <picture data-size=\"w:140,h:140\" loading=\"lazy\" src=\"https:\/\/imagenes.hoy.com.do\/files\/related_image\/files\/fp\/uploads\/2026\/08\/31\/6a95c0a66a5c8.r_d.146-445.jpeg\" data-full-src=\"https:\/\/imagenes.hoy.com.do\/uploads\/2026\/08\/31\/6a95c0a66a5c8.jpeg\">\n                    <img loading=\"lazy\" decoding=\"async\" width=\"140\" height=\"140\" alt=\"Mapa de alertas del COE\" src=\"https:\/\/imagenes.hoy.com.do\/uploads\/2026\/08\/31\/6a95c0a66a5c8.jpeg\"\/>\n                <\/picture>\n            <\/a><br \/>\n        <\/figure>\n<\/article>\n<\/div>\n<p class=\"paragraph\">En el Distrito Nacional y Santo Domingo se prev\u00e9n incrementos nubosos con aguaceros, tronadas y r\u00e1fagas de viento durante la tarde y primeras horas de la noche. Las temperaturas oscilar\u00e1n entre 24 \u00b0C y 26 \u00b0C en la madrugada y entre 34 \u00b0C y 36 \u00b0C en el d\u00eda, con sensaci\u00f3n t\u00e9rmica elevada.<\/p>\n<\/p><\/div>\n","protected":false},"excerpt":{"rendered":"\u00a0La vaguada y los efectos del viento del este\/noreste continuar\u00e1n arrastrando campos&hellip;\n","protected":false},"author":1,"featured_media":62734,"comment_status":"open","ping_status":"open","sticky":false,"template":"","format":"standard","meta":{"footnotes":""},"categories":[3],"tags":[],"class_list":["post-66517","post","type-post","status-publish","format-standard","has-post-thumbnail","category-internacionales"],"_links":{"self":[{"href":"https:\/\/acronoticias.com\/index.php\/wp-json\/wp\/v2\/posts\/66517","targetHints":{"allow":["GET"]}}],"collection":[{"href":"https:\/\/acronoticias.com\/index.php\/wp-json\/wp\/v2\/posts"}],"about":[{"href":"https:\/\/acronoticias.com\/index.php\/wp-json\/wp\/v2\/types\/post"}],"author":[{"embeddable":true,"href":"https:\/\/acronoticias.com\/index.php\/wp-json\/wp\/v2\/users\/1"}],"replies":[{"embeddable":true,"href":"https:\/\/acronoticias.com\/index.php\/wp-json\/wp\/v2\/comments?post=66517"}],"version-history":[{"count":0,"href":"https:\/\/acronoticias.com\/index.php\/wp-json\/wp\/v2\/posts\/66517\/revisions"}],"wp:featuredmedia":[{"embeddable":true,"href":"https:\/\/acronoticias.com\/index.php\/wp-json\/wp\/v2\/media\/62734"}],"wp:attachment":[{"href":"https:\/\/acronoticias.com\/index.php\/wp-json\/wp\/v2\/media?parent=66517"}],"wp:term":[{"taxonomy":"category","embeddable":true,"href":"https:\/\/acronoticias.com\/index.php\/wp-json\/wp\/v2\/categories?post=66517"},{"taxonomy":"post_tag","embeddable":true,"href":"https:\/\/acronoticias.com\/index.php\/wp-json\/wp\/v2\/tags?post=66517"}],"curies":[{"name":"wp","href":"https:\/\/api.w.org\/{rel}","templated":true}]}}