{"id":66515,"date":"2026-09-01T01:57:50","date_gmt":"2026-09-01T01:57:50","guid":{"rendered":"https:\/\/acronoticias.com\/index.php\/2026\/09\/01\/cinco-jovenes-dominicanos-asumen-el-reto-de-recuperar-un-record-guinness-de-lectura-en-voz-alta\/"},"modified":"2026-09-01T01:57:50","modified_gmt":"2026-09-01T01:57:50","slug":"cinco-jovenes-dominicanos-asumen-el-reto-de-recuperar-un-record-guinness-de-lectura-en-voz-alta","status":"publish","type":"post","link":"https:\/\/acronoticias.com\/index.php\/2026\/09\/01\/cinco-jovenes-dominicanos-asumen-el-reto-de-recuperar-un-record-guinness-de-lectura-en-voz-alta\/","title":{"rendered":"Cinco j\u00f3venes dominicanos asumen el reto de recuperar un r\u00e9cord Guinness de lectura en voz alta"},"content":{"rendered":"<p><img decoding=\"async\" width=\"355\" height=\"200\" src=\"https:\/\/nuevodiario-assets.s3.us-east-2.amazonaws.com\/wp-content\/uploads\/2026\/08\/Cinco-jovenes-dominicanos-asumen-el-reto-de-recuperar-un-Record-Guinness-de-lectura-en-voz-alta-7-355x200.jpeg\" class=\"webfeedsFeaturedVisual wp-post-image\" alt=\"\" style=\"display: block;margin-bottom: 5px;clear:both;max-width: 100%\" loading=\"lazy\" \/><\/p>\n<p>EL NUEVO DIARIO, SANTO DOMINGO. \u2013 Cinco j\u00f3venes dominicanos iniciaron este lunes el desaf\u00edo \u201cJuventud en Voz Alta\u201d con el que buscan recuperar para la Rep\u00fablica Dominicana el r\u00e9cord Guinness de lectura en voz alta por equipos, en una jornada que se extender\u00e1 durante 20 d\u00edas consecutivos.<\/p>\n<div class=\"qMYqUG_convSearchResultHighlightRoot\">\n<div class=\"\" data-turn-id-container=\"request-WEB:14281828-5c24-4a6a-91e0-13db62fe4b0b-24\" data-is-intersecting=\"true\">\n<section class=\"text-token-text-primary w-full focus:outline-none has-data-writing-block:pointer-events-none [&:has([data-writing-block])>*]:pointer-events-auto R6Vx5W_threadScrollVars scroll-mb-[calc(var(--scroll-root-safe-area-inset-bottom,0px)+var(--thread-response-height))] scroll-mt-[calc(var(--header-height)+min(200px,max(70px,20svh)))]\" dir=\"auto\" data-turn-id=\"request-WEB:14281828-5c24-4a6a-91e0-13db62fe4b0b-24\" data-turn-id-container=\"request-WEB:14281828-5c24-4a6a-91e0-13db62fe4b0b-24\" data-testid=\"conversation-turn-50\" data-turn=\"assistant\">\n<div class=\"text-base my-auto mx-auto pb-8 [--thread-content-margin:var(--thread-content-margin-xs,calc(var(--spacing)*4))] @w-sm\/main:[--thread-content-margin:var(--thread-content-margin-sm,calc(var(--spacing)*6))] @w-lg\/main:[--thread-content-margin:var(--thread-content-margin-lg,calc(var(--spacing)*16))] px-(--thread-content-margin)\">\n<div class=\"[--thread-content-max-width:40rem] @w-lg\/main:[--thread-content-max-width:48rem] mx-auto max-w-(--thread-content-max-width) flex-1 group\/turn-messages focus-visible:outline-hidden relative flex w-full min-w-0 flex-col agent-turn\" data-conversation-screenshot-content=\"\">\n<div class=\"flex max-w-full flex-col gap-4 grow\">\n<div class=\"min-h-8 text-message relative flex w-full flex-col items-end gap-2 text-start break-words whitespace-normal outline-none keyboard-focused:focus-ring [.text-message+&]:mt-1\" dir=\"auto\" tabindex=\"0\" data-message-author-role=\"assistant\" data-message-id=\"b98e167a-c577-41f4-9b10-a958a65a2ff6\" data-message-model-slug=\"gpt-5-6-mini\" data-turn-start-message=\"true\">\n<div class=\"flex w-full flex-col gap-1 empty:hidden\">\n<div class=\"markdown prose dark:prose-invert wrap-break-word w-full light markdown-new-styling\">\n<p data-start=\"368\" data-end=\"605\">El reto comenz\u00f3 este 31 de agosto y concluir\u00e1 el 20 de septiembre, per\u00edodo durante el cual los participantes deber\u00e1n realizar lecturas en voz alta de manera ininterrumpida, bajo las condiciones establecidas para la validaci\u00f3n del r\u00e9cord.<\/p>\n<p><a href=\"https:\/\/elnuevodiario.com.do\/cinco-jovenes-dominicanos-asumen-el-reto-de-recuperar-un-record-guinness-de-lectura-en-voz-alta\/cinco-jovenes-dominicanos-asumen-el-reto-de-recuperar-un-record-guinness-de-lectura-en-voz-alta-5\/\"><img decoding=\"async\" data-recalc-dims=\"1\" loading=\"lazy\" width=\"640\" height=\"427\" src=\"https:\/\/i0.wp.com\/nuevodiario-assets.s3.us-east-2.amazonaws.com\/wp-content\/uploads\/2026\/08\/Cinco-jovenes-dominicanos-asumen-el-reto-de-recuperar-un-Record-Guinness-de-lectura-en-voz-alta-5.jpeg?resize=640%2C427&quality=100&ssl=1\" class=\"attachment-full size-full\" alt=\"\" \/><\/a><br \/>\n<a href=\"https:\/\/elnuevodiario.com.do\/cinco-jovenes-dominicanos-asumen-el-reto-de-recuperar-un-record-guinness-de-lectura-en-voz-alta\/cinco-jovenes-dominicanos-asumen-el-reto-de-recuperar-un-record-guinness-de-lectura-en-voz-alta-6-2\/\"><img decoding=\"async\" data-recalc-dims=\"1\" loading=\"lazy\" width=\"640\" height=\"427\" src=\"https:\/\/i0.wp.com\/nuevodiario-assets.s3.us-east-2.amazonaws.com\/wp-content\/uploads\/2026\/08\/Cinco-jovenes-dominicanos-asumen-el-reto-de-recuperar-un-Record-Guinness-de-lectura-en-voz-alta-6-1.jpeg?resize=640%2C427&quality=100&ssl=1\" class=\"attachment-full size-full\" alt=\"\" \/><\/a><\/p>\n<p data-start=\"607\" data-end=\"817\">El ministro de la Juventud, Carlos Valdez destac\u00f3 que la iniciativa busca demostrar la capacidad de los j\u00f3venes dominicanos para asumir grandes desaf\u00edos mediante la disciplina, la educaci\u00f3n y la perseverancia.<\/p>\n<p data-start=\"819\" data-end=\"1048\">\u201cEste reto representa mucho m\u00e1s que intentar recuperar un r\u00e9cord mundial. Estos cinco j\u00f3venes est\u00e1n asumiendo el compromiso de representar a toda una generaci\u00f3n que tiene la capacidad de proponerse grandes metas\u201d, expres\u00f3 Valdez.<\/p>\n<p><a href=\"https:\/\/elnuevodiario.com.do\/cinco-jovenes-dominicanos-asumen-el-reto-de-recuperar-un-record-guinness-de-lectura-en-voz-alta\/cinco-jovenes-dominicanos-asumen-el-reto-de-recuperar-un-record-guinness-de-lectura-en-voz-alta-3\/\"><img decoding=\"async\" data-recalc-dims=\"1\" loading=\"lazy\" width=\"640\" height=\"427\" src=\"https:\/\/i0.wp.com\/nuevodiario-assets.s3.us-east-2.amazonaws.com\/wp-content\/uploads\/2026\/08\/Cinco-jovenes-dominicanos-asumen-el-reto-de-recuperar-un-Record-Guinness-de-lectura-en-voz-alta-3.jpeg?resize=640%2C427&quality=100&ssl=1\" class=\"attachment-full size-full\" alt=\"\" \/><\/a><br \/>\n<a href=\"https:\/\/elnuevodiario.com.do\/cinco-jovenes-dominicanos-asumen-el-reto-de-recuperar-un-record-guinness-de-lectura-en-voz-alta\/cinco-jovenes-dominicanos-asumen-el-reto-de-recuperar-un-record-guinness-de-lectura-en-voz-alta-4\/\"><img decoding=\"async\" data-recalc-dims=\"1\" loading=\"lazy\" width=\"640\" height=\"427\" src=\"https:\/\/i0.wp.com\/nuevodiario-assets.s3.us-east-2.amazonaws.com\/wp-content\/uploads\/2026\/08\/Cinco-jovenes-dominicanos-asumen-el-reto-de-recuperar-un-Record-Guinness-de-lectura-en-voz-alta-4.jpeg?resize=640%2C427&quality=100&ssl=1\" class=\"attachment-full size-full\" alt=\"\" \/><\/a><\/p>\n<p data-start=\"1050\" data-end=\"1283\">La ciudadan\u00eda podr\u00e1 seguir el desarrollo de la jornada a trav\u00e9s de una transmisi\u00f3n en vivo durante las 24 horas de cada d\u00eda, con la participaci\u00f3n de familiares, estudiantes, instituciones, medios de comunicaci\u00f3n y p\u00fablico en general.<\/p>\n<p data-start=\"1285\" data-end=\"1509\">El proyecto cuenta con FAIA Media como aliado principal y responsable de la transmisi\u00f3n y producci\u00f3n audiovisual del desaf\u00edo durante los 20 d\u00edas, lo que permitir\u00e1 su seguimiento tanto en el pa\u00eds como desde el extranjero.<\/p>\n<p><a href=\"https:\/\/elnuevodiario.com.do\/cinco-jovenes-dominicanos-asumen-el-reto-de-recuperar-un-record-guinness-de-lectura-en-voz-alta\/cinco-jovenes-dominicanos-asumen-el-reto-de-recuperar-un-record-guinness-de-lectura-en-voz-alta-1\/\"><img decoding=\"async\" data-recalc-dims=\"1\" loading=\"lazy\" width=\"640\" height=\"427\" src=\"https:\/\/i0.wp.com\/nuevodiario-assets.s3.us-east-2.amazonaws.com\/wp-content\/uploads\/2026\/08\/Cinco-jovenes-dominicanos-asumen-el-reto-de-recuperar-un-Record-Guinness-de-lectura-en-voz-alta-1.jpeg?resize=640%2C427&quality=100&ssl=1\" class=\"attachment-full size-full\" alt=\"\" \/><\/a><br \/>\n<a href=\"https:\/\/elnuevodiario.com.do\/cinco-jovenes-dominicanos-asumen-el-reto-de-recuperar-un-record-guinness-de-lectura-en-voz-alta\/cinco-jovenes-dominicanos-asumen-el-reto-de-recuperar-un-record-guinness-de-lectura-en-voz-alta-2\/\"><img decoding=\"async\" data-recalc-dims=\"1\" loading=\"lazy\" width=\"640\" height=\"427\" src=\"https:\/\/i0.wp.com\/nuevodiario-assets.s3.us-east-2.amazonaws.com\/wp-content\/uploads\/2026\/08\/Cinco-jovenes-dominicanos-asumen-el-reto-de-recuperar-un-Record-Guinness-de-lectura-en-voz-alta-2.jpeg?resize=640%2C427&quality=100&ssl=1\" class=\"attachment-full size-full\" alt=\"\" \/><\/a><\/p>\n<p data-start=\"1511\" data-end=\"1682\">El Ministerio de Educaci\u00f3n (Minerd) seleccion\u00f3 a los cinco participantes mediante el PLERD y coordina la integraci\u00f3n de unos 30 centros educativos y 1,500 estudiantes.<\/p>\n<p data-start=\"1684\" data-end=\"1941\">Mientras, el Instituto Nacional de Bienestar Estudiantil (Inabie) tiene a su cargo la alimentaci\u00f3n de los cinco j\u00f3venes y Grupo Ramos suministra las meriendas durante el desarrollo del reto, adem\u00e1s de la vestimenta que utilizar\u00e1n los participantes.<\/p>\n<p data-start=\"1943\" data-end=\"2181\">El Ministerio de la Juventud inform\u00f3 que con la iniciativa busca promover la lectura y la educaci\u00f3n entre los j\u00f3venes, adem\u00e1s de impulsar el trabajo en equipo y la disciplina como herramientas para alcanzar metas de alcance internacional.<\/p>\n<p data-start=\"2183\" data-end=\"2344\" data-is-only-node=\"\">Los cinco participantes deber\u00e1n completar los 20 d\u00edas del desaf\u00edo bajo las reglas establecidas para que el intento pueda ser validado por Guinness World Records.<\/p>\n<\/div>\n<\/div>\n<\/div>\n<\/div>\n<div class=\"z-0 flex min-h-[46px] justify-start\"><\/div>\n<div class=\"mt-3 w-full empty:hidden has-[>_:empty]:hidden\">\n<div class=\"text-center\"><\/div>\n<\/div>\n<\/div>\n<div class=\"[--thread-content-max-width:40rem] @w-lg\/main:[--thread-content-max-width:48rem] mx-auto max-w-(--thread-content-max-width) flex-1\" data-conversation-screenshot-content=\"\">\n<div><\/div>\n<\/div>\n<\/div>\n<\/section>\n<\/div>\n<\/div>\n<div class=\"pointer-events-none -mt-px h-px translate-y-(--scroll-root-safe-area-inset-bottom)\" aria-hidden=\"true\"><\/div>\n<p>La entrada <a href=\"https:\/\/elnuevodiario.com.do\/cinco-jovenes-dominicanos-asumen-el-reto-de-recuperar-un-record-guinness-de-lectura-en-voz-alta\/\">Cinco j\u00f3venes dominicanos asumen el reto de recuperar un r\u00e9cord Guinness de lectura en voz alta<\/a> se public\u00f3 primero en <a href=\"https:\/\/elnuevodiario.com.do\">El Nuevo Diario (Rep\u00fablica Dominicana)<\/a>.<\/p>\n","protected":false},"excerpt":{"rendered":"EL NUEVO DIARIO, SANTO DOMINGO. \u2013 Cinco j\u00f3venes dominicanos iniciaron este lunes&hellip;\n","protected":false},"author":1,"featured_media":66516,"comment_status":"open","ping_status":"open","sticky":false,"template":"","format":"standard","meta":{"footnotes":""},"categories":[1],"tags":[],"class_list":["post-66515","post","type-post","status-publish","format-standard","has-post-thumbnail","category-nacionales"],"_links":{"self":[{"href":"https:\/\/acronoticias.com\/index.php\/wp-json\/wp\/v2\/posts\/66515","targetHints":{"allow":["GET"]}}],"collection":[{"href":"https:\/\/acronoticias.com\/index.php\/wp-json\/wp\/v2\/posts"}],"about":[{"href":"https:\/\/acronoticias.com\/index.php\/wp-json\/wp\/v2\/types\/post"}],"author":[{"embeddable":true,"href":"https:\/\/acronoticias.com\/index.php\/wp-json\/wp\/v2\/users\/1"}],"replies":[{"embeddable":true,"href":"https:\/\/acronoticias.com\/index.php\/wp-json\/wp\/v2\/comments?post=66515"}],"version-history":[{"count":0,"href":"https:\/\/acronoticias.com\/index.php\/wp-json\/wp\/v2\/posts\/66515\/revisions"}],"wp:featuredmedia":[{"embeddable":true,"href":"https:\/\/acronoticias.com\/index.php\/wp-json\/wp\/v2\/media\/66516"}],"wp:attachment":[{"href":"https:\/\/acronoticias.com\/index.php\/wp-json\/wp\/v2\/media?parent=66515"}],"wp:term":[{"taxonomy":"category","embeddable":true,"href":"https:\/\/acronoticias.com\/index.php\/wp-json\/wp\/v2\/categories?post=66515"},{"taxonomy":"post_tag","embeddable":true,"href":"https:\/\/acronoticias.com\/index.php\/wp-json\/wp\/v2\/tags?post=66515"}],"curies":[{"name":"wp","href":"https:\/\/api.w.org\/{rel}","templated":true}]}}