{"id":66510,"date":"2026-09-01T01:09:47","date_gmt":"2026-09-01T01:09:47","guid":{"rendered":"https:\/\/acronoticias.com\/index.php\/2026\/09\/01\/gobierno-anuncia-que-avanza-trabajo-de-la-carretera-del-ambar-para-conectar-santiago-y-puerto-plata-en-unos-30-45-minutos\/"},"modified":"2026-09-01T01:09:47","modified_gmt":"2026-09-01T01:09:47","slug":"gobierno-anuncia-que-avanza-trabajo-de-la-carretera-del-ambar-para-conectar-santiago-y-puerto-plata-en-unos-30-45-minutos","status":"publish","type":"post","link":"https:\/\/acronoticias.com\/index.php\/2026\/09\/01\/gobierno-anuncia-que-avanza-trabajo-de-la-carretera-del-ambar-para-conectar-santiago-y-puerto-plata-en-unos-30-45-minutos\/","title":{"rendered":"Gobierno anuncia que avanza trabajo de la carretera del \u00c1mbar para conectar Santiago y Puerto Plata en unos 30-45 minutos"},"content":{"rendered":"<p><img loading=\"lazy\" decoding=\"async\" width=\"355\" height=\"200\" src=\"https:\/\/nuevodiario-assets.s3.us-east-2.amazonaws.com\/wp-content\/uploads\/2026\/08\/xvcvxcvcx-355x200.png\" class=\"webfeedsFeaturedVisual wp-post-image\" alt=\"\" style=\"display: block;margin-bottom: 5px;clear:both;max-width: 100%\" \/><\/p>\n<p><strong>EL NUEVO DIARIO, SANTO DOMINGO. \u2013<\/strong> El Gobierno inform\u00f3 que ya fue adjudicada la carretera del \u00c1mbar, que conectar\u00e1 a Santiago con Puerto Plata en aproximadamente 30 a 45 minutos, y asegur\u00f3 que los trabajos avanzan con la elaboraci\u00f3n del dise\u00f1o definitivo, mientras se coordinan las expropiaciones necesarias para ejecutar el proyecto.<\/p>\n<p>El anuncio fue realizado por el ministro Eduardo Estrella, quien explic\u00f3 que ya se entreg\u00f3 el avance correspondiente al contratista y que se realizaron las vistas p\u00fablicas y los estudios relacionados con el impacto ambiental en Santiago y Puerto Plata.<\/p>\n<p>\u201cYa la adjudicamos, se entreg\u00f3 el avance al contratista, se est\u00e1 haciendo la vista p\u00fablica y se hizo ya la de Santiago y en Puerto Plata con Medio Ambiente de impacto ambiental\u201d, explic\u00f3 Estrella.<\/p>\n<p>Agreg\u00f3 que, de manera paralela, el Gobierno y el contratista trabajan en los dise\u00f1os definitivos de la obra y se preparan para instalar el campamento, mientras se inicia el proceso de expropiaciones, uno de los procedimientos que suele tomar m\u00e1s tiempo en proyectos de esta naturaleza.<\/p>\n<p>El funcionario precis\u00f3 que se trata de un proyecto bajo la modalidad de dise\u00f1o y construcci\u00f3n, por lo que el inicio definitivo de los trabajos en el terreno est\u00e1 condicionado a la aprobaci\u00f3n de los estudios de impacto ambiental.<\/p>\n<h3 id=\"una-via-de-unos-32-kilometros\">Una v\u00eda de unos 32 kil\u00f3metros<\/h3>\n<p>La carretera del \u00c1mbar tendr\u00e1 una extensi\u00f3n aproximada de 32 kil\u00f3metros y permitir\u00e1 reducir de manera significativa el tiempo de desplazamiento entre Santiago y Puerto Plata.<\/p>\n<p>Estrella estim\u00f3 que el recorrido podr\u00e1 realizarse en unos 30 minutos, mientras que el presidente Luis Abinader calcul\u00f3 que podr\u00eda tomar alrededor de 45 minutos, frente a la hora y 15 minutos que actualmente puede requerir el trayecto por las v\u00edas existentes.<\/p>\n<p>Abinader destac\u00f3 que la nueva carretera tendr\u00e1 adem\u00e1s un valor estrat\u00e9gico para el turismo, debido a que permitir\u00e1 una conexi\u00f3n m\u00e1s r\u00e1pida entre dos aeropuertos, fortaleciendo el v\u00ednculo entre Santiago y Puerto Plata.<\/p>\n<p>El mandatario resalt\u00f3 que la v\u00eda contribuir\u00e1 a consolidar un gran eje econ\u00f3mico en el norte del pa\u00eds, integrado por Santiago, Puerto Plata, La Vega, Moca y los municipios de la provincia de Santiago, evitando que el desarrollo econ\u00f3mico dominicano se concentre \u00fanicamente alrededor de Santo Domingo.<\/p>\n<p>La carretera contar\u00e1 con varios t\u00faneles, de acuerdo con lo explicado por Estrella, y el dise\u00f1o contempla medidas para proteger el medio ambiente durante su construcci\u00f3n.<\/p>\n<p>El presidente Abinader indic\u00f3 que los primeros recursos ya fueron entregados al contratista y estim\u00f3 que, una vez obtenidos los permisos correspondientes, los trabajos podr\u00edan comenzar en los pr\u00f3ximos meses.<\/p>\n<h3 id=\"pedernales-tendra-una-segunda-entrada-y-una-solucion-al-derrumbado\">Pedernales tendr\u00e1 una segunda entrada y una soluci\u00f3n al \u201cDerrumbado\u201d<\/h3>\n<p>Durante la exposici\u00f3n, el presidente Abinader tambi\u00e9n explic\u00f3 el alcance de otras obras viales estrat\u00e9gicas para el desarrollo de Pedernales.<\/p>\n<p>Entre ellas destac\u00f3 la carretera Cabral-Polo-Enriquillo, que se encuentra aproximadamente en un 80 % de ejecuci\u00f3n y de la cual queda pendiente un tramo entre Enriquillo y Polo.<\/p>\n<p>La obra permitir\u00e1 establecer una segunda entrada a Pedernales, adicional a la carretera costera.<\/p>\n<p>Abinader explic\u00f3 que esta nueva conexi\u00f3n tambi\u00e9n contribuir\u00e1 a solucionar el hist\u00f3rico problema del tramo conocido como El Derrumbado, en la carretera costera, donde los deslizamientos de tierra han provocado constantes dificultades para el tr\u00e1nsito.<\/p>\n<p>\u201cEsa es la soluci\u00f3n para El Derrumbado\u201d, afirm\u00f3 el mandatario, aunque aclar\u00f3 que forma parte de un conjunto de soluciones viales para esa regi\u00f3n.<\/p>\n<p>A esto se suma la carretera Duverg\u00e9-Puerto Escondido-Pedernales, que permitir\u00e1 conectar Pedernales con Bahoruco, Independencia y San Juan de la Maguana.<\/p>\n<p>Abinader explic\u00f3 que esta carretera ser\u00e1 fundamental para el desarrollo econ\u00f3mico de Pedernales, ya que permitir\u00e1 suplir de productos y mano de obra al creciente polo tur\u00edstico de la provincia desde otras localidades de la regi\u00f3n.<\/p>\n<p>El presidente se\u00f1al\u00f3 que, con la llegada de nuevos hoteles y el desarrollo de Cabo Rojo, la poblaci\u00f3n de Pedernales por s\u00ed sola no ser\u00e1 suficiente para cubrir la demanda de trabajadores y servicios que generar\u00e1 el proyecto tur\u00edstico.<\/p>\n<p>Por ello, consider\u00f3 indispensable integrar econ\u00f3micamente a Independencia, Neyba y otras comunidades del sur con Pedernales.<\/p>\n<h3 id=\"acueductos-y-plantas-de-tratamiento-protegeran-las-playas\">Acueductos y plantas de tratamiento proteger\u00e1n las playas<\/h3>\n<p>En materia de agua y saneamiento, el Gobierno anunci\u00f3 un importante programa destinado a reforzar los sistemas de abastecimiento y tratamiento de aguas residuales en las zonas costeras.<\/p>\n<p>El presidente Abinader explic\u00f3 que el proyecto ser\u00e1 desarrollado por el INAPA, con el acompa\u00f1amiento del Banco Interamericano de Desarrollo (BID), y contempla la construcci\u00f3n y mejora de plantas de tratamiento de aguas residuales en Boca Chica, San Pedro de Macor\u00eds, La Romana, Hig\u00fcey y Ver\u00f3n.<\/p>\n<p>El objetivo fundamental es evitar que las aguas residuales de estos municipios, ubicados pr\u00f3ximos al litoral, terminen contaminando las playas.<\/p>\n<p>Abinader destac\u00f3 que estas obras representan una inversi\u00f3n estrat\u00e9gica para garantizar la sostenibilidad ambiental del desarrollo tur\u00edstico de las zonas costeras.<\/p>\n<p>Precis\u00f3 que los trabajos ya comenzaron en Boca Chica.<\/p>\n<p>El proyecto adquiere especial relevancia debido al crecimiento acelerado de las comunidades costeras y la expansi\u00f3n de los proyectos tur\u00edsticos, que incrementan la demanda de servicios de agua potable y saneamiento.<\/p>\n<h3 id=\"nuevo-acueducto-para-el-cibao-central\">Nuevo acueducto para el Cibao Central<\/h3>\n<p>El mandatario tambi\u00e9n anunci\u00f3 como uno de los proyectos de futuro la ampliaci\u00f3n del sistema de abastecimiento del Cibao Central.<\/p>\n<p>Explic\u00f3 que el acueducto fue dise\u00f1ado hace aproximadamente 20 a\u00f1os y que el crecimiento experimentado por Santiago y otras localidades de la regi\u00f3n hace necesaria su ampliaci\u00f3n.<\/p>\n<p>La nueva planificaci\u00f3n contempla separar las l\u00edneas de distribuci\u00f3n, de manera que el agua destinada a Santiago no tenga que desplazarse posteriormente hacia Licey al Medio y Moca.<\/p>\n<p>Para ello se proyecta construir una l\u00ednea directa hacia Moca, con una capacidad estimada de entre 1 y 2 metros c\u00fabicos por segundo.<\/p>\n<p>La medida permitir\u00e1 que una mayor cantidad del agua que actualmente llega a Santiago permanezca en esa ciudad, cuya poblaci\u00f3n y actividad econ\u00f3mica han registrado un importante crecimiento.<\/p>\n<h3 id=\"nuevo-proyecto-para-llevar-mas-agua-a-santo-domingo\">Nuevo proyecto para llevar m\u00e1s agua a Santo Domingo<\/h3>\n<p>Abinader inform\u00f3 adem\u00e1s que el Gobierno trabaja en la soluci\u00f3n de largo plazo para el abastecimiento de agua potable del Gran Santo Domingo.<\/p>\n<p>Explic\u00f3 que desde 2004 no se hab\u00eda construido ni siquiera proyectado un nuevo acueducto para la capital, por lo que su administraci\u00f3n decidi\u00f3 impulsar una nueva soluci\u00f3n.<\/p>\n<p>El proyecto seleccionado corresponde al sistema Atilio-Cotu\u00ed-Santo Domingo, desarrollado con el acompa\u00f1amiento t\u00e9cnico y financiero del BID y la CAF.<\/p>\n<p>Actualmente se trabaja en la precalificaci\u00f3n de las empresas que podr\u00edan participar en la licitaci\u00f3n.<\/p>\n<p>Seg\u00fan el presidente, el proyecto permitir\u00e1 incorporar aproximadamente 5.5 metros c\u00fabicos por segundo de agua para Santo Domingo y unos 500 litros por segundo para Cotu\u00ed.<\/p>\n<p>Abinader explic\u00f3 que esta infraestructura contribuir\u00e1 a garantizar el abastecimiento de agua de la capital durante los pr\u00f3ximos ocho a diez a\u00f1os.<\/p>\n<h4 id=\"proyectan-nuevas-presas\">Proyectan nuevas presas<\/h4>\n<p>El mandatario tambi\u00e9n record\u00f3 los dise\u00f1os elaborados por el fallecido ingeniero Augusto Rodr\u00edguez Gallard, a quien reconoci\u00f3 por sus aportes a la planificaci\u00f3n hidr\u00e1ulica del pa\u00eds.<\/p>\n<p>Entre las obras dise\u00f1adas figuran las presas de Jaina y Don Juan, que permitir\u00edan incorporar importantes vol\u00famenes adicionales de agua.<\/p>\n<p>Asimismo, destac\u00f3 el proyecto de la presa de Joca, en El\u00edas Pi\u00f1a, que consider\u00f3 especialmente relevante por su potencial para impulsar la producci\u00f3n agr\u00edcola de una de las zonas econ\u00f3micamente m\u00e1s deprimidas del pa\u00eds.<\/p>\n<p>De acuerdo con Abinader, esta presa tendr\u00eda capacidad para irrigar entre 500,000 y 600,000 tareas, lo que podr\u00eda generar un impacto significativo en la econom\u00eda de la provincia y de toda la regi\u00f3n fronteriza.<\/p>\n<p>El presidente sostuvo que estas obras hidr\u00e1ulicas forman parte de una planificaci\u00f3n de largo plazo que busca garantizar agua para el consumo humano, el desarrollo tur\u00edstico y la producci\u00f3n agr\u00edcola, al tiempo que se protege el medio ambiente y se fortalece la infraestructura necesaria para el crecimiento econ\u00f3mico del pa\u00eds.<\/p>\n<p>La entrada <a href=\"https:\/\/elnuevodiario.com.do\/gobierno-anuncia-que-avanza-trabajo-de-la-carretera-del-ambar-para-conectar-santiago-y-puerto-plata-en-unos-30-45-minutos\/\">Gobierno anuncia que avanza trabajo de la carretera del \u00c1mbar para conectar Santiago y Puerto Plata en unos 30-45 minutos<\/a> se public\u00f3 primero en <a href=\"https:\/\/elnuevodiario.com.do\">El Nuevo Diario (Rep\u00fablica Dominicana)<\/a>.<\/p>\n","protected":false},"excerpt":{"rendered":"EL NUEVO DIARIO, SANTO DOMINGO. \u2013 El Gobierno inform\u00f3 que ya fue&hellip;\n","protected":false},"author":1,"featured_media":66511,"comment_status":"open","ping_status":"open","sticky":false,"template":"","format":"standard","meta":{"footnotes":""},"categories":[1],"tags":[],"class_list":["post-66510","post","type-post","status-publish","format-standard","has-post-thumbnail","category-nacionales"],"_links":{"self":[{"href":"https:\/\/acronoticias.com\/index.php\/wp-json\/wp\/v2\/posts\/66510","targetHints":{"allow":["GET"]}}],"collection":[{"href":"https:\/\/acronoticias.com\/index.php\/wp-json\/wp\/v2\/posts"}],"about":[{"href":"https:\/\/acronoticias.com\/index.php\/wp-json\/wp\/v2\/types\/post"}],"author":[{"embeddable":true,"href":"https:\/\/acronoticias.com\/index.php\/wp-json\/wp\/v2\/users\/1"}],"replies":[{"embeddable":true,"href":"https:\/\/acronoticias.com\/index.php\/wp-json\/wp\/v2\/comments?post=66510"}],"version-history":[{"count":0,"href":"https:\/\/acronoticias.com\/index.php\/wp-json\/wp\/v2\/posts\/66510\/revisions"}],"wp:featuredmedia":[{"embeddable":true,"href":"https:\/\/acronoticias.com\/index.php\/wp-json\/wp\/v2\/media\/66511"}],"wp:attachment":[{"href":"https:\/\/acronoticias.com\/index.php\/wp-json\/wp\/v2\/media?parent=66510"}],"wp:term":[{"taxonomy":"category","embeddable":true,"href":"https:\/\/acronoticias.com\/index.php\/wp-json\/wp\/v2\/categories?post=66510"},{"taxonomy":"post_tag","embeddable":true,"href":"https:\/\/acronoticias.com\/index.php\/wp-json\/wp\/v2\/tags?post=66510"}],"curies":[{"name":"wp","href":"https:\/\/api.w.org\/{rel}","templated":true}]}}