{"id":66506,"date":"2026-09-01T01:00:38","date_gmt":"2026-09-01T01:00:38","guid":{"rendered":"https:\/\/acronoticias.com\/index.php\/2026\/09\/01\/kenscoff-asi-es-la-zona-de-haiti-que-ha-cobrado-protagonismo-en-medio-de-la-crisis\/"},"modified":"2026-09-01T01:00:38","modified_gmt":"2026-09-01T01:00:38","slug":"kenscoff-asi-es-la-zona-de-haiti-que-ha-cobrado-protagonismo-en-medio-de-la-crisis","status":"publish","type":"post","link":"https:\/\/acronoticias.com\/index.php\/2026\/09\/01\/kenscoff-asi-es-la-zona-de-haiti-que-ha-cobrado-protagonismo-en-medio-de-la-crisis\/","title":{"rendered":"Kenscoff: as\u00ed es la zona de Hait\u00ed que ha cobrado protagonismo en medio de la crisis"},"content":{"rendered":"<div>\n<div class=\"c-detail__author full\">\n<div>\n<div class=\"c-detail__author__thumb\">\n<figure>\n                                <picture src=\"https:\/\/imagenes.hoy.com.do\/files\/image_square_xs\/uploads\/2025\/11\/07\/690dd0632c2cb.jpeg\" data-size=\"w:40,h:40\">\n                                    <img decoding=\"async\" loading=\"lazy\" alt=\"Lency Alc\u00e1ntara\" width=\"40\" height=\"40\" src=\"https:\/\/imagenes.hoy.com.do\/files\/image_square_xs\/uploads\/2025\/11\/07\/690dd0632c2cb.jpeg\"\/>\n                                <\/picture>\n                                <\/figure>\n<\/div>\n<\/div>\n<\/div>\n<p>                                                                                            <!-- --><\/p>\n<p class=\"paragraph\">Ubicada a poco m\u00e1s de 1,400 metros sobre el nivel del mar y a apenas 10 kil\u00f3metros al sur de la devastada capital haitiana, la comuna de <b>Kenscoff<\/b> ha emergido como un punto geogr\u00e1fico, social y estrat\u00e9gico de alta relevancia en el mapa del conflicto que atraviesa el pa\u00eds vecino.<\/p>\n<p class=\"paragraph\">Tradicionalmente conocida por su clima fresco, su arquitectura residencial de monta\u00f1a y su rol hist\u00f3rico como el principal pulm\u00f3n agr\u00edcola que abastece de hortalizas a la zona metropolitana de Puerto Pr\u00edncipe, Kenscoff ha dejado de ser un mero refugio de descanso para convertirse en una zona cr\u00edtica de contenci\u00f3n e impacto geopol\u00edtico.<\/p>\n<figure class=\"c-detail__media \"><figcaption class=\"c-detail__media__txt\">\n<p class=\"c-detail__media__subtitle\">\n<p>        <span class=\"c-detail__media__credit \">Kenscoff<\/span><\/p>\n<\/figcaption><\/figure>\n<p class=\"paragraph\"><b>Por qu\u00e9 Kenscoff <\/b>es clave en la din\u00e1mica actual<\/p>\n<p class=\"paragraph\">Refugio de desplazados y sectores acomodados: Ante el control casi total de las bandas armadas en las zonas bajas de Puerto Pr\u00edncipe y P\u00e9tion-Ville, miles de familias \u2014tanto de comunidades vulnerables como de clases medias y altas\u2014 se han desplazado hacia las alturas de Kenscoff buscando protecci\u00f3n en su compleja topograf\u00eda.<\/p>\n<p class=\"paragraph\">Corredor agr\u00edcola esencial: La zona produce la mayor parte de las legumbres, vegetales y tub\u00e9rculos que llegan a los mercados de la capital. El bloqueo de sus v\u00edas de acceso por parte de grupos criminales amenaza con paralizar de forma definitiva la cadena de suministro alimentario de la regi\u00f3n.<\/p>\n<p class=\"paragraph\"><b>Posici\u00f3n t\u00e1ctica de seguridad: La altitud de Kenscoff la convierte en una fortaleza natural de dif\u00edcil acceso para las pandillas. Sin embargo, en los \u00faltimos meses<\/b>, la expansi\u00f3n de los grupos armados hacia los accesos monta\u00f1osos ha encendido las alarmas de las fuerzas de seguridad locales y de la Misi\u00f3n Multinacional de Apoyo a la Seguridad.<\/p>\n<div class=\"c-detail__box \">\n<article class=\"c-detail__sumario \">\n<figure class=\"c-detail__sumario__thumb\" style=\"display: block;\">\n            <a href=\"#\" title=\"\">\n                <picture data-size=\"w:140,h:140\" loading=\"lazy\" src=\"https:\/\/imagenes.hoy.com.do\/files\/related_image\/uploads\/2026\/08\/30\/6a94e2e10d071.jpeg\" data-full-src=\"https:\/\/imagenes.hoy.com.do\/uploads\/2026\/08\/30\/6a94e2e10d071.jpeg\">\n                    <img loading=\"lazy\" decoding=\"async\" width=\"140\" height=\"140\" alt=\"Alix Didier Fils-Aim\u00e9\" src=\"https:\/\/imagenes.hoy.com.do\/uploads\/2026\/08\/30\/6a94e2e10d071.jpeg\"\/>\n                <\/picture>\n            <\/a><br \/>\n        <\/figure>\n<\/article>\n<\/div>\n<p class=\"paragraph\">Tensi\u00f3n humanitaria y de servicios: El repentino flujo de poblaci\u00f3n desplazada ha desbordado la capacidad de sus servicios b\u00e1sicos, como el acceso al agua potable, la asistencia m\u00e9dica y la infraestructura vial.<\/p>\n<\/p><\/div>\n","protected":false},"excerpt":{"rendered":"Ubicada a poco m\u00e1s de 1,400 metros sobre el nivel del mar&hellip;\n","protected":false},"author":1,"featured_media":66507,"comment_status":"open","ping_status":"open","sticky":false,"template":"","format":"standard","meta":{"footnotes":""},"categories":[3],"tags":[],"class_list":["post-66506","post","type-post","status-publish","format-standard","has-post-thumbnail","category-internacionales"],"_links":{"self":[{"href":"https:\/\/acronoticias.com\/index.php\/wp-json\/wp\/v2\/posts\/66506","targetHints":{"allow":["GET"]}}],"collection":[{"href":"https:\/\/acronoticias.com\/index.php\/wp-json\/wp\/v2\/posts"}],"about":[{"href":"https:\/\/acronoticias.com\/index.php\/wp-json\/wp\/v2\/types\/post"}],"author":[{"embeddable":true,"href":"https:\/\/acronoticias.com\/index.php\/wp-json\/wp\/v2\/users\/1"}],"replies":[{"embeddable":true,"href":"https:\/\/acronoticias.com\/index.php\/wp-json\/wp\/v2\/comments?post=66506"}],"version-history":[{"count":0,"href":"https:\/\/acronoticias.com\/index.php\/wp-json\/wp\/v2\/posts\/66506\/revisions"}],"wp:featuredmedia":[{"embeddable":true,"href":"https:\/\/acronoticias.com\/index.php\/wp-json\/wp\/v2\/media\/66507"}],"wp:attachment":[{"href":"https:\/\/acronoticias.com\/index.php\/wp-json\/wp\/v2\/media?parent=66506"}],"wp:term":[{"taxonomy":"category","embeddable":true,"href":"https:\/\/acronoticias.com\/index.php\/wp-json\/wp\/v2\/categories?post=66506"},{"taxonomy":"post_tag","embeddable":true,"href":"https:\/\/acronoticias.com\/index.php\/wp-json\/wp\/v2\/tags?post=66506"}],"curies":[{"name":"wp","href":"https:\/\/api.w.org\/{rel}","templated":true}]}}