{"id":66490,"date":"2026-08-31T23:32:40","date_gmt":"2026-08-31T23:32:40","guid":{"rendered":"https:\/\/acronoticias.com\/index.php\/2026\/08\/31\/conadis-lleva-servicios-de-inclusion-social-a-personas-con-discapacidad-en-valverde\/"},"modified":"2026-08-31T23:32:40","modified_gmt":"2026-08-31T23:32:40","slug":"conadis-lleva-servicios-de-inclusion-social-a-personas-con-discapacidad-en-valverde","status":"publish","type":"post","link":"https:\/\/acronoticias.com\/index.php\/2026\/08\/31\/conadis-lleva-servicios-de-inclusion-social-a-personas-con-discapacidad-en-valverde\/","title":{"rendered":"Conadis lleva servicios de inclusi\u00f3n social a personas con discapacidad en Valverde"},"content":{"rendered":"<p><img loading=\"lazy\" decoding=\"async\" width=\"355\" height=\"200\" src=\"https:\/\/nuevodiario-assets.s3.us-east-2.amazonaws.com\/wp-content\/uploads\/2026\/08\/conadis-5-355x200.jpeg\" class=\"webfeedsFeaturedVisual wp-post-image\" alt=\"\" style=\"display: block;margin-bottom: 5px;clear:both;max-width: 100%\" \/><\/p>\n<p>EL NUEVO DIARIO, VALVERDE.\u2013 El Consejo Nacional de Discapacidad (Conadis) realiz\u00f3 en el municipio de Mao, provincia Valverde, la jornada de inclusion social \u201cConadis Para Todos\u201d, una iniciativa que acerc\u00f3 a las personas con discapacidad y sus familias una amplia cartera de servicios orientados a garantizar derechos, promover la inclusi\u00f3n y mejorar su calidad de vida.<\/p>\n<p>La jornada se desarroll\u00f3 en la sede de la Universidad Aut\u00f3noma de Santo Domingo (UASD) en Mao, con la participaci\u00f3n de diversas instituciones p\u00fablicas y organizaciones sociales, como parte de los esfuerzos interinstitucionales para acercar los servicios a las comunidades.<\/p>\n<p>Las palabras de bienvenida estuvieron a cargo de Elina Estrella, directora de la UASD en la provincia Valverde, quien valor\u00f3 la realizaci\u00f3n de esta jornada en el recinto universitario y destac\u00f3 la importancia de promover espacios que contribuyan a la inclusi\u00f3n y al bienestar de las personas con discapacidad y sus familias.<\/p>\n<p>Durante la actividad, los participantes recibieron servicios de valoraci\u00f3n y registro de la discapacidad, orientaci\u00f3n sobre los procesos de certificaci\u00f3n, entrega de dispositivos de apoyo y asistencia para acceder a los diferentes programas y servicios disponibles para las personas con discapacidad.<\/p>\n<p>Asimismo, mediante la articulaci\u00f3n con las instituciones participantes, se ofrecieron consultas de medicina general, pediatr\u00eda, cardiolog\u00eda, oftalmolog\u00eda y odontolog\u00eda, adem\u00e1s de servicios de vacunaci\u00f3n, orientaci\u00f3n y acceso a programas de protecci\u00f3n social.<\/p>\n<p>En representaci\u00f3n del presidente Benny Metz y del director ejecutivo Alexis Alc\u00e1ntara, intervino Daniel Ram\u00edrez, del area finaciera del Conadis, quien destac\u00f3 la importancia de continuar acercando los servicios institucionales a las comunidades y fortalecer la coordinaci\u00f3n entre las diferentes entidades del Estado. \u201cDesde el Conadis continuamos trabajando para que las personas con discapacidad y sus familias tengan un acceso m\u00e1s cercano y oportuno a nuestros servicios. Estas jornadas nos permiten llegar directamente a las comunidades, identificar necesidades y articular respuestas que contribuyan a garantizar sus derechos y promover una inclusi\u00f3n efectiva\u201d, expres\u00f3 Ram\u00edrez.<\/p>\n<p>El alcalde de Mao, Yohendy Jim\u00e9nez Bonilla, valor\u00f3 la jornada y destac\u00f3 la importancia de unir esfuerzos para promover la inclusi\u00f3n. \u201cPara Mao es una satisfacci\u00f3n recibir esta iniciativa del Conadis. Como Ayuntamiento, reiteramos nuestro compromiso de apoyar acciones que garanticen servicios y oportunidades para las personas con discapacidad\u201d.<\/p>\n<p>De su lado, el senador de Valverde, Odalis Rodr\u00edguez, resalt\u00f3 el impacto de la jornada y su aporte a las pol\u00edticas de inclusi\u00f3n. \u201cCuando las instituciones unen voluntades, logramos respuestas concretas. Desde Valverde respaldamos las acciones que promueven la inclusi\u00f3n y la igualdad de oportunidades\u201d.<\/p>\n<p>La gobernadora de Valverde, Marta de Jes\u00fas Collado Ozoria, destac\u00f3 el acercamiento de los servicios a la comunidad. \u201cEsta jornada permite que las personas con discapacidad accedan a servicios esenciales en nuestra provincia. Como Gobernaci\u00f3n, continuamos respaldando iniciativas que fortalecen una sociedad m\u00e1s inclusiva y accesible\u201d.<\/p>\n<p>La jornada cont\u00f3 con el respaldo de diversas instituciones p\u00fablicas, organizaciones sociales y entidades vinculadas a la atenci\u00f3n de las personas con discapacidad, fortaleciendo una respuesta integral desde los territorios. Asimismo, recibi\u00f3 el apoyo de los diputados \u00c1ngela Rodr\u00edguez y Rub\u00e9n Pe\u00f1al\u00f3, quienes se sumaron al respaldo de esta iniciativa en favor de las personas con discapacidad y sus familias.<\/p>\n<p>Con \u201cConadis Para Todos\u201d, el Consejo Nacional de Discapacidad contin\u00faa desarrollando acciones dirigidas a acercar sus servicios a las comunidades, facilitar los procesos de valoraci\u00f3n, certificaci\u00f3n y registro de la discapacidad, as\u00ed como contribuir al acceso a dispositivos de apoyo, orientaci\u00f3n y otros servicios que favorecen la autonom\u00eda, participaci\u00f3n e inclusi\u00f3n social de las personas con discapacidad y sus familias.<\/p>\n<p>La entrada <a href=\"https:\/\/elnuevodiario.com.do\/conadis-lleva-servicios-de-inclusion-social-a-personas-con-discapacidad-en-valverde\/\">Conadis lleva servicios de inclusi\u00f3n social a personas con discapacidad en Valverde<\/a> se public\u00f3 primero en <a href=\"https:\/\/elnuevodiario.com.do\">El Nuevo Diario (Rep\u00fablica Dominicana)<\/a>.<\/p>\n","protected":false},"excerpt":{"rendered":"EL NUEVO DIARIO, VALVERDE.\u2013 El Consejo Nacional de Discapacidad (Conadis) realiz\u00f3 en&hellip;\n","protected":false},"author":1,"featured_media":66491,"comment_status":"open","ping_status":"open","sticky":false,"template":"","format":"standard","meta":{"footnotes":""},"categories":[1],"tags":[],"class_list":["post-66490","post","type-post","status-publish","format-standard","has-post-thumbnail","category-nacionales"],"_links":{"self":[{"href":"https:\/\/acronoticias.com\/index.php\/wp-json\/wp\/v2\/posts\/66490","targetHints":{"allow":["GET"]}}],"collection":[{"href":"https:\/\/acronoticias.com\/index.php\/wp-json\/wp\/v2\/posts"}],"about":[{"href":"https:\/\/acronoticias.com\/index.php\/wp-json\/wp\/v2\/types\/post"}],"author":[{"embeddable":true,"href":"https:\/\/acronoticias.com\/index.php\/wp-json\/wp\/v2\/users\/1"}],"replies":[{"embeddable":true,"href":"https:\/\/acronoticias.com\/index.php\/wp-json\/wp\/v2\/comments?post=66490"}],"version-history":[{"count":0,"href":"https:\/\/acronoticias.com\/index.php\/wp-json\/wp\/v2\/posts\/66490\/revisions"}],"wp:featuredmedia":[{"embeddable":true,"href":"https:\/\/acronoticias.com\/index.php\/wp-json\/wp\/v2\/media\/66491"}],"wp:attachment":[{"href":"https:\/\/acronoticias.com\/index.php\/wp-json\/wp\/v2\/media?parent=66490"}],"wp:term":[{"taxonomy":"category","embeddable":true,"href":"https:\/\/acronoticias.com\/index.php\/wp-json\/wp\/v2\/categories?post=66490"},{"taxonomy":"post_tag","embeddable":true,"href":"https:\/\/acronoticias.com\/index.php\/wp-json\/wp\/v2\/tags?post=66490"}],"curies":[{"name":"wp","href":"https:\/\/api.w.org\/{rel}","templated":true}]}}