{"id":66485,"date":"2026-08-31T22:59:45","date_gmt":"2026-08-31T22:59:45","guid":{"rendered":"https:\/\/acronoticias.com\/index.php\/2026\/08\/31\/alcaraz-firma-un-solido-debut-del-us-open-en-su-regreso-tras-lesion\/"},"modified":"2026-08-31T22:59:45","modified_gmt":"2026-08-31T22:59:45","slug":"alcaraz-firma-un-solido-debut-del-us-open-en-su-regreso-tras-lesion","status":"publish","type":"post","link":"https:\/\/acronoticias.com\/index.php\/2026\/08\/31\/alcaraz-firma-un-solido-debut-del-us-open-en-su-regreso-tras-lesion\/","title":{"rendered":"Alcaraz firma un s\u00f3lido debut del US Open en su regreso tras lesi\u00f3n"},"content":{"rendered":"<p><img decoding=\"async\" width=\"355\" height=\"200\" src=\"https:\/\/nuevodiario-assets.s3.us-east-2.amazonaws.com\/wp-content\/uploads\/2026\/02\/alcaraz-rublev-doha-finales-355x200.webp\" class=\"webfeedsFeaturedVisual wp-post-image\" alt=\"\" style=\"display: block;margin-bottom: 5px;clear:both;max-width: 100%\" loading=\"lazy\" \/><\/p>\n<p>NUEVA YORK.- De regreso tras cuatro meses lesionado, el espa\u00f1ol Carlos Alcaraz logr\u00f3 este lunes un convincente triunfo ante el ruso Roman Safiullin en la primera ronda del Abierto de Estados Unidos.<\/p>\n<p>Alcaraz, tercero del ranking mundial, super\u00f3 a Safiullin (99\u00ba) por 6-4, 6-4 y 6-4 en el primer paso de su defensa del t\u00edtulo del Grand Slam de Nueva York.<\/p>\n<p>La estrella espa\u00f1ola dej\u00f3 buenas sensaciones f\u00edsicas y algunos brillantes golpes, despu\u00e9s de 139 d\u00edas sin competir en individuales debido a una lesi\u00f3n en la mu\u00f1eca derecha.<\/p>\n<p>\u00abEstoy muy contento con el nivel con el que jugu\u00e9 mi primer partido oficial en m\u00e1s de cuatro meses\u00bb, dijo tras la victoria. \u00abEstoy orgulloso pero necesito m\u00e1s partidos, meterme otra vez en el ritmo de los torneos y estoy seguro de que ir\u00e9 mejorando\u00bb.<\/p>\n<p>\u00abDe lo m\u00e1s orgulloso de lo que estoy es que mentalmente fui capaz de lidiar con los nervios, las dudas en mi cabeza e ir para adelante\u00bb, asegur\u00f3.<\/p>\n<p>Alcaraz, que enfrentar\u00e1 en segunda ronda al portugu\u00e9s Jaime Faria (72), aspira a ser el primer campe\u00f3n en revalidar t\u00edtulo en Nueva York desde las cinco coronas seguidas de Roger Federer entre 2004 y 2008.<\/p>\n<p>La entrada <a href=\"https:\/\/elnuevodiario.com.do\/alcaraz-firma-un-solido-debut-del-us-open-en-su-regreso-tras-lesion\/\">Alcaraz firma un s\u00f3lido debut del US Open en su regreso tras lesi\u00f3n<\/a> se public\u00f3 primero en <a href=\"https:\/\/elnuevodiario.com.do\">El Nuevo Diario (Rep\u00fablica Dominicana)<\/a>.<\/p>\n","protected":false},"excerpt":{"rendered":"NUEVA YORK.- De regreso tras cuatro meses lesionado, el espa\u00f1ol Carlos Alcaraz&hellip;\n","protected":false},"author":1,"featured_media":32632,"comment_status":"open","ping_status":"open","sticky":false,"template":"","format":"standard","meta":{"footnotes":""},"categories":[2],"tags":[],"class_list":["post-66485","post","type-post","status-publish","format-standard","has-post-thumbnail","category-deporte"],"_links":{"self":[{"href":"https:\/\/acronoticias.com\/index.php\/wp-json\/wp\/v2\/posts\/66485","targetHints":{"allow":["GET"]}}],"collection":[{"href":"https:\/\/acronoticias.com\/index.php\/wp-json\/wp\/v2\/posts"}],"about":[{"href":"https:\/\/acronoticias.com\/index.php\/wp-json\/wp\/v2\/types\/post"}],"author":[{"embeddable":true,"href":"https:\/\/acronoticias.com\/index.php\/wp-json\/wp\/v2\/users\/1"}],"replies":[{"embeddable":true,"href":"https:\/\/acronoticias.com\/index.php\/wp-json\/wp\/v2\/comments?post=66485"}],"version-history":[{"count":0,"href":"https:\/\/acronoticias.com\/index.php\/wp-json\/wp\/v2\/posts\/66485\/revisions"}],"wp:featuredmedia":[{"embeddable":true,"href":"https:\/\/acronoticias.com\/index.php\/wp-json\/wp\/v2\/media\/32632"}],"wp:attachment":[{"href":"https:\/\/acronoticias.com\/index.php\/wp-json\/wp\/v2\/media?parent=66485"}],"wp:term":[{"taxonomy":"category","embeddable":true,"href":"https:\/\/acronoticias.com\/index.php\/wp-json\/wp\/v2\/categories?post=66485"},{"taxonomy":"post_tag","embeddable":true,"href":"https:\/\/acronoticias.com\/index.php\/wp-json\/wp\/v2\/tags?post=66485"}],"curies":[{"name":"wp","href":"https:\/\/api.w.org\/{rel}","templated":true}]}}