{"id":66483,"date":"2026-08-31T22:58:38","date_gmt":"2026-08-31T22:58:38","guid":{"rendered":"https:\/\/acronoticias.com\/index.php\/2026\/08\/31\/varios-fenomenos-atmosfericos-comenzaran-a-sentirse-con-aguaceros-desde-la-madrugada-de-este-martes\/"},"modified":"2026-08-31T22:58:38","modified_gmt":"2026-08-31T22:58:38","slug":"varios-fenomenos-atmosfericos-comenzaran-a-sentirse-con-aguaceros-desde-la-madrugada-de-este-martes","status":"publish","type":"post","link":"https:\/\/acronoticias.com\/index.php\/2026\/08\/31\/varios-fenomenos-atmosfericos-comenzaran-a-sentirse-con-aguaceros-desde-la-madrugada-de-este-martes\/","title":{"rendered":"Varios fen\u00f3menos atmosf\u00e9ricos comenzar\u00e1n a sentirse con aguaceros desde la madrugada de este martes"},"content":{"rendered":"<div>\n<div class=\"c-detail__author full\">\n<div>\n<div class=\"c-detail__author__thumb\">\n<figure>\n                                <picture src=\"https:\/\/imagenes.hoy.com.do\/files\/image_square_xs\/uploads\/2025\/11\/10\/6911b3b5d935b.png\" data-size=\"w:40,h:40\">\n                                    <img decoding=\"async\" loading=\"lazy\" alt=\"Hoy .\" width=\"40\" height=\"40\" src=\"https:\/\/imagenes.hoy.com.do\/files\/image_square_xs\/uploads\/2025\/11\/10\/6911b3b5d935b.png\"\/>\n                                <\/picture>\n                                <\/figure>\n<\/div>\n<\/div>\n<\/div>\n<p>                                                                                            <!-- --><\/p>\n<p class=\"paragraph\">Una <b>vaguada <\/b>y la humedad asociada a una onda tropical continuar\u00e1n generando condiciones favorables para la ocurrencia de aguaceros, tormentas el\u00e9ctricas y r\u00e1fagas de viento en distintas regiones de la Rep\u00fablica Dominicana, inform\u00f3 este lunes el Instituto Dominicano de Meteorolog\u00eda (<b>Indomet<\/b>).<\/p>\n<p class=\"paragraph\">Las condiciones meteorol\u00f3gicas podr\u00edan comenzar a manifestarse desde la madrugada de este <b>martes<\/b>, con aguaceros que podr\u00edan alcanzar intensidad moderada a fuerte, acompa\u00f1ados de tormentas el\u00e9ctricas y r\u00e1fagas de viento en puntos del litoral costero caribe\u00f1o.<\/p>\n<p class=\"paragraph\">De acuerdo con el reporte del organismo, de las 6:00 de la tarde, las precipitaciones se registrar\u00e1n principalmente sobre las regiones noroeste, norte y sureste, adem\u00e1s de la Cordillera Central y la zona fronteriza.<\/p>\n<p class=\"paragraph\">Entre las provincias donde se esperan mayores efectos figuran Hato Mayor, Monte Plata, San Pedro de Macor\u00eds, el Gran Santo Domingo, Puerto Plata, Monte Cristi, Espaillat, Santiago, Monse\u00f1or Nouel, Duarte, La Vega, Santiago Rodr\u00edguez, Dajab\u00f3n, El\u00edas Pi\u00f1a, San Juan y Valverde, as\u00ed como otras localidades cercanas.<\/p>\n<p class=\"paragraph\"><b>Indomet explic\u00f3 que para este martes la vaguada, combinada con los efectos del viento del este\/noreste, continuar\u00e1 transportando campos nubosos hacia el territorio nacional.<\/b><\/p>\n<p class=\"paragraph\">Durante la tarde, estas condiciones se extender\u00edan hacia localidades de las regiones noreste, norte y noroeste, adem\u00e1s de la Cordillera Central y la zona fronteriza.<\/p>\n<p class=\"paragraph\"><b>Mantienen avisos y alertas<\/b><\/p>\n<p class=\"paragraph\">Ante las precipitaciones pronosticadas, el Indomet mantiene los niveles de avisos y alertas meteorol\u00f3gicas debido a la posibilidad de crecidas de r\u00edos, arroyos y ca\u00f1adas, as\u00ed como inundaciones repentinas en zonas aisladas y altamente vulnerables.<\/p>\n<p class=\"paragraph\">El organismo meteorol\u00f3gico exhort\u00f3 a la poblaci\u00f3n de las zonas bajo alertas y avisos a mantenerse atenta a las actualizaciones oficiales y a tomar las precauciones correspondientes ante posibles acumulados de lluvias.<\/p>\n<p class=\"paragraph\">Depresi\u00f3n tropical no representa peligro para el pa\u00eds<\/p>\n<p class=\"paragraph\">Por otro lado, Indomet inform\u00f3 sobre la formaci\u00f3n de la depresi\u00f3n tropical n\u00famero 5, localizada a unos 195 kil\u00f3metros al sur de Luisiana, Estados Unidos.<\/p>\n<p class=\"paragraph\">El sistema presenta vientos m\u00e1ximos sostenidos estimados en unos 55 kil\u00f3metros por hora y se desplaza hacia el oeste\/noroeste a una velocidad aproximada de 7 kil\u00f3metros por hora.<\/p>\n<p class=\"paragraph\">Seg\u00fan el organismo, debido a su posici\u00f3n y desplazamiento, la depresi\u00f3n tropical n\u00famero 5 no representa peligro para la Rep\u00fablica Dominicana.<\/p>\n<p class=\"paragraph\"><b>Lluvias continuar\u00e1n el mi\u00e9rcoles<\/b><\/p>\n<p class=\"paragraph\">Para el mi\u00e9rcoles, la vaguada y la interacci\u00f3n con los efectos locales favorecer\u00e1n nuevamente los incrementos nubosos, especialmente durante horas de la tarde.<\/p>\n<p class=\"paragraph\">Indomet pronostica aguaceros dispersos y tronadas hasta las primeras horas de la noche, principalmente en localidades de las regiones noreste y sureste, la Cordillera Central y la zona fronteriza.<\/p>\n<p class=\"paragraph\">Las autoridades meteorol\u00f3gicas <b>recomiendan <\/b>a la ciudadan\u00eda mantenerse informada sobre la evoluci\u00f3n de las condiciones atmosf\u00e9ricas, especialmente en las zonas donde contin\u00faan vigentes los avisos y alertas.<\/p>\n<div class=\"c-detail__box \">\n<article class=\"c-detail__sumario \">\n<figure class=\"c-detail__sumario__thumb\" style=\"display: block;\">\n            <a href=\"#\" title=\"\">\n                <picture data-size=\"w:140,h:140\" loading=\"lazy\" src=\"https:\/\/imagenes.hoy.com.do\/files\/related_image\/uploads\/2025\/11\/05\/690c1b9109d37.png\" data-full-src=\"https:\/\/imagenes.hoy.com.do\/uploads\/2025\/11\/05\/690c1b9109d37.png\">\n                    <img loading=\"lazy\" decoding=\"async\" width=\"140\" height=\"140\" alt=\"El paso del hurac\u00e1n David en Rep\u00fablica Dominicana. \" src=\"https:\/\/imagenes.hoy.com.do\/uploads\/2025\/11\/05\/690c1b9109d37.png\"\/>\n                <\/picture>\n            <\/a><br \/>\n        <\/figure>\n<\/article>\n<\/div><\/div>\n","protected":false},"excerpt":{"rendered":"Una vaguada y la humedad asociada a una onda tropical continuar\u00e1n generando&hellip;\n","protected":false},"author":1,"featured_media":66484,"comment_status":"open","ping_status":"open","sticky":false,"template":"","format":"standard","meta":{"footnotes":""},"categories":[3],"tags":[],"class_list":["post-66483","post","type-post","status-publish","format-standard","has-post-thumbnail","category-internacionales"],"_links":{"self":[{"href":"https:\/\/acronoticias.com\/index.php\/wp-json\/wp\/v2\/posts\/66483","targetHints":{"allow":["GET"]}}],"collection":[{"href":"https:\/\/acronoticias.com\/index.php\/wp-json\/wp\/v2\/posts"}],"about":[{"href":"https:\/\/acronoticias.com\/index.php\/wp-json\/wp\/v2\/types\/post"}],"author":[{"embeddable":true,"href":"https:\/\/acronoticias.com\/index.php\/wp-json\/wp\/v2\/users\/1"}],"replies":[{"embeddable":true,"href":"https:\/\/acronoticias.com\/index.php\/wp-json\/wp\/v2\/comments?post=66483"}],"version-history":[{"count":0,"href":"https:\/\/acronoticias.com\/index.php\/wp-json\/wp\/v2\/posts\/66483\/revisions"}],"wp:featuredmedia":[{"embeddable":true,"href":"https:\/\/acronoticias.com\/index.php\/wp-json\/wp\/v2\/media\/66484"}],"wp:attachment":[{"href":"https:\/\/acronoticias.com\/index.php\/wp-json\/wp\/v2\/media?parent=66483"}],"wp:term":[{"taxonomy":"category","embeddable":true,"href":"https:\/\/acronoticias.com\/index.php\/wp-json\/wp\/v2\/categories?post=66483"},{"taxonomy":"post_tag","embeddable":true,"href":"https:\/\/acronoticias.com\/index.php\/wp-json\/wp\/v2\/tags?post=66483"}],"curies":[{"name":"wp","href":"https:\/\/api.w.org\/{rel}","templated":true}]}}