{"id":66478,"date":"2026-08-31T22:11:37","date_gmt":"2026-08-31T22:11:37","guid":{"rendered":"https:\/\/acronoticias.com\/index.php\/2026\/08\/31\/mide-condecora-a-campeones-de-fuerza-comando-paraguay-2026-tras-historico-primer-lugar\/"},"modified":"2026-08-31T22:11:37","modified_gmt":"2026-08-31T22:11:37","slug":"mide-condecora-a-campeones-de-fuerza-comando-paraguay-2026-tras-historico-primer-lugar","status":"publish","type":"post","link":"https:\/\/acronoticias.com\/index.php\/2026\/08\/31\/mide-condecora-a-campeones-de-fuerza-comando-paraguay-2026-tras-historico-primer-lugar\/","title":{"rendered":"MIDE condecora a campeones de Fuerza Comando Paraguay 2026 tras hist\u00f3rico primer lugar"},"content":{"rendered":"<p><img decoding=\"async\" width=\"355\" height=\"200\" src=\"https:\/\/nuevodiario-assets.s3.us-east-2.amazonaws.com\/wp-content\/uploads\/2026\/08\/Recibimiento-de-soldados-dominicanos-Foto-Dir.-Com.-MIDE-355x200.jpeg\" class=\"webfeedsFeaturedVisual wp-post-image\" alt=\"\" style=\"display: block;margin-bottom: 5px;clear:both;max-width: 100%\" loading=\"lazy\" \/><\/p>\n<p>EL NUEVO DIARIO, SANTO DOMINGO.- El Ministerio de Defensa (MIDE) recibi\u00f3 este lunes con honores y reconocimientos especiales a los miembros del equipo de Fuerzas Especiales que represent\u00f3 a la Rep\u00fablica Dominicana y conquist\u00f3, por primera vez en la historia, el primer lugar de la competencia internacional Fuerza Comando Paraguay 2026, imponi\u00e9ndose ante unidades \u00e9lite de pa\u00edses del continente.<\/p>\n<p>El acto, encabezado por el ministro de Defensa, teniente general Carlos Antonio Fern\u00e1ndez Onofre, inici\u00f3 con una izada especial de la Bandera Nacional, como expresi\u00f3n de reconocimiento institucional a los soldados que llevaron el lienzo tricolor hasta lo m\u00e1s alto durante la competencia.<\/p>\n<figure id=\"attachment_3259817\" aria-describedby=\"caption-attachment-3259817\" style=\"width: 1600px\" class=\"wp-caption alignnone\"><img decoding=\"async\" data-recalc-dims=\"1\" loading=\"lazy\" class=\"size-full wp-image-3259817\" src=\"https:\/\/i0.wp.com\/nuevodiario-assets.s3.us-east-2.amazonaws.com\/wp-content\/uploads\/2026\/08\/Recibimiento-MIDE.jpeg?resize=640%2C360&quality=100&ssl=1\" alt=\"\" width=\"640\" height=\"360\" \/><figcaption id=\"caption-attachment-3259817\" class=\"wp-caption-text\">Recibimiento de soldados dominicanos (Foto: Dir. Com. MIDE)<\/figcaption><\/figure>\n<p>La ceremonia constituy\u00f3 un emotivo recibimiento a los campeones y puso de relieve el orgullo que representa este logro para las Fuerzas Armadas y para toda la naci\u00f3n dominicana.<\/p>\n<p>De acuerdo con un comunicado, como parte de los honores, los integrantes del equipo recibieron la Medalla de Reconocimiento al M\u00e9rito del Ministerio de Defensa, por su sobresaliente desempe\u00f1o, disciplina, preparaci\u00f3n y entrega durante la competencia.<\/p>\n<p><img decoding=\"async\" data-recalc-dims=\"1\" loading=\"lazy\" class=\"alignnone size-full wp-image-3259819\" src=\"https:\/\/i0.wp.com\/nuevodiario-assets.s3.us-east-2.amazonaws.com\/wp-content\/uploads\/2026\/08\/Recibimiento-de-soldados-dominicanos-Foto-Dir.-Com.-MIDE-2.jpeg?resize=640%2C427&quality=100&ssl=1\" alt=\"\" width=\"640\" height=\"427\" \/><\/p>\n<p>Asimismo, fueron distinguidos, seg\u00fan la instituci\u00f3n militar a la que pertenecen, con condecoraciones de la Orden al M\u00e9rito Militar, Orden al M\u00e9rito Naval y Orden al M\u00e9rito A\u00e9reo, respectivamente.<\/p>\n<p>Al dirigirse a los campeones, el ministro Fern\u00e1ndez Onofre record\u00f3 que el pasado 20 de agosto, en ese mismo escenario, hab\u00eda entregado la Bandera Nacional al equipo antes de su partida hacia Paraguay, exhort\u00e1ndolos a representar con honor a m\u00e1s de once millones de dominicanos y demostrar el nivel de preparaci\u00f3n, disciplina y profesionalidad de los militares del pa\u00eds.<\/p>\n<p>\u201cHoy esa bandera ha regresado con ustedes, pero ha regresado con la satisfacci\u00f3n de haberlo dado todo por la Patria. Han tra\u00eddo la victoria a nuestra tierra, luego de demostrar ante soldados de \u00e9lite de otras naciones amigas de lo que son capaces los militares de la Rep\u00fablica Dominicana\u201d, expres\u00f3 el titular del MIDE.<\/p>\n<figure id=\"attachment_3259821\" aria-describedby=\"caption-attachment-3259821\" style=\"width: 1600px\" class=\"wp-caption alignnone\"><img decoding=\"async\" data-recalc-dims=\"1\" loading=\"lazy\" class=\"size-full wp-image-3259821\" src=\"https:\/\/i0.wp.com\/nuevodiario-assets.s3.us-east-2.amazonaws.com\/wp-content\/uploads\/2026\/08\/Recibimiento-de-soldados-dominicanos-Foto-Dir.-Com.-MIDE-3.jpeg?resize=640%2C360&quality=100&ssl=1\" alt=\"\" width=\"640\" height=\"360\" \/><figcaption id=\"caption-attachment-3259821\" class=\"wp-caption-text\">Recibimiento de soldados dominicanos (Foto Dir. Com. MIDE)<\/figcaption><\/figure>\n<p>Fern\u00e1ndez Onofre transmiti\u00f3 adem\u00e1s a los integrantes del equipo las felicitaciones del presidente de la Rep\u00fablica, Luis Abinader, autoridad suprema de las Fuerzas Armadas y la Polic\u00eda Nacional, destacando que el mandatario ha expresado p\u00fablicamente su orgullo por este resultado hist\u00f3rico, alcanzado con disciplina, preparaci\u00f3n y entrega, y anunci\u00f3 que los campeones ser\u00e1n recibidos pr\u00f3ximamente en el Palacio Nacional.<\/p>\n<p>Durante la ceremonia se destac\u00f3 que la conquista del primer lugar constituye un resultado sin precedentes que posiciona a las Fuerzas Armadas dominicanas entre las fuerzas especiales de mayor nivel de preparaci\u00f3n de la regi\u00f3n, y refleja los avances alcanzados mediante el entrenamiento continuo, la profesionalizaci\u00f3n del personal, la actualizaci\u00f3n doctrinal y el proceso de modernizaci\u00f3n de equipos y capacidades impulsado por el Ministerio de Defensa.<\/p>\n<p>El ministro resalt\u00f3 que detr\u00e1s del triunfo existen numerosas horas de entrenamiento, sacrificios personales, esfuerzo f\u00edsico y mental, concentraci\u00f3n y una voluntad inquebrantable de representar dignamente a Rep\u00fablica Dominicana. Asimismo, reconoci\u00f3 el respaldo de las familias, instructores, comandantes y unidades militares que acompa\u00f1aron el proceso de preparaci\u00f3n de los soldados.<\/p>\n<p><img decoding=\"async\" data-recalc-dims=\"1\" loading=\"lazy\" class=\"alignnone size-full wp-image-3259823\" src=\"https:\/\/i0.wp.com\/nuevodiario-assets.s3.us-east-2.amazonaws.com\/wp-content\/uploads\/2026\/08\/Recibimiento-de-soldados-dominicanos-Foto-Dir.-Com.-MIDE-4.jpeg?resize=640%2C427&quality=100&ssl=1\" alt=\"\" width=\"640\" height=\"427\" \/><\/p>\n<p>\u201cEsta victoria pertenece a ustedes, pero tambi\u00e9n a sus familias, a sus instructores, a sus comandantes y a todos los soldados dominicanos que, en cada espacio del territorio nacional, cumplen diariamente con el deber de defender nuestra Patria\u201d, manifest\u00f3 Fern\u00e1ndez Onofre.<\/p>\n<p>El titular de Defensa exhort\u00f3 a los miembros del equipo a convertir el hist\u00f3rico triunfo en un compromiso permanente con la excelencia, manteniendo la disciplina y continuando su preparaci\u00f3n para servir de ejemplo e inspiraci\u00f3n a las nuevas generaciones de soldados dominicanos.<\/p>\n<p>La ceremonia estuvo acompa\u00f1ada por una Orden del D\u00eda del ministro de Defensa, dedicada especialmente a los campeones de Fuerza Comando Paraguay 2026, en la que se resalt\u00f3 que la haza\u00f1a evidencia los elevados niveles de preparaci\u00f3n, conciencia \u00e9tica, patriotismo y capacidad operacional alcanzados por las unidades de Fuerzas Especiales de Rep\u00fablica Dominicana.<\/p>\n<p><img decoding=\"async\" data-recalc-dims=\"1\" loading=\"lazy\" class=\"alignnone size-full wp-image-3259828\" src=\"https:\/\/i0.wp.com\/nuevodiario-assets.s3.us-east-2.amazonaws.com\/wp-content\/uploads\/2026\/08\/Recibimiento-de-soldados-dominicanos-Foto-Dir.-Com.-MIDE-5.jpeg?resize=640%2C360&quality=100&ssl=1\" alt=\"\" width=\"640\" height=\"360\" \/><\/p>\n<p>El acto cont\u00f3 con la presencia de los viceministros de Defensa, el inspector general de las Fuerzas Armadas, los comandantes generales del Ej\u00e9rcito, la Armada y la Fuerza A\u00e9rea de Rep\u00fablica Dominicana, oficiales generales y almirantes, oficiales superiores y subalternos, suboficiales, clases y alistados, as\u00ed como familiares de los integrantes del equipo e invitados especiales.<\/p>\n<p>Con este recibimiento y la imposici\u00f3n de las distintas condecoraciones, el Ministerio de Defensa reconoce formalmente una haza\u00f1a que marca un hito en la historia militar dominicana, fortalece el prestigio internacional de las Fuerzas Armadas y constituye un motivo de orgullo y motivaci\u00f3n para todos sus miembros.<\/p>\n<p>Al concluir el acto, el ministro Fern\u00e1ndez Onofre sintetiz\u00f3 el significado de la victoria con un mensaje dirigido a los soldados: \u201c\u00a1Ustedes cumplieron! \u00a1Ustedes vencieron! \u00a1Y ustedes hicieron historia!\u201d, destacando que el trofeo conquistado en Paraguay permanecer\u00e1 como s\u00edmbolo del esfuerzo, la disciplina, el patriotismo y la capacidad de los soldados dominicanos para competir y triunfar al m\u00e1s alto nivel internacional.<\/p>\n<p>La entrada <a href=\"https:\/\/elnuevodiario.com.do\/mide-condecora-a-campeones-de-fuerza-comando-paraguay-2026-tras-historico-primer-lugar\/\">MIDE condecora a campeones de Fuerza Comando Paraguay 2026 tras hist\u00f3rico primer lugar<\/a> se public\u00f3 primero en <a href=\"https:\/\/elnuevodiario.com.do\">El Nuevo Diario (Rep\u00fablica Dominicana)<\/a>.<\/p>\n","protected":false},"excerpt":{"rendered":"EL NUEVO DIARIO, SANTO DOMINGO.- El Ministerio de Defensa (MIDE) recibi\u00f3 este&hellip;\n","protected":false},"author":1,"featured_media":66479,"comment_status":"open","ping_status":"open","sticky":false,"template":"","format":"standard","meta":{"footnotes":""},"categories":[1],"tags":[],"class_list":["post-66478","post","type-post","status-publish","format-standard","has-post-thumbnail","category-nacionales"],"_links":{"self":[{"href":"https:\/\/acronoticias.com\/index.php\/wp-json\/wp\/v2\/posts\/66478","targetHints":{"allow":["GET"]}}],"collection":[{"href":"https:\/\/acronoticias.com\/index.php\/wp-json\/wp\/v2\/posts"}],"about":[{"href":"https:\/\/acronoticias.com\/index.php\/wp-json\/wp\/v2\/types\/post"}],"author":[{"embeddable":true,"href":"https:\/\/acronoticias.com\/index.php\/wp-json\/wp\/v2\/users\/1"}],"replies":[{"embeddable":true,"href":"https:\/\/acronoticias.com\/index.php\/wp-json\/wp\/v2\/comments?post=66478"}],"version-history":[{"count":0,"href":"https:\/\/acronoticias.com\/index.php\/wp-json\/wp\/v2\/posts\/66478\/revisions"}],"wp:featuredmedia":[{"embeddable":true,"href":"https:\/\/acronoticias.com\/index.php\/wp-json\/wp\/v2\/media\/66479"}],"wp:attachment":[{"href":"https:\/\/acronoticias.com\/index.php\/wp-json\/wp\/v2\/media?parent=66478"}],"wp:term":[{"taxonomy":"category","embeddable":true,"href":"https:\/\/acronoticias.com\/index.php\/wp-json\/wp\/v2\/categories?post=66478"},{"taxonomy":"post_tag","embeddable":true,"href":"https:\/\/acronoticias.com\/index.php\/wp-json\/wp\/v2\/tags?post=66478"}],"curies":[{"name":"wp","href":"https:\/\/api.w.org\/{rel}","templated":true}]}}