{"id":66475,"date":"2026-08-31T21:57:37","date_gmt":"2026-08-31T21:57:37","guid":{"rendered":"https:\/\/acronoticias.com\/index.php\/2026\/08\/31\/gobierno-venezolano-verifica-reactivacion-del-puerto-de-la-guaira-tras-los-sismos-de-junio\/"},"modified":"2026-08-31T21:57:37","modified_gmt":"2026-08-31T21:57:37","slug":"gobierno-venezolano-verifica-reactivacion-del-puerto-de-la-guaira-tras-los-sismos-de-junio","status":"publish","type":"post","link":"https:\/\/acronoticias.com\/index.php\/2026\/08\/31\/gobierno-venezolano-verifica-reactivacion-del-puerto-de-la-guaira-tras-los-sismos-de-junio\/","title":{"rendered":"Gobierno venezolano verifica reactivaci\u00f3n del puerto de La Guaira tras los sismos de junio"},"content":{"rendered":"<div id=\"nota-texto\">\n<p><strong>Caracas<\/strong>.- El Gobierno de <strong>Venezuela<\/strong> verific\u00f3 la reactivaci\u00f3n \u00abprogresiva, r\u00e1pida y sostenida\u00bb de los procesos que hacen posible la importaci\u00f3n, recepci\u00f3n de mercanc\u00edas y gesti\u00f3n aduanera en el puerto de <strong>La Guaira<\/strong>, uno de los principales del pa\u00eds, tras los sismos de junio pasado que afectaron mayormente a este estado.<\/p>\n<h2 id=\"recuperacion-aduanera-en-la-guaira\" class=\"wp-block-heading\">Recuperaci\u00f3n aduanera en La Guaira<\/h2>\n<p>As\u00ed lo inform\u00f3 este lunes el superintendente del <strong>Servicio Nacional Integrado de Administraci\u00f3n Aduanera y Tributaria<\/strong>, <strong>Rom\u00e1n Maniglia<\/strong>, quien asegur\u00f3 que se est\u00e1 acelerando la \u00abgesti\u00f3n de las cargas de importaci\u00f3n y exportaci\u00f3n para dinamizar el comercio tanto nacional como internacional\u00bb.<\/p>\n<p>Estuvimos acompa\u00f1ados con representantes de la <strong>C\u00e1mara de Comercio de La Guaira<\/strong>, intercambiando sobre los avances de la recuperaci\u00f3n en medio de la contingencia que represent\u00f3 para este estado el doblete s\u00edsmico del pasado junio\u00bb, subray\u00f3 <strong>Maniglia<\/strong>.<\/p>\n<h2 id=\"maiquetia-retoma-vuelos-tras-el-cierre\" class=\"wp-block-heading\">Maiquet\u00eda retoma vuelos tras el cierre<\/h2>\n<p>M\u00e1s temprano, el principal aeropuerto de <strong>Venezuela<\/strong>, el <strong><a href=\"https:\/\/noticiassin.com\/tag\/simon-bolivar\/\" class=\"nsin-auto-tag-link\">Sim\u00f3n Bol\u00edvar<\/a><\/strong>, asegur\u00f3 que sus terminales temporales est\u00e1n listas para la reanudaci\u00f3n, ma\u00f1ana martes, de vuelos nacionales e internacionales, tras m\u00e1s de dos meses de cierre por los da\u00f1os que caus\u00f3 el doble terremoto del pasado 24 de junio en sus edificios.<\/p>\n<p>El <strong>Instituto Aeropuerto Internacional de Maiquet\u00eda<\/strong> (<strong>IAIM<\/strong>), que administra este terminal a\u00e9reo pr\u00f3ximo a <strong>Caracas<\/strong>, pidi\u00f3 en <strong>Instagram<\/strong> a los pasajeros presentarse dos horas antes de un vuelo nacional y tres de uno hacia un destino en el exterior, as\u00ed como hacer previamente el \u2018check-in\u2019 o registro.<\/p>\n<div class=\"nbs-subscribe-box \">\n<p>Suscribete al newsletter de Noticias SIN<\/p>\n<\/div>\n<h3 id=\"reapertura-gradual-con-operaciones-de-carga\" class=\"wp-block-heading\">Reapertura gradual con operaciones de carga<\/h3>\n<p>Este aeropuerto retom\u00f3 el 5 de agosto sus operaciones de aviaci\u00f3n de carga como un primer paso hacia una reapertura paulatina tras el cierre por los sismos de magnitud 7,2 y 7,5, que dejan al menos 6.509 muertos.<\/p>\n<section class=\"article-topics\" aria-labelledby=\"article-topics-title\">\n<h3 id=\"article-topics-title\"><span id=\"temas\">Temas<\/span><\/h3>\n<p><a class=\"topic-chip\" href=\"https:\/\/noticiassin.com\/tag\/gestion-aduanera\/\">gesti\u00f3n aduanera<\/a><a class=\"topic-chip\" href=\"https:\/\/noticiassin.com\/tag\/importacion-y-exportacion\/\">importaci\u00f3n y exportaci\u00f3n<\/a><a class=\"topic-chip\" href=\"https:\/\/noticiassin.com\/tag\/la-guaira\/\">la guaira<\/a><a class=\"topic-chip\" href=\"https:\/\/noticiassin.com\/tag\/puerto-de-la-guaira\/\">puerto de la guaira<\/a><a class=\"topic-chip\" href=\"https:\/\/noticiassin.com\/tag\/sismos-de-junio\/\">sismos de junio<\/a><a class=\"topic-chip\" href=\"https:\/\/noticiassin.com\/tag\/venezuela\/\">venezuela<\/a><\/section>\n<\/div>\n","protected":false},"excerpt":{"rendered":"Caracas.- El Gobierno de Venezuela verific\u00f3 la reactivaci\u00f3n \u00abprogresiva, r\u00e1pida y sostenida\u00bb&hellip;\n","protected":false},"author":1,"featured_media":66476,"comment_status":"open","ping_status":"open","sticky":false,"template":"","format":"standard","meta":{"footnotes":""},"categories":[3],"tags":[],"class_list":["post-66475","post","type-post","status-publish","format-standard","has-post-thumbnail","category-internacionales"],"_links":{"self":[{"href":"https:\/\/acronoticias.com\/index.php\/wp-json\/wp\/v2\/posts\/66475","targetHints":{"allow":["GET"]}}],"collection":[{"href":"https:\/\/acronoticias.com\/index.php\/wp-json\/wp\/v2\/posts"}],"about":[{"href":"https:\/\/acronoticias.com\/index.php\/wp-json\/wp\/v2\/types\/post"}],"author":[{"embeddable":true,"href":"https:\/\/acronoticias.com\/index.php\/wp-json\/wp\/v2\/users\/1"}],"replies":[{"embeddable":true,"href":"https:\/\/acronoticias.com\/index.php\/wp-json\/wp\/v2\/comments?post=66475"}],"version-history":[{"count":0,"href":"https:\/\/acronoticias.com\/index.php\/wp-json\/wp\/v2\/posts\/66475\/revisions"}],"wp:featuredmedia":[{"embeddable":true,"href":"https:\/\/acronoticias.com\/index.php\/wp-json\/wp\/v2\/media\/66476"}],"wp:attachment":[{"href":"https:\/\/acronoticias.com\/index.php\/wp-json\/wp\/v2\/media?parent=66475"}],"wp:term":[{"taxonomy":"category","embeddable":true,"href":"https:\/\/acronoticias.com\/index.php\/wp-json\/wp\/v2\/categories?post=66475"},{"taxonomy":"post_tag","embeddable":true,"href":"https:\/\/acronoticias.com\/index.php\/wp-json\/wp\/v2\/tags?post=66475"}],"curies":[{"name":"wp","href":"https:\/\/api.w.org\/{rel}","templated":true}]}}