{"id":66469,"date":"2026-08-31T21:23:36","date_gmt":"2026-08-31T21:23:36","guid":{"rendered":"https:\/\/acronoticias.com\/index.php\/2026\/08\/31\/panama-conoce-experiencia-del-siuben-para-disenar-su-registro-social-de-hogares\/"},"modified":"2026-08-31T21:23:36","modified_gmt":"2026-08-31T21:23:36","slug":"panama-conoce-experiencia-del-siuben-para-disenar-su-registro-social-de-hogares","status":"publish","type":"post","link":"https:\/\/acronoticias.com\/index.php\/2026\/08\/31\/panama-conoce-experiencia-del-siuben-para-disenar-su-registro-social-de-hogares\/","title":{"rendered":"Panam\u00e1 conoce experiencia del Siuben para dise\u00f1ar su Registro Social de Hogares"},"content":{"rendered":"<p><img decoding=\"async\" width=\"355\" height=\"200\" src=\"https:\/\/nuevodiario-assets.s3.us-east-2.amazonaws.com\/wp-content\/uploads\/2026\/08\/Panama-conoce-experiencia-del-Siuben-para-disenar-su-Registro-Social-de-Hogares-2-355x200.jpg\" class=\"webfeedsFeaturedVisual wp-post-image\" alt=\"\" style=\"display: block;margin-bottom: 5px;clear:both;max-width: 100%\" loading=\"lazy\" \/><\/p>\n<p>EL NUEVO DIARIO, SANTO DOMINGO.\u2013 Con el prop\u00f3sito de conocer la experiencia de Rep\u00fablica Dominicana en la gesti\u00f3n de registros sociales, una misi\u00f3n t\u00e9cnica de Panam\u00e1 desarroll\u00f3 durante tres d\u00edas una agenda de trabajo con el Sistema \u00danico de Beneficiarios (Siuben), orientada a profundizar en los procesos y buenas pr\u00e1cticas de gobernanza, identificaci\u00f3n, registro y clasificaci\u00f3n socioecon\u00f3mica de los hogares.<\/p>\n<p>El intercambio de experiencias, realizado con el apoyo del Banco Interamericano de Desarrollo (BID), estuvo orientado a recoger aprendizajes para la creaci\u00f3n y dise\u00f1o del Registro Social de Hogares de Panam\u00e1, con especial atenci\u00f3n en la institucionalidad del registro, la separaci\u00f3n de funciones entre registro, programas y pagos, la sostenibilidad de los procesos de focalizaci\u00f3n, la operaci\u00f3n de los levantamientos de informaci\u00f3n en los territorios y la revisi\u00f3n y control de los datos.<\/p>\n<p>Durante el acto de apertura de la misi\u00f3n, el director general del Siuben, Augusto de los Santos, destac\u00f3 el valor de estos intercambios para conocer otras experiencias y continuar fortaleciendo los procesos en toda la regi\u00f3n.<\/p>\n<p>\u201cEstos espacios nos permiten ampliar la mirada sobre los registros sociales desde una perspectiva regional, identificar brechas y oportunidades de mejora, y seguir fortaleciendo nuestros procesos internos. Al mismo tiempo, contribuyen a ampliar la Red Regional de Registros Sociales y a generar un intercambio de experiencias que beneficia a los pa\u00edses de la regi\u00f3n\u201d, expres\u00f3 De los Santos.<\/p>\n<figure id=\"attachment_3259863\" aria-describedby=\"caption-attachment-3259863\" style=\"width: 400px\" class=\"wp-caption alignnone\"><img loading=\"lazy\" decoding=\"async\" data-recalc-dims=\"1\" class=\"size-medium wp-image-3259863\" src=\"https:\/\/i0.wp.com\/nuevodiario-assets.s3.us-east-2.amazonaws.com\/wp-content\/uploads\/2026\/08\/Panama-conoce-experiencia-del-Siuben-para-disenar-su-Registro-Social-de-Hogares-2-400x267.jpg?resize=400%2C267&quality=100&ssl=1\" alt=\"\" width=\"400\" height=\"267\" \/><figcaption id=\"caption-attachment-3259863\" class=\"wp-caption-text\">Foto: Fuente externa<\/figcaption><\/figure>\n<figure id=\"attachment_3259864\" aria-describedby=\"caption-attachment-3259864\" style=\"width: 400px\" class=\"wp-caption alignnone\"><img loading=\"lazy\" decoding=\"async\" data-recalc-dims=\"1\" class=\"size-medium wp-image-3259864\" src=\"https:\/\/i0.wp.com\/nuevodiario-assets.s3.us-east-2.amazonaws.com\/wp-content\/uploads\/2026\/08\/Panama-conoce-experiencia-del-Siuben-para-disenar-su-Registro-Social-de-Hogares-400x267.jpg?resize=400%2C267&quality=100&ssl=1\" alt=\"\" width=\"400\" height=\"267\" \/><figcaption id=\"caption-attachment-3259864\" class=\"wp-caption-text\">Foto: Fuente externa<\/figcaption><\/figure>\n<p>Durante las jornadas de trabajo, el director general y su equipo presentaron los principales componentes tecnol\u00f3gicos y de interoperabilidad que sustentan la gesti\u00f3n del registro, los \u00edndices de clasificaci\u00f3n socioecon\u00f3mica y la ficha b\u00e1sica de emergencia.<\/p>\n<p>Asimismo, abordaron los avances en los procesos de revisi\u00f3n y calidad de los datos, las mejoras en el dise\u00f1o de la estructura organizacional del Siuben, su marco jur\u00eddico y gesti\u00f3n presupuestaria, as\u00ed como los procesos que permiten mantener y utilizar la informaci\u00f3n social para apoyar la toma de decisiones en materia de pol\u00edticas p\u00fablicas.<\/p>\n<p>Por su parte, el viceministro de Desarrollo Social de Panam\u00e1, Roberto Arosemena, valor\u00f3 la experiencia del Siuben como una referencia para orientar el proceso de creaci\u00f3n del Registro Social de Hogares de su pa\u00eds.<\/p>\n<p>Arosemena destac\u00f3 la capacidad de la instituci\u00f3n dominicana para generar informaci\u00f3n confiable y utilizarla como herramienta para la focalizaci\u00f3n de las pol\u00edticas sociales.<\/p>\n<p>\u201cPara Panam\u00e1, la experiencia del Siuben representa una referencia muy importante para construir nuestro Registro Social. Hemos podido comprobar que contar con informaci\u00f3n precisa y una adecuada focalizaci\u00f3n es fundamental para que las ayudas del Estado lleguen a las personas que realmente las necesitan. El Siuben nos muestra, a trav\u00e9s de sus herramientas, sus procesos y su experiencia t\u00e9cnica, un camino que podemos tomar como referencia y adaptar a nuestra realidad\u201d, expres\u00f3.<\/p>\n<p><strong>Panam\u00e1 conoce operaci\u00f3n de campo del Siuben<\/strong><\/p>\n<p>Como parte de la agenda de trabajo, la misi\u00f3n t\u00e9cnica de Panam\u00e1 realiz\u00f3 una visita de campo y un recorrido por el Centro de Atenci\u00f3n Telef\u00f3nica (CAT) del SIUBEN, con el prop\u00f3sito de conocer directamente c\u00f3mo se desarrollan los procesos de actualizaci\u00f3n y levantamiento de informaci\u00f3n socioecon\u00f3mica, as\u00ed como los mecanismos de atenci\u00f3n y orientaci\u00f3n a los hogares.<\/p>\n<p>Durante la visita de campo, la delegaci\u00f3n conoci\u00f3 la din\u00e1mica de los operativos en territorio, los procedimientos utilizados por el personal encargado del levantamiento y los mecanismos de seguimiento y control aplicados para garantizar la calidad de la informaci\u00f3n incorporada al Registro Social Universal de Hogares (RSUH).<\/p>\n<p>En ese sentido, el viceministro de Desarrollo Social de Panam\u00e1 se\u00f1al\u00f3 que esta experiencia permitir\u00e1 al equipo de su pa\u00eds identificar buenas pr\u00e1cticas y valorar cu\u00e1les pueden ser adaptadas a su realidad, con miras a fortalecer las herramientas para identificar a los hogares en situaci\u00f3n de vulnerabilidad y mejorar la orientaci\u00f3n de las pol\u00edticas p\u00fablicas y de la Protecci\u00f3n Social Adaptativa.<\/p>\n<p>La delegaci\u00f3n paname\u00f1a estuvo integrada, adem\u00e1s, por Oscar Madrigales, director de Planificaci\u00f3n; Claritza Mart\u00ednez, del Gabinete Social; e Ilia Nieto, asociada senior de Operaciones del BID.<\/p>\n<p>Por parte del BID en Rep\u00fablica Dominicana particip\u00f3 Adrialis Herrera, consultora de Protecci\u00f3n Social y Mercados Laborales. Tambi\u00e9n estuvo presente Nathaly Ram\u00edrez, del Programa Mundial de Alimentos (PMA), quien present\u00f3 la experiencia y el enfoque de ese organismo en la gesti\u00f3n de riesgos clim\u00e1ticos y respuesta a choques.<\/p>\n<p>En representaci\u00f3n del Siuben participaron Enmanuel Gat\u00f3n, coordinador de Despacho; Tirsis Quezada, asesora de la Direcci\u00f3n General; Daniel de la Rosa, director de An\u00e1lisis; Marlon Gal\u00e1n, director de Operaciones; Wilfredo Soto, director de Tecnolog\u00eda; Freidy Hinojosa, director Administrativo y Financiero; Hamlet Dur\u00e1n, encargado de Planificaci\u00f3n; Gabriela Molina, encargada Jur\u00eddica; Yanary Grull\u00f3n, encargada de Recursos Humanos; Massiel Mont\u00e1s, encargada de Comunicaciones; Smarlin S\u00e1nchez Ballenilla, encargada de la Divisi\u00f3n de Inteligencia de Datos; Cesar\u00edn Ram\u00edrez, encargado de Revisi\u00f3n y Control del Dato; Nicaury Lebr\u00f3n Ram\u00edrez, encargada de Calidad en la Gesti\u00f3n; y Darels Mesa, analista de Planificaci\u00f3n.<\/p>\n<p>La entrada <a href=\"https:\/\/elnuevodiario.com.do\/panama-conoce-experiencia-del-siuben-para-disenar-su-registro-social-de-hogares\/\">Panam\u00e1 conoce experiencia del Siuben para dise\u00f1ar su Registro Social de Hogares<\/a> se public\u00f3 primero en <a href=\"https:\/\/elnuevodiario.com.do\">El Nuevo Diario (Rep\u00fablica Dominicana)<\/a>.<\/p>\n","protected":false},"excerpt":{"rendered":"EL NUEVO DIARIO, SANTO DOMINGO.\u2013 Con el prop\u00f3sito de conocer la experiencia&hellip;\n","protected":false},"author":1,"featured_media":66470,"comment_status":"open","ping_status":"open","sticky":false,"template":"","format":"standard","meta":{"footnotes":""},"categories":[1],"tags":[],"class_list":["post-66469","post","type-post","status-publish","format-standard","has-post-thumbnail","category-nacionales"],"_links":{"self":[{"href":"https:\/\/acronoticias.com\/index.php\/wp-json\/wp\/v2\/posts\/66469","targetHints":{"allow":["GET"]}}],"collection":[{"href":"https:\/\/acronoticias.com\/index.php\/wp-json\/wp\/v2\/posts"}],"about":[{"href":"https:\/\/acronoticias.com\/index.php\/wp-json\/wp\/v2\/types\/post"}],"author":[{"embeddable":true,"href":"https:\/\/acronoticias.com\/index.php\/wp-json\/wp\/v2\/users\/1"}],"replies":[{"embeddable":true,"href":"https:\/\/acronoticias.com\/index.php\/wp-json\/wp\/v2\/comments?post=66469"}],"version-history":[{"count":0,"href":"https:\/\/acronoticias.com\/index.php\/wp-json\/wp\/v2\/posts\/66469\/revisions"}],"wp:featuredmedia":[{"embeddable":true,"href":"https:\/\/acronoticias.com\/index.php\/wp-json\/wp\/v2\/media\/66470"}],"wp:attachment":[{"href":"https:\/\/acronoticias.com\/index.php\/wp-json\/wp\/v2\/media?parent=66469"}],"wp:term":[{"taxonomy":"category","embeddable":true,"href":"https:\/\/acronoticias.com\/index.php\/wp-json\/wp\/v2\/categories?post=66469"},{"taxonomy":"post_tag","embeddable":true,"href":"https:\/\/acronoticias.com\/index.php\/wp-json\/wp\/v2\/tags?post=66469"}],"curies":[{"name":"wp","href":"https:\/\/api.w.org\/{rel}","templated":true}]}}