{"id":66457,"date":"2026-08-31T20:19:45","date_gmt":"2026-08-31T20:19:45","guid":{"rendered":"https:\/\/acronoticias.com\/index.php\/2026\/08\/31\/samuel-sena-rd-debate-promueve-una-sociedad-mas-educada-y-edificada\/"},"modified":"2026-08-31T20:19:45","modified_gmt":"2026-08-31T20:19:45","slug":"samuel-sena-rd-debate-promueve-una-sociedad-mas-educada-y-edificada","status":"publish","type":"post","link":"https:\/\/acronoticias.com\/index.php\/2026\/08\/31\/samuel-sena-rd-debate-promueve-una-sociedad-mas-educada-y-edificada\/","title":{"rendered":"Samuel Sena: \u201cRD Debate promueve una sociedad m\u00e1s educada y edificada\u201d"},"content":{"rendered":"<p><img loading=\"lazy\" decoding=\"async\" width=\"355\" height=\"200\" src=\"https:\/\/nuevodiario-assets.s3.us-east-2.amazonaws.com\/wp-content\/uploads\/2026\/08\/SaveClip.App_788371142_18612351508022838_5203919781015624881_n-355x200.webp\" class=\"webfeedsFeaturedVisual wp-post-image\" alt=\"\" style=\"display: block;margin-bottom: 5px;clear:both;max-width: 100%\" \/><\/p>\n<p>EL NUEVO DIARIO, SANTO DOMINGO.- El presidente del Consejo de Desarrollo Econ\u00f3mico y Social de Santo Domingo (CODESSD), Samuel Sena, afirm\u00f3 que la Rep\u00fablica Dominicana debe avanzar hacia una ciudadan\u00eda m\u00e1s educada y exigir propuestas concretas a quienes aspiran a ocupar cargos p\u00fablicos.<\/p>\n<p>\u201cLa Rep\u00fablica Dominicana debe comenzar a elegir los tomadores de decisi\u00f3n en virtud de las propuestas reales y efectivas que pueda presentar, no de cuentos de camino\u201d, expuso el presidente del CODESSD, al destacar que esto es precisamente lo que promueve la instituci\u00f3n que dirige a trav\u00e9s de la iniciativa \u201cRD Debate\u201d.<\/p>\n<p>\u201cNecesitamos una sociedad m\u00e1s educada, m\u00e1s edificada y eso es lo que nosotros estamos promoviendo desde RD Debate, con el CODESD\u201d, coment\u00f3 durante una entrevista concedida en el programa \u201cS\u00edntesis con Michael Hazim\u201d, que transmite la plataforma digital El Nuevo Diario TV.<\/p>\n<p><strong>Los debates del CODESSD marcaron un precedente<\/strong><\/p>\n<p>El dirigente empresarial destac\u00f3 el precedente generado por los debates organizados por el CODESSD en procesos electorales anteriores, donde se realizaron aproximadamente 34 di\u00e1logos.<\/p>\n<p>Manifest\u00f3 que este proceso contribuy\u00f3 a generar presi\u00f3n social, que propici\u00f3 la realizaci\u00f3n del primer debate presidencial con la participaci\u00f3n de un presidente en ejercicio en la Rep\u00fablica Dominicana.<\/p>\n<p>\u201cEse debate no lo hizo el CODESSD, lo hizo otra organizaci\u00f3n, pero pudo lograrlo por el trabajo previo que se hizo\u201d, puntualiz\u00f3.<\/p>\n<p>Sin embargo, Sena explic\u00f3 que, aunque el debate presidencial de 2024 estableci\u00f3 un precedente, esto no garantiza que los pol\u00edticos dominicanos comprendan la importancia de participar nuevamente en 2028.<\/p>\n<p>\u201cPor lo tanto, nosotros estamos iniciando esta estrategia con el tiempo suficiente para que la sociedad se meta en debate, en el concepto de la contrastaci\u00f3n de ideas y en el di\u00e1logo de los temas fundamentales\u201d, indic\u00f3.<\/p>\n<p>Declar\u00f3 que la iniciativa <strong>RD Debate<\/strong> busca adem\u00e1s recopilar propuestas sobre los principales problemas sociales y nacionales para elaborar un documento que pueda servir como punto de partida para abordar los principales desaf\u00edos y transformaciones que requiere el pa\u00eds.<\/p>\n<p>En ese sentido, pidi\u00f3 a los participantes presentar sus planteamientos de manera sencilla y comprensible, con el objetivo de que las propuestas puedan llegar a la mayor cantidad posible de ciudadanos.<\/p>\n<p>La entrada <a href=\"https:\/\/elnuevodiario.com.do\/samuel-sena-rd-debate-promueve-una-sociedad-mas-educada-y-edificada\/\">Samuel Sena: \u201cRD Debate promueve una sociedad m\u00e1s educada y edificada\u201d<\/a> se public\u00f3 primero en <a href=\"https:\/\/elnuevodiario.com.do\">El Nuevo Diario (Rep\u00fablica Dominicana)<\/a>.<\/p>\n","protected":false},"excerpt":{"rendered":"EL NUEVO DIARIO, SANTO DOMINGO.- El presidente del Consejo de Desarrollo Econ\u00f3mico&hellip;\n","protected":false},"author":1,"featured_media":66458,"comment_status":"open","ping_status":"open","sticky":false,"template":"","format":"standard","meta":{"footnotes":""},"categories":[1],"tags":[],"class_list":["post-66457","post","type-post","status-publish","format-standard","has-post-thumbnail","category-nacionales"],"_links":{"self":[{"href":"https:\/\/acronoticias.com\/index.php\/wp-json\/wp\/v2\/posts\/66457","targetHints":{"allow":["GET"]}}],"collection":[{"href":"https:\/\/acronoticias.com\/index.php\/wp-json\/wp\/v2\/posts"}],"about":[{"href":"https:\/\/acronoticias.com\/index.php\/wp-json\/wp\/v2\/types\/post"}],"author":[{"embeddable":true,"href":"https:\/\/acronoticias.com\/index.php\/wp-json\/wp\/v2\/users\/1"}],"replies":[{"embeddable":true,"href":"https:\/\/acronoticias.com\/index.php\/wp-json\/wp\/v2\/comments?post=66457"}],"version-history":[{"count":0,"href":"https:\/\/acronoticias.com\/index.php\/wp-json\/wp\/v2\/posts\/66457\/revisions"}],"wp:featuredmedia":[{"embeddable":true,"href":"https:\/\/acronoticias.com\/index.php\/wp-json\/wp\/v2\/media\/66458"}],"wp:attachment":[{"href":"https:\/\/acronoticias.com\/index.php\/wp-json\/wp\/v2\/media?parent=66457"}],"wp:term":[{"taxonomy":"category","embeddable":true,"href":"https:\/\/acronoticias.com\/index.php\/wp-json\/wp\/v2\/categories?post=66457"},{"taxonomy":"post_tag","embeddable":true,"href":"https:\/\/acronoticias.com\/index.php\/wp-json\/wp\/v2\/tags?post=66457"}],"curies":[{"name":"wp","href":"https:\/\/api.w.org\/{rel}","templated":true}]}}