{"id":66447,"date":"2026-08-31T19:31:47","date_gmt":"2026-08-31T19:31:47","guid":{"rendered":"https:\/\/acronoticias.com\/index.php\/2026\/08\/31\/gobierno-entrega-186-nuevas-aulas-del-nivel-inicial-que-beneficiaran-a-mas-de-6500-estudiantes\/"},"modified":"2026-08-31T19:31:47","modified_gmt":"2026-08-31T19:31:47","slug":"gobierno-entrega-186-nuevas-aulas-del-nivel-inicial-que-beneficiaran-a-mas-de-6500-estudiantes","status":"publish","type":"post","link":"https:\/\/acronoticias.com\/index.php\/2026\/08\/31\/gobierno-entrega-186-nuevas-aulas-del-nivel-inicial-que-beneficiaran-a-mas-de-6500-estudiantes\/","title":{"rendered":"Gobierno entrega 186 nuevas aulas del nivel inicial que beneficiar\u00e1n a m\u00e1s de 6,500 estudiantes"},"content":{"rendered":"<p><img decoding=\"async\" width=\"355\" height=\"200\" src=\"https:\/\/nuevodiario-assets.s3.us-east-2.amazonaws.com\/wp-content\/uploads\/2026\/08\/Roberto-Herrera-Foto-DIE-1-355x200.jpeg\" class=\"webfeedsFeaturedVisual wp-post-image\" alt=\"\" style=\"display: block;margin-bottom: 5px;clear:both;max-width: 100%\" loading=\"lazy\" \/><\/p>\n<p>EL NUEVO DIARIO, SANTO DOMINGO.-El Gobierno dominicano a trav\u00e9s de la Direcci\u00f3n de Infraestructura Escolar (DIE), del Ministerio de Educaci\u00f3n de la Rep\u00fablica Dominicana (Minerd), entreg\u00f3 de manera simult\u00e1nea 186 nuevas aulas escolares en el Distrito Nacional y en 25 provincias del pa\u00eds, con el prop\u00f3sito de seguir fortaleciendo la capacidad de respuesta del sistema educativo nacional.<\/p>\n<p>Seg\u00fan destaca un comunicado, tras el inicio del a\u00f1o escolar 2026-2027, recientemente, la entrega masiva de aulas por instrucciones del presidente Luis Abinader, busca garantizar m\u00e1s espacios para los estudiantes de preescolar y pre primario en todo el territorio nacional.<\/p>\n<p>Este conjunto de aulas iniciales que tuvo una inversi\u00f3n de RD$ 837,328,604, forman parte de la obras ejecutadas por el Gobierno en el marco del Plan \u201cAulas 24\/7-365\u201d, explic\u00f3 el director de Infraestructura Escolar, ingeniero Roberto Herrera, qui\u00e9n destac\u00f3 que esto constituye un hito hist\u00f3rico en el pa\u00eds y una respuesta efectiva y oportuna para los estudiantes, docentes, personal administrativo y la comunidad educativa en general.<\/p>\n<figure id=\"attachment_3259651\" aria-describedby=\"caption-attachment-3259651\" style=\"width: 1448px\" class=\"wp-caption alignnone\"><img loading=\"lazy\" decoding=\"async\" data-recalc-dims=\"1\" class=\"size-full wp-image-3259651\" src=\"https:\/\/i0.wp.com\/nuevodiario-assets.s3.us-east-2.amazonaws.com\/wp-content\/uploads\/2026\/08\/Escuela-Casa-de-la-Providencia-en-el-sector-Ensanche-La-Fe-Foto-DIE-1.jpeg?resize=640%2C480&quality=100&ssl=1\" alt=\"\" width=\"640\" height=\"480\" \/><figcaption id=\"caption-attachment-3259651\" class=\"wp-caption-text\"><strong>Escuela Casa de la Providencia en el sector Ensanche La Fe (Foto: DIE)<\/strong><\/figcaption><\/figure>\n<p>Durante el acto principal de entrega realizado en la Escuela Casa de la Providencia en el sector Ensanche La Fe del Distrito Nacional, Roberto Herrera afirm\u00f3 que estas nuevas aulas inauguradas ratifican el compromiso del presidente Luis Abinader y del ministro de Educaci\u00f3n, Luis Miguel De Camps, en priorizar el fortalecimiento del sistema educativo creando m\u00e1s y mejores espacios f\u00edsicos, \u00f3ptimos, adecuados y seguros para todos alumnos y maestros.<\/p>\n<p>En tanto, la directora de educaci\u00f3n inicial del Minerd, Elvira de la Cruz, destac\u00f3 que la incorporaci\u00f3n de nuevos espacios educativos destinados a ni\u00f1os y ni\u00f1as de 3, 4 y 5 a\u00f1os, es una pol\u00edtica del Gobierno que responde al derecho de la ni\u00f1ez de acceder a la educaci\u00f3n inicial desde los tres a\u00f1os y al compromiso nacional de ofrecer una atenci\u00f3n integral y de calidad desde la primera infancia, conforme a la Ley General de Educaci\u00f3n n\u00fam. 66-97.<\/p>\n<figure id=\"attachment_3259629\" aria-describedby=\"caption-attachment-3259629\" style=\"width: 1280px\" class=\"wp-caption alignnone\"><img loading=\"lazy\" decoding=\"async\" data-recalc-dims=\"1\" class=\"size-full wp-image-3259629\" src=\"https:\/\/i0.wp.com\/nuevodiario-assets.s3.us-east-2.amazonaws.com\/wp-content\/uploads\/2026\/08\/Roberto-Herrera-Foto-DIE-2.jpeg?resize=640%2C360&quality=100&ssl=1\" alt=\"\" width=\"640\" height=\"360\" \/><figcaption id=\"caption-attachment-3259629\" class=\"wp-caption-text\"><strong>Roberto Herrera (Foto: DIE)<\/strong><\/figcaption><\/figure>\n<p>Las nuevas aulas iniciales fueron entregadas en el Distrito Nacional seis; en la provincia Santo Domingo 20; en Az\u00faa 8; San Jos\u00e9 de Ocoa una; en Independencia 11; en Bahoruco dos; en Barahona tres; en Montecristi y Dajab\u00f3n 4; en Duarte y Hermanas Mirabal 10; en Espaillat 10; en Hato Mayor 5; en La Vega 16; en Saman\u00e1 y Mar\u00eda Trinidad S\u00e1nchez 4.<\/p>\n<p>Asimismo, en las provincias La Altagracia 7; en La Romana 2; en El Seibo 11; en Monte Plata 5: en Puerto Plata 10; en San Crist\u00f3bal y Peravia 14; en San Juan 9; en San Pedro de Macor\u00eds 7; en S\u00e1nchez Ram\u00edrez 2 y en Valverde 17, totalizando 186 nuevas aulas que benefician a m\u00e1s de 6,500 estudiantes y decenas de maestros en los territorios abarcados.<\/p>\n<figure id=\"attachment_3259634\" aria-describedby=\"caption-attachment-3259634\" style=\"width: 1600px\" class=\"wp-caption alignnone\"><img decoding=\"async\" data-recalc-dims=\"1\" loading=\"lazy\" class=\"size-full wp-image-3259634\" src=\"https:\/\/i0.wp.com\/nuevodiario-assets.s3.us-east-2.amazonaws.com\/wp-content\/uploads\/2026\/08\/Escuela-Casa-de-la-Providencia-en-el-sector-Ensanche-La-Fe-Foto-DIE-3.jpeg?resize=640%2C426&quality=100&ssl=1\" alt=\"\" width=\"640\" height=\"426\" \/><figcaption id=\"caption-attachment-3259634\" class=\"wp-caption-text\"><strong>Interior de la Escuela Casa de la Providencia en el sector Ensanche La Fe (Foto: DIE)<\/strong><\/figcaption><\/figure>\n<p>En el acto inaugural en la capital estuvieron presentes; Eddy Ch\u00e1vez, director Regional de Educaci\u00f3n 15; el Ing. Jos\u00e9 Torres encargado de Aulas Iniciales de la DIE; Carlos Mart\u00ednez, encargado de empoderamiento social y comunitario de Infraestructura Escolar; representantes de la Asociaci\u00f3n Dominicana de Profesores (ADP); de la Asociaci\u00f3n de Padres, Madres, Tutores y Amigos de la Escuela (APMAE; docentes, estudiantes; lideres religiosos y comunitarios.<\/p>\n<p>La Direcci\u00f3n de Infraestructura Escolar (DIE) del Ministerio de Educaci\u00f3n, garantiz\u00f3 que continuar\u00e1n la construcci\u00f3n de nuevas aulas de los niveles inicial, b\u00e1sica y bachillerato en todo el territorio nacional, y los trabajos de mantenimientos correctivos, para seguir incorporando nuevos espacios f\u00edsicos y fortaleciendo las estructuras educativas p\u00fablicas ya existentes.<\/p>\n<p>ADDP\/<\/p>\n<figure id=\"attachment_3259630\" aria-describedby=\"caption-attachment-3259630\" style=\"width: 1600px\" class=\"wp-caption alignnone\"><img decoding=\"async\" data-recalc-dims=\"1\" loading=\"lazy\" class=\"size-full wp-image-3259630\" src=\"https:\/\/i0.wp.com\/nuevodiario-assets.s3.us-east-2.amazonaws.com\/wp-content\/uploads\/2026\/08\/Roberto-Herrera-Foto-DIE-3.jpeg?resize=640%2C480&quality=100&ssl=1\" alt=\"\" width=\"640\" height=\"480\" \/><figcaption id=\"caption-attachment-3259630\" class=\"wp-caption-text\"><strong>Roberto Herrera durante recorrido de la Escuela Casa de la Providencia en el sector Ensanche La Fe (Foto: DIE)<\/strong><\/figcaption><\/figure>\n<p>La entrada <a href=\"https:\/\/elnuevodiario.com.do\/gobierno-entrega-186-nuevas-aulas-del-nivel-inicial-que-beneficiaran-a-mas-de-6500-estudiantes\/\">Gobierno entrega 186 nuevas aulas del nivel inicial que beneficiar\u00e1n a m\u00e1s de 6,500 estudiantes<\/a> se public\u00f3 primero en <a href=\"https:\/\/elnuevodiario.com.do\">El Nuevo Diario (Rep\u00fablica Dominicana)<\/a>.<\/p>\n","protected":false},"excerpt":{"rendered":"EL NUEVO DIARIO, SANTO DOMINGO.-El Gobierno dominicano a trav\u00e9s de la Direcci\u00f3n&hellip;\n","protected":false},"author":1,"featured_media":66448,"comment_status":"open","ping_status":"open","sticky":false,"template":"","format":"standard","meta":{"footnotes":""},"categories":[1],"tags":[],"class_list":["post-66447","post","type-post","status-publish","format-standard","has-post-thumbnail","category-nacionales"],"_links":{"self":[{"href":"https:\/\/acronoticias.com\/index.php\/wp-json\/wp\/v2\/posts\/66447","targetHints":{"allow":["GET"]}}],"collection":[{"href":"https:\/\/acronoticias.com\/index.php\/wp-json\/wp\/v2\/posts"}],"about":[{"href":"https:\/\/acronoticias.com\/index.php\/wp-json\/wp\/v2\/types\/post"}],"author":[{"embeddable":true,"href":"https:\/\/acronoticias.com\/index.php\/wp-json\/wp\/v2\/users\/1"}],"replies":[{"embeddable":true,"href":"https:\/\/acronoticias.com\/index.php\/wp-json\/wp\/v2\/comments?post=66447"}],"version-history":[{"count":0,"href":"https:\/\/acronoticias.com\/index.php\/wp-json\/wp\/v2\/posts\/66447\/revisions"}],"wp:featuredmedia":[{"embeddable":true,"href":"https:\/\/acronoticias.com\/index.php\/wp-json\/wp\/v2\/media\/66448"}],"wp:attachment":[{"href":"https:\/\/acronoticias.com\/index.php\/wp-json\/wp\/v2\/media?parent=66447"}],"wp:term":[{"taxonomy":"category","embeddable":true,"href":"https:\/\/acronoticias.com\/index.php\/wp-json\/wp\/v2\/categories?post=66447"},{"taxonomy":"post_tag","embeddable":true,"href":"https:\/\/acronoticias.com\/index.php\/wp-json\/wp\/v2\/tags?post=66447"}],"curies":[{"name":"wp","href":"https:\/\/api.w.org\/{rel}","templated":true}]}}