{"id":66445,"date":"2026-08-31T19:15:39","date_gmt":"2026-08-31T19:15:39","guid":{"rendered":"https:\/\/acronoticias.com\/index.php\/2026\/08\/31\/coe-cuatro-provincias-en-alerta-amarilla-y-10-en-verde-por-onda-tropical\/"},"modified":"2026-08-31T19:15:39","modified_gmt":"2026-08-31T19:15:39","slug":"coe-cuatro-provincias-en-alerta-amarilla-y-10-en-verde-por-onda-tropical","status":"publish","type":"post","link":"https:\/\/acronoticias.com\/index.php\/2026\/08\/31\/coe-cuatro-provincias-en-alerta-amarilla-y-10-en-verde-por-onda-tropical\/","title":{"rendered":"COE: cuatro provincias en alerta amarilla y 10 en verde por onda tropical"},"content":{"rendered":"<p><img decoding=\"async\" width=\"355\" height=\"200\" src=\"https:\/\/nuevodiario-assets.s3.us-east-2.amazonaws.com\/wp-content\/uploads\/2026\/08\/MAPA-31-DE-AGOSTO.jpg-355x200.jpeg\" class=\"webfeedsFeaturedVisual wp-post-image\" alt=\"\" style=\"display: block;margin-bottom: 5px;clear:both;max-width: 100%\" loading=\"lazy\" \/><\/p>\n<p class=\"isSelectedEnd\">EL NUEVO DIARIO, SANTO DOMINGO.- El Centro de Operaciones de Emergencias (COE) elev\u00f3 este lunes a alerta amarilla cuatro provincias y mantiene otras 10 en verde, debido a las condiciones de humedad e inestabilidad que afectan al territorio dominicano por el paso de una onda tropical, en combinaci\u00f3n con una vaguada y los remanentes de Dolly.<\/p>\n<p class=\"isSelectedEnd\">De acuerdo con el bolet\u00edn de alerta, estas condiciones atmosf\u00e9ricas continuar\u00e1n favoreciendo la ocurrencia de aguaceros de moderados a fuertes, tormentas el\u00e9ctricas y ocasionales r\u00e1fagas de viento.<\/p>\n<p class=\"isSelectedEnd\">Las provincias bajo alerta amarilla son el Distrito Nacional, Monte Plata, San Crist\u00f3bal y Santo Domingo, mientras que en verde se encuentran El Seibo, Hato Mayor, La Altagracia, La Romana, Mar\u00eda Trinidad S\u00e1nchez, Peravia, Saman\u00e1, San Jos\u00e9 de Ocoa, San Pedro de Macor\u00eds y S\u00e1nchez Ram\u00edrez.<\/p>\n<p class=\"isSelectedEnd\">El COE inform\u00f3 que mantiene un monitoreo permanente en coordinaci\u00f3n con el Instituto Dominicano de Meteorolog\u00eda (Indomet), ante la evoluci\u00f3n de las condiciones meteorol\u00f3gicas.<\/p>\n<p class=\"isSelectedEnd\"><strong>Lluvias podr\u00edan superar los 100 mil\u00edmetros<\/strong><\/p>\n<p class=\"isSelectedEnd\">Los modelos num\u00e9ricos de pron\u00f3stico indican acumulados de lluvia de entre 50 y 100 mil\u00edmetros, con valores superiores en puntos aislados.<\/p>\n<p class=\"isSelectedEnd\">Estas precipitaciones podr\u00edan provocar inundaciones urbanas, principalmente en zonas bajas y v\u00edas de tr\u00e1nsito, por lo que las autoridades exhortaron a la poblaci\u00f3n a mantenerse atenta a las informaciones oficiales.<\/p>\n<p class=\"isSelectedEnd\">En cuanto a las condiciones mar\u00edtimas, durante las pr\u00f3ximas 24 a 72 horas, en la costa Atl\u00e1ntica, desde Cabo Enga\u00f1o hasta Cabo Franc\u00e9s Viejo, se recomienda a los operadores de embarcaciones fr\u00e1giles, peque\u00f1as y medianas navegar con precauci\u00f3n cerca del per\u00edmetro costero y evitar aventurarse mar adentro, debido a la presencia de vientos y olas anormales.<\/p>\n<p class=\"isSelectedEnd\">Asimismo, se esperan vientos moderados y r\u00e1fagas ocasionales, por lo que se recomienda asegurar objetos que puedan desprenderse en exteriores y prestar atenci\u00f3n a estructuras vulnerables.<\/p>\n<p class=\"isSelectedEnd\"><strong>Recomendaciones<\/strong><\/p>\n<p class=\"isSelectedEnd\">Ante las condiciones meteorol\u00f3gicas, el COE exhort\u00f3 a la ciudadan\u00eda a no cruzar r\u00edos, arroyos o ca\u00f1adas crecidas ni calles inundadas, as\u00ed como evitar permanecer debajo de \u00e1rboles o estructuras inestables.<\/p>\n<p class=\"isSelectedEnd\">Tambi\u00e9n recomend\u00f3 identificar con anticipaci\u00f3n las rutas de evacuaci\u00f3n y zonas seguras, preparar una mochila de emergencia con autonom\u00eda para 72 horas y revisar el Plan Familiar de Respuesta a Emergencias.<\/p>\n<p>El organismo llam\u00f3 a la poblaci\u00f3n a mantenerse atenta y seguir las orientaciones emitidas por el COE y las autoridades locales.<\/p>\n<p>La entrada <a href=\"https:\/\/elnuevodiario.com.do\/coe-coloca-cuatro-provincias-en-alerta-amarilla-y-10-en-verde-debido-a-onda-tropical\/\">COE: cuatro provincias en alerta amarilla y 10 en verde por onda tropical<\/a> se public\u00f3 primero en <a href=\"https:\/\/elnuevodiario.com.do\">El Nuevo Diario (Rep\u00fablica Dominicana)<\/a>.<\/p>\n","protected":false},"excerpt":{"rendered":"EL NUEVO DIARIO, SANTO DOMINGO.- El Centro de Operaciones de Emergencias (COE)&hellip;\n","protected":false},"author":1,"featured_media":66446,"comment_status":"open","ping_status":"open","sticky":false,"template":"","format":"standard","meta":{"footnotes":""},"categories":[1],"tags":[],"class_list":["post-66445","post","type-post","status-publish","format-standard","has-post-thumbnail","category-nacionales"],"_links":{"self":[{"href":"https:\/\/acronoticias.com\/index.php\/wp-json\/wp\/v2\/posts\/66445","targetHints":{"allow":["GET"]}}],"collection":[{"href":"https:\/\/acronoticias.com\/index.php\/wp-json\/wp\/v2\/posts"}],"about":[{"href":"https:\/\/acronoticias.com\/index.php\/wp-json\/wp\/v2\/types\/post"}],"author":[{"embeddable":true,"href":"https:\/\/acronoticias.com\/index.php\/wp-json\/wp\/v2\/users\/1"}],"replies":[{"embeddable":true,"href":"https:\/\/acronoticias.com\/index.php\/wp-json\/wp\/v2\/comments?post=66445"}],"version-history":[{"count":0,"href":"https:\/\/acronoticias.com\/index.php\/wp-json\/wp\/v2\/posts\/66445\/revisions"}],"wp:featuredmedia":[{"embeddable":true,"href":"https:\/\/acronoticias.com\/index.php\/wp-json\/wp\/v2\/media\/66446"}],"wp:attachment":[{"href":"https:\/\/acronoticias.com\/index.php\/wp-json\/wp\/v2\/media?parent=66445"}],"wp:term":[{"taxonomy":"category","embeddable":true,"href":"https:\/\/acronoticias.com\/index.php\/wp-json\/wp\/v2\/categories?post=66445"},{"taxonomy":"post_tag","embeddable":true,"href":"https:\/\/acronoticias.com\/index.php\/wp-json\/wp\/v2\/tags?post=66445"}],"curies":[{"name":"wp","href":"https:\/\/api.w.org\/{rel}","templated":true}]}}