{"id":66443,"date":"2026-08-31T18:59:39","date_gmt":"2026-08-31T18:59:39","guid":{"rendered":"https:\/\/acronoticias.com\/index.php\/2026\/08\/31\/infotep-certifica-a-267-colaboradores-de-la-camara-de-diputados-en-diferentes-areas-del-saber\/"},"modified":"2026-08-31T18:59:39","modified_gmt":"2026-08-31T18:59:39","slug":"infotep-certifica-a-267-colaboradores-de-la-camara-de-diputados-en-diferentes-areas-del-saber","status":"publish","type":"post","link":"https:\/\/acronoticias.com\/index.php\/2026\/08\/31\/infotep-certifica-a-267-colaboradores-de-la-camara-de-diputados-en-diferentes-areas-del-saber\/","title":{"rendered":"Infotep certifica a 267 colaboradores de la C\u00e1mara de Diputados en diferentes \u00e1reas del saber"},"content":{"rendered":"<p><img loading=\"lazy\" decoding=\"async\" width=\"355\" height=\"200\" src=\"https:\/\/nuevodiario-assets.s3.us-east-2.amazonaws.com\/wp-content\/uploads\/2026\/08\/Diputados-certificados-por-Infotep-Foto-Fuente-externa-2-355x200.jpeg\" class=\"webfeedsFeaturedVisual wp-post-image\" alt=\"\" style=\"display: block;margin-bottom: 5px;clear:both;max-width: 100%\" \/><\/p>\n<p>EL NUEVO DIARIO, SANTO DOMINGO.- El Instituto Nacional de Formaci\u00f3n T\u00e9cnico Profesional (Infotep) certific\u00f3 a 267 colaboradores de la C\u00e1mara de Diputados, quienes completaron el programa de fortalecimiento de competencias t\u00e9cnicas y administrativas.<\/p>\n<p>La actividad estuvo encabezada por la vicepresidenta de la C\u00e1mara de Diputados, Dharuelly Leany D\u2019Aza Caraballo, en representaci\u00f3n de Alfredo Pacheco, presidente del \u00f3rgano legislativo, as\u00ed como por la directora general del Infotep, Maira Morla Pineda.<\/p>\n<p>Las palabras de bienvenida fueron pronunciadas por Darwin Ovalles, director del Departamento de Recursos Humanos de la C\u00e1mara de Diputados, quien resalt\u00f3 el inter\u00e9s que ha mostrado la gesti\u00f3n del presidente Alfredo Pacheco en la capacitaci\u00f3n de los colaboradores de la instituci\u00f3n.<\/p>\n<figure id=\"attachment_3259578\" aria-describedby=\"caption-attachment-3259578\" style=\"width: 1600px\" class=\"wp-caption alignnone\"><img loading=\"lazy\" decoding=\"async\" data-recalc-dims=\"1\" class=\"size-full wp-image-3259578\" src=\"https:\/\/i0.wp.com\/nuevodiario-assets.s3.us-east-2.amazonaws.com\/wp-content\/uploads\/2026\/08\/Diputados-certificados-por-Infotep-Foto-Infotep-1.jpeg?resize=640%2C426&quality=100&ssl=1\" alt=\"\" width=\"640\" height=\"426\" \/><figcaption id=\"caption-attachment-3259578\" class=\"wp-caption-text\"><strong>Diputados certificados por Infotep (Foto: Fuente externa)<\/strong><\/figcaption><\/figure>\n<p>Al entregar los certificados a los colaboradores, la directora general del Infotep, Maira Morla Pineda, expres\u00f3 el honor que siente al entregar certificados que acreditan competencias nuevas a los graduandos.<\/p>\n<p>\u201cLos certificados son entregados no a simples personas, sino a colaboradores de una instituci\u00f3n como lo es la C\u00e1mara de diputados, dot\u00e1ndolos de competencias y habilidades t\u00e9cnicas y administrativas en pr\u00e1cticamente todas las \u00e1reas\u201d explic\u00f3 Maira Morla Pineda.<\/p>\n<p>Indic\u00f3 que \u201cmuchos de ustedes, estimados graduandos, realizaron m\u00faltiples capacitaciones, alcanzando casos de colaboradores que recibir\u00e1n hasta seis certificados, lo que demuestra su denodado inter\u00e9s en la superaci\u00f3n personal y excelencia de desempe\u00f1o en los quehaceres que siguen elevando a este honorable hemiciclo\u201d, manifest\u00f3.<\/p>\n<p>D\u2019Aza Caraballo expres\u00f3 las palabras centrales de la actividad y manifest\u00f3 que como hija de una maestra entiende que la herramienta m\u00e1s poderosa \u201cque tenemos todos para crecer, para desarrollarnos y para formar parte de una sociedad que realmente nos permita vivir en armon\u00eda, es la educaci\u00f3n\u201d.<\/p>\n<p>En nombre del presidente de la C\u00e1mara de Diputados Alfredo Pacheco, Dharuelly Leany D\u2019Aza felicit\u00f3 a los 267 colaboradores que hoy recibieron certificaciones de uno o m\u00e1s programas educativos impartidos por el Infotep.<\/p>\n<p>Adem\u00e1s, en la entrega de los certificados participaron los voceros de los bloques del PRM, Amado D\u00edaz y del PLD, Idenia Do\u00f1\u00e9, as\u00ed como las secretar\u00edas generales administrativa y legislativa, Elvira (Gruby) M\u00e9ndez y Francisca Ivonny Mota, respectivamente y Darwin Ovalles, director del Departamento de Recursos Humanos.<\/p>\n<p>ADDP\/<\/p>\n<p>La entrada <a href=\"https:\/\/elnuevodiario.com.do\/infotep-certifica-a-267-colaboradores-de-la-camara-de-diputados-en-diferentes-areas-del-saber\/\">Infotep certifica a 267 colaboradores de la C\u00e1mara de Diputados en diferentes \u00e1reas del saber<\/a> se public\u00f3 primero en <a href=\"https:\/\/elnuevodiario.com.do\">El Nuevo Diario (Rep\u00fablica Dominicana)<\/a>.<\/p>\n","protected":false},"excerpt":{"rendered":"EL NUEVO DIARIO, SANTO DOMINGO.- El Instituto Nacional de Formaci\u00f3n T\u00e9cnico Profesional&hellip;\n","protected":false},"author":1,"featured_media":66444,"comment_status":"open","ping_status":"open","sticky":false,"template":"","format":"standard","meta":{"footnotes":""},"categories":[1],"tags":[],"class_list":["post-66443","post","type-post","status-publish","format-standard","has-post-thumbnail","category-nacionales"],"_links":{"self":[{"href":"https:\/\/acronoticias.com\/index.php\/wp-json\/wp\/v2\/posts\/66443","targetHints":{"allow":["GET"]}}],"collection":[{"href":"https:\/\/acronoticias.com\/index.php\/wp-json\/wp\/v2\/posts"}],"about":[{"href":"https:\/\/acronoticias.com\/index.php\/wp-json\/wp\/v2\/types\/post"}],"author":[{"embeddable":true,"href":"https:\/\/acronoticias.com\/index.php\/wp-json\/wp\/v2\/users\/1"}],"replies":[{"embeddable":true,"href":"https:\/\/acronoticias.com\/index.php\/wp-json\/wp\/v2\/comments?post=66443"}],"version-history":[{"count":0,"href":"https:\/\/acronoticias.com\/index.php\/wp-json\/wp\/v2\/posts\/66443\/revisions"}],"wp:featuredmedia":[{"embeddable":true,"href":"https:\/\/acronoticias.com\/index.php\/wp-json\/wp\/v2\/media\/66444"}],"wp:attachment":[{"href":"https:\/\/acronoticias.com\/index.php\/wp-json\/wp\/v2\/media?parent=66443"}],"wp:term":[{"taxonomy":"category","embeddable":true,"href":"https:\/\/acronoticias.com\/index.php\/wp-json\/wp\/v2\/categories?post=66443"},{"taxonomy":"post_tag","embeddable":true,"href":"https:\/\/acronoticias.com\/index.php\/wp-json\/wp\/v2\/tags?post=66443"}],"curies":[{"name":"wp","href":"https:\/\/api.w.org\/{rel}","templated":true}]}}