{"id":66441,"date":"2026-08-31T18:53:35","date_gmt":"2026-08-31T18:53:35","guid":{"rendered":"https:\/\/acronoticias.com\/index.php\/2026\/08\/31\/general-de-seguros-celebra-sus-45-anos-con-la-tercera-edicion-de-la-copa-general-atlantico\/"},"modified":"2026-08-31T18:53:35","modified_gmt":"2026-08-31T18:53:35","slug":"general-de-seguros-celebra-sus-45-anos-con-la-tercera-edicion-de-la-copa-general-atlantico","status":"publish","type":"post","link":"https:\/\/acronoticias.com\/index.php\/2026\/08\/31\/general-de-seguros-celebra-sus-45-anos-con-la-tercera-edicion-de-la-copa-general-atlantico\/","title":{"rendered":"General de Seguros celebra sus 45 a\u00f1os con la tercera edici\u00f3n de la Copa General Atl\u00e1ntico"},"content":{"rendered":"<p><img decoding=\"async\" width=\"355\" height=\"200\" src=\"https:\/\/nuevodiario-assets.s3.us-east-2.amazonaws.com\/wp-content\/uploads\/2026\/08\/Deportistas-355x200.jpeg\" class=\"webfeedsFeaturedVisual wp-post-image\" alt=\"\" style=\"display: block;margin-bottom: 5px;clear:both;max-width: 100%\" loading=\"lazy\" \/><\/p>\n<p>EL NUEVO DIARIO, SANTO DOMINGO.\u2013 En el marco de la celebraci\u00f3n de sus 45 a\u00f1os de trayectoria, General de Seguros present\u00f3 la tercera edici\u00f3n de la Copa General Atl\u00e1ntico, un encuentro que marc\u00f3 el regreso de este torneo de golf una d\u00e9cada despu\u00e9s de su \u00faltima edici\u00f3n y que reuni\u00f3 a clientes, aliados, relacionados y amigos de las empresas que forman parte de esta familia empresarial.<\/p>\n<p>La jornada, celebrada el pasado s\u00e1bado 29 de agosto, reuni\u00f3 en Casa de Campo a 102 jugadores en un ambiente concebido para compartir, disfrutar y fortalecer los v\u00ednculos que durante a\u00f1os han acompa\u00f1ado el crecimiento de General de Seguros y de las empresas que integran su grupo.<\/p>\n<p>La Copa General Atl\u00e1ntico tuvo adem\u00e1s un significado especial al coincidir con la celebraci\u00f3n del d\u00e9cimo aniversario de AFP Atl\u00e1ntico, sumando dos importantes hitos en la trayectoria de estas empresas y convirtiendo el torneo en una ocasi\u00f3n para celebrar no solo los logros alcanzados, sino tambi\u00e9n las relaciones construidas a lo largo del tiempo.<\/p>\n<p><img loading=\"lazy\" decoding=\"async\" data-recalc-dims=\"1\" class=\"alignnone wp-image-3259457 size-full\" src=\"https:\/\/i0.wp.com\/nuevodiario-assets.s3.us-east-2.amazonaws.com\/wp-content\/uploads\/2026\/08\/Ganadores-1.jpeg?resize=640%2C427&quality=100&ssl=1\" alt=\"\" width=\"640\" height=\"427\" \/><\/p>\n<p>La jornada fue dise\u00f1ada como una experiencia integral para jugadores e invitados, combinando la competencia deportiva con espacios de encuentro, entretenimiento, gastronom\u00eda, bienestar y experiencias especialmente preparadas para disfrutar del d\u00eda.<\/p>\n<p>\u201cEsta Copa representa mucho m\u00e1s que un torneo de golf. Es una oportunidad para celebrar nuestra historia, agradecer a quienes han confiado en nosotros y compartir con clientes, aliados, relacionados, amigos y colaboradores que han sido parte de este camino\u201d, expres\u00f3 la Dra. Milagros de los Santos, presidenta del Consejo de Administraci\u00f3n de General de Seguros.<\/p>\n<p>La celebraci\u00f3n tambi\u00e9n cont\u00f3 con la participaci\u00f3n y el respaldo de las empresas que forman parte de esta familia empresarial, incluyendo AFP Atl\u00e1ntico y Banco Atl\u00e1ntico, reafirmando el esp\u00edritu de integraci\u00f3n que caracteriza al grupo.<\/p>\n<p>M\u00e1s all\u00e1 de los resultados deportivos, la Copa General Atl\u00e1ntico busc\u00f3 crear un espacio para celebrar los v\u00ednculos y reconocer la confianza de quienes han acompa\u00f1ado a General de Seguros durante sus 45 a\u00f1os de trayectoria y a AFP Atl\u00e1ntico durante sus primeros diez a\u00f1os de operaciones.<\/p>\n<p><strong>Una premiaci\u00f3n con momentos inolvidables<\/strong><\/p>\n<p>La ceremonia de premiaci\u00f3n tuvo dos momentos especialmente memorables. El primero estuvo protagonizado por una de las figuras deportivas m\u00e1s admiradas de la Rep\u00fablica Dominicana y las Grandes Ligas,\u00a0<strong>Albert Pujols<\/strong>, quien acompa\u00f1\u00f3 la jornada y realiz\u00f3 el saque de honor.<\/p>\n<p><img loading=\"lazy\" decoding=\"async\" data-recalc-dims=\"1\" class=\"alignnone wp-image-3259459 size-full\" src=\"https:\/\/i0.wp.com\/nuevodiario-assets.s3.us-east-2.amazonaws.com\/wp-content\/uploads\/2026\/08\/Golf-1.jpeg?resize=640%2C959&quality=100&ssl=1\" alt=\"\" width=\"640\" height=\"959\" \/><\/p>\n<p>Pujols tambi\u00e9n protagoniz\u00f3 una emotiva subasta ben\u00e9fica en la que los participantes tuvieron la oportunidad de pujar por un par de zapatos y un bate autografiados, acompa\u00f1ados de un relato grabado por el propio jugador sobre su trayectoria y los principales logros de su extraordinaria carrera.<\/p>\n<p>La subasta despert\u00f3 gran entusiasmo entre los asistentes y permiti\u00f3 recaudar\u00a0<strong>cerca de US$15,000 a beneficio de la Pujols Family Foundation<\/strong>, convirtiendo este momento de la celebraci\u00f3n en una oportunidad para unir deporte, solidaridad y compromiso social.<\/p>\n<p>El segundo gran momento de la premiaci\u00f3n fue la entrega del\u00a0<strong>Gran Premio<\/strong>, una experiencia especialmente concebida para los amantes del golf: un\u00a0<strong>crucero de golf de siete d\u00edas por el Caribe para dos golfistas<\/strong>. Los afortunados ganadores fueron\u00a0<strong>Jos\u00e9 Enrique Fern\u00e1ndez y Wilson Santana<\/strong>, quienes recibieron as\u00ed el gran cierre de una jornada llena de experiencias.<\/p>\n<p>La tercera edici\u00f3n de la Copa General Atl\u00e1ntico se consolid\u00f3 como un encuentro donde el deporte sirvi\u00f3 de punto de partida para celebrar, compartir y estrechar relaciones, en una jornada en la que cada detalle fue pensado para ofrecer una experiencia memorable.<\/p>\n<p><img decoding=\"async\" data-recalc-dims=\"1\" loading=\"lazy\" class=\"alignnone wp-image-3259460 size-full\" src=\"https:\/\/i0.wp.com\/nuevodiario-assets.s3.us-east-2.amazonaws.com\/wp-content\/uploads\/2026\/08\/dos.jpeg?resize=640%2C480&quality=100&ssl=1\" alt=\"\" width=\"640\" height=\"480\" \/><\/p>\n<p>La realizaci\u00f3n de esta tercera edici\u00f3n fue posible gracias al respaldo de un amplio grupo de patrocinadores y aliados que se sumaron a la iniciativa y contribuyeron a hacer de esta jornada una experiencia especial. Entre los principales patrocinadores se encuentran Mastercard, Banreservas, Pepperoni, Excel, Grupo Estrella, Casa Equilibra y JMMB, junto a muchas otras empresas y marcas que hicieron posible el desarrollo de la actividad y acompa\u00f1aron esta celebraci\u00f3n.<\/p>\n<p>General de Seguros agradece profundamente a todos sus patrocinadores, aliados, clientes, relacionados, jugadores, invitados y colaboradores por su confianza y participaci\u00f3n, as\u00ed como por contribuir a que esta tercera edici\u00f3n de la Copa General Atl\u00e1ntico se convirtiera en un encuentro memorable.<\/p>\n<p>Con esta celebraci\u00f3n, General de Seguros reafirma su compromiso de continuar construyendo relaciones de largo plazo y creando espacios que permitan celebrar los logros compartidos, mirando hacia el futuro con la misma visi\u00f3n y entusiasmo que han acompa\u00f1ado sus 45 a\u00f1os de historia.<\/p>\n<p>La entrada <a href=\"https:\/\/elnuevodiario.com.do\/general-de-seguros-celebra-sus-45-anos-con-la-tercera-edicion-de-la-copa-general-atlantico\/\">General de Seguros celebra sus 45 a\u00f1os con la tercera edici\u00f3n de la Copa General Atl\u00e1ntico<\/a> se public\u00f3 primero en <a href=\"https:\/\/elnuevodiario.com.do\">El Nuevo Diario (Rep\u00fablica Dominicana)<\/a>.<\/p>\n","protected":false},"excerpt":{"rendered":"EL NUEVO DIARIO, SANTO DOMINGO.\u2013 En el marco de la celebraci\u00f3n de&hellip;\n","protected":false},"author":1,"featured_media":66442,"comment_status":"open","ping_status":"open","sticky":false,"template":"","format":"standard","meta":{"footnotes":""},"categories":[2],"tags":[],"class_list":["post-66441","post","type-post","status-publish","format-standard","has-post-thumbnail","category-deporte"],"_links":{"self":[{"href":"https:\/\/acronoticias.com\/index.php\/wp-json\/wp\/v2\/posts\/66441","targetHints":{"allow":["GET"]}}],"collection":[{"href":"https:\/\/acronoticias.com\/index.php\/wp-json\/wp\/v2\/posts"}],"about":[{"href":"https:\/\/acronoticias.com\/index.php\/wp-json\/wp\/v2\/types\/post"}],"author":[{"embeddable":true,"href":"https:\/\/acronoticias.com\/index.php\/wp-json\/wp\/v2\/users\/1"}],"replies":[{"embeddable":true,"href":"https:\/\/acronoticias.com\/index.php\/wp-json\/wp\/v2\/comments?post=66441"}],"version-history":[{"count":0,"href":"https:\/\/acronoticias.com\/index.php\/wp-json\/wp\/v2\/posts\/66441\/revisions"}],"wp:featuredmedia":[{"embeddable":true,"href":"https:\/\/acronoticias.com\/index.php\/wp-json\/wp\/v2\/media\/66442"}],"wp:attachment":[{"href":"https:\/\/acronoticias.com\/index.php\/wp-json\/wp\/v2\/media?parent=66441"}],"wp:term":[{"taxonomy":"category","embeddable":true,"href":"https:\/\/acronoticias.com\/index.php\/wp-json\/wp\/v2\/categories?post=66441"},{"taxonomy":"post_tag","embeddable":true,"href":"https:\/\/acronoticias.com\/index.php\/wp-json\/wp\/v2\/tags?post=66441"}],"curies":[{"name":"wp","href":"https:\/\/api.w.org\/{rel}","templated":true}]}}