{"id":66437,"date":"2026-08-31T18:43:35","date_gmt":"2026-08-31T18:43:35","guid":{"rendered":"https:\/\/acronoticias.com\/index.php\/2026\/08\/31\/uct-concluye-5to-congreso-por-la-libertad-sindical-con-llamado-a-la-unidad-y-movilizacion-de-los-trabajadores\/"},"modified":"2026-08-31T18:43:35","modified_gmt":"2026-08-31T18:43:35","slug":"uct-concluye-5to-congreso-por-la-libertad-sindical-con-llamado-a-la-unidad-y-movilizacion-de-los-trabajadores","status":"publish","type":"post","link":"https:\/\/acronoticias.com\/index.php\/2026\/08\/31\/uct-concluye-5to-congreso-por-la-libertad-sindical-con-llamado-a-la-unidad-y-movilizacion-de-los-trabajadores\/","title":{"rendered":"UCT concluye 5to. congreso por la libertad sindical con llamado a la unidad y movilizaci\u00f3n de los trabajadores"},"content":{"rendered":"<p><img decoding=\"async\" width=\"355\" height=\"200\" src=\"https:\/\/nuevodiario-assets.s3.us-east-2.amazonaws.com\/wp-content\/uploads\/2026\/08\/Efrain-Sanchez-Soriano-Pocholo-somete-las-resoluciones-finales-y-delegados-aprueban-a-unanimidad-1-355x200.jpeg\" class=\"webfeedsFeaturedVisual wp-post-image\" alt=\"\" style=\"display: block;margin-bottom: 5px;clear:both;max-width: 100%\" loading=\"lazy\" \/><\/p>\n<p>EL NUEVO DIARIO, SANTO DOMINGO.- La Uni\u00f3n Clasista de Trabajadores (UCT) inform\u00f3 que concluy\u00f3 este domingo su 5to. Congreso por la Libertad Sindical, con un llamado a fortalecer la organizaci\u00f3n, la unidad y la movilizaci\u00f3n de la clase trabajadora dominicana frente al deterioro de las condiciones laborales, la p\u00e9rdida del poder adquisitivo y las amenazas contra derechos conquistados durante d\u00e9cadas de lucha.<\/p>\n<p>El Congreso culmin\u00f3 un proceso de discusi\u00f3n desarrollado mediante precongresos en las regiones Este, Sur, Norte y el Gran Santo Domingo.<\/p>\n<p>De acuerdo a una nota de prensa, en la sesi\u00f3n final se present\u00f3 el consolidado de las discusiones realizadas en los precongresos, la exposici\u00f3n de la propuesta de Declaraci\u00f3n Final y la clausura del evento.<\/p>\n<figure id=\"attachment_3259518\" aria-describedby=\"caption-attachment-3259518\" style=\"width: 1600px\" class=\"wp-caption alignnone\"><img decoding=\"async\" data-recalc-dims=\"1\" loading=\"lazy\" class=\"size-full wp-image-3259518\" src=\"https:\/\/i0.wp.com\/nuevodiario-assets.s3.us-east-2.amazonaws.com\/wp-content\/uploads\/2026\/08\/Delegados-e-Invitados-a-la-Sesion-Final-del-5to-Congreso-Por-La-Libertad-Sindical.jpeg?resize=640%2C362&quality=100&ssl=1\" alt=\"\" width=\"640\" height=\"362\" \/><figcaption id=\"caption-attachment-3259518\" class=\"wp-caption-text\"><em><strong>Delegados e invitados a la sesi\u00f3n final del 5to Congreso por la Libertad Sindical. (Foto: Comunicaciones UCT)<\/strong><\/em><\/figcaption><\/figure>\n<p>El secretario general de la UCT, Juan N\u00fa\u00f1ez Batista, quien tuvo a su cargo las palabras de bienvenida al Congreso, encabez\u00f3 junto a los dem\u00e1s dirigentes de la organizaci\u00f3n la jornada de clausura, que reafirm\u00f3 el prop\u00f3sito de colocar la defensa de la libertad sindical como una prioridad del movimiento de trabajadores. El programa del evento contempl\u00f3, adem\u00e1s, una conferencia sobre la libertad sindical en Rep\u00fablica Dominicana, a cargo de Carlos Tom\u00e1s Fern\u00e1ndez.<\/p>\n<p>En el marco de las conclusiones, la UCT plante\u00f3 que las condiciones de vida y de trabajo contin\u00faan deterior\u00e1ndose, mientras las riquezas producidas por los trabajadores se concentran en pocas manos, situaci\u00f3n agravada por el aumento de los alimentos, medicamentos, transporte, vivienda y servicios b\u00e1sicos. Frente a esta realidad, el Congreso reivindic\u00f3 el derecho a salarios dignos, empleos estables, protecci\u00f3n social y pleno respeto de los derechos individuales y colectivos.<\/p>\n<p>El Congreso tambi\u00e9n fij\u00f3 una posici\u00f3n de rechazo frente a lo que denomina una contrarreforma laboral, advirtiendo contra cualquier modificaci\u00f3n del C\u00f3digo de Trabajo que debilite la estabilidad laboral, limite la negociaci\u00f3n colectiva, facilite los despidos o reduzca prestaciones. En particular, reafirm\u00f3 que la cesant\u00eda constituye una conquista irrenunciable y llam\u00f3 a las organizaciones sindicales y a los trabajadores a mantenerse vigilantes, unidos y movilizados.<\/p>\n<p>Asimismo, la Declaraci\u00f3n Final plantea la necesidad de transformar el actual sistema de seguridad social y garantizar pensiones dignas, atenci\u00f3n m\u00e9dica oportuna y de calidad, reducci\u00f3n del gasto de bolsillo de las familias, cobertura para las personas trabajadoras, transparencia en el manejo de los recursos y participaci\u00f3n efectiva de la clase trabajadora en su direcci\u00f3n y fiscalizaci\u00f3n.<\/p>\n<p><strong>Congreso brinda respaldo irrestricto a la ADP<\/strong><\/p>\n<p>Como parte de las decisiones adoptadas durante el Congreso, la UCT aprob\u00f3 una resoluci\u00f3n de respaldo irrestricto a la Asociaci\u00f3n Dominicana de Profesores (ADP), a su Comit\u00e9 Ejecutivo Nacional y a su presidente nacional, reconoci\u00e9ndolos como leg\u00edtimos representantes del magisterio dominicano. La resoluci\u00f3n rechaza cualquier intento de intervenci\u00f3n, divisi\u00f3n o creaci\u00f3n de estructuras paralelas que procure debilitar la unidad y la institucionalidad de la organizaci\u00f3n magisterial.<\/p>\n<p>El documento exige al Estado dominicano y al Ministerio de Educaci\u00f3n respetar plenamente la libertad sindical, la autonom\u00eda de la ADP y los derechos a la protesta, la huelga y la negociaci\u00f3n colectiva sin represalias ni persecuci\u00f3n. Tambi\u00e9n deplora cualquier reforma educativa cuyo prop\u00f3sito sea sancionar a los docentes, criminalizar la protesta o limitar la organizaci\u00f3n y acci\u00f3n sindical, al tiempo que reconoce el papel hist\u00f3rico de la ADP en la defensa de la educaci\u00f3n p\u00fablica y de los derechos laborales y salariales del profesorado.<\/p>\n<p>Al cerrar sus trabajos, el 5to. Congreso por la Libertad Sindical llam\u00f3 a convertir la unidad sindical y popular en acciones comunes para defender la cesant\u00eda, la estabilidad laboral, la jornada de trabajo, las prestaciones y la negociaci\u00f3n colectiva, as\u00ed como a fortalecer la solidaridad con los trabajadores perseguidos por ejercer sus derechos sindicales.<\/p>\n<p>La entrada <a href=\"https:\/\/elnuevodiario.com.do\/uct-concluye-5to-congreso-por-la-libertad-sindical-con-llamado-a-la-unidad-y-movilizacion-de-los-trabajadores\/\">UCT concluye 5to. congreso por la libertad sindical con llamado a la unidad y movilizaci\u00f3n de los trabajadores<\/a> se public\u00f3 primero en <a href=\"https:\/\/elnuevodiario.com.do\">El Nuevo Diario (Rep\u00fablica Dominicana)<\/a>.<\/p>\n","protected":false},"excerpt":{"rendered":"EL NUEVO DIARIO, SANTO DOMINGO.- La Uni\u00f3n Clasista de Trabajadores (UCT) inform\u00f3&hellip;\n","protected":false},"author":1,"featured_media":66438,"comment_status":"open","ping_status":"open","sticky":false,"template":"","format":"standard","meta":{"footnotes":""},"categories":[1],"tags":[],"class_list":["post-66437","post","type-post","status-publish","format-standard","has-post-thumbnail","category-nacionales"],"_links":{"self":[{"href":"https:\/\/acronoticias.com\/index.php\/wp-json\/wp\/v2\/posts\/66437","targetHints":{"allow":["GET"]}}],"collection":[{"href":"https:\/\/acronoticias.com\/index.php\/wp-json\/wp\/v2\/posts"}],"about":[{"href":"https:\/\/acronoticias.com\/index.php\/wp-json\/wp\/v2\/types\/post"}],"author":[{"embeddable":true,"href":"https:\/\/acronoticias.com\/index.php\/wp-json\/wp\/v2\/users\/1"}],"replies":[{"embeddable":true,"href":"https:\/\/acronoticias.com\/index.php\/wp-json\/wp\/v2\/comments?post=66437"}],"version-history":[{"count":0,"href":"https:\/\/acronoticias.com\/index.php\/wp-json\/wp\/v2\/posts\/66437\/revisions"}],"wp:featuredmedia":[{"embeddable":true,"href":"https:\/\/acronoticias.com\/index.php\/wp-json\/wp\/v2\/media\/66438"}],"wp:attachment":[{"href":"https:\/\/acronoticias.com\/index.php\/wp-json\/wp\/v2\/media?parent=66437"}],"wp:term":[{"taxonomy":"category","embeddable":true,"href":"https:\/\/acronoticias.com\/index.php\/wp-json\/wp\/v2\/categories?post=66437"},{"taxonomy":"post_tag","embeddable":true,"href":"https:\/\/acronoticias.com\/index.php\/wp-json\/wp\/v2\/tags?post=66437"}],"curies":[{"name":"wp","href":"https:\/\/api.w.org\/{rel}","templated":true}]}}