{"id":66435,"date":"2026-08-31T18:27:37","date_gmt":"2026-08-31T18:27:37","guid":{"rendered":"https:\/\/acronoticias.com\/index.php\/2026\/08\/31\/adp-y-comunitarios-en-san-juan-demandan-terminacion-de-liceo-iniciado-hace-18-anos\/"},"modified":"2026-08-31T18:27:37","modified_gmt":"2026-08-31T18:27:37","slug":"adp-y-comunitarios-en-san-juan-demandan-terminacion-de-liceo-iniciado-hace-18-anos","status":"publish","type":"post","link":"https:\/\/acronoticias.com\/index.php\/2026\/08\/31\/adp-y-comunitarios-en-san-juan-demandan-terminacion-de-liceo-iniciado-hace-18-anos\/","title":{"rendered":"ADP y comunitarios en San Juan demandan terminaci\u00f3n de liceo iniciado hace 18 a\u00f1os"},"content":{"rendered":"<p><img decoding=\"async\" width=\"355\" height=\"200\" src=\"https:\/\/nuevodiario-assets.s3.us-east-2.amazonaws.com\/wp-content\/uploads\/2026\/08\/Director-del-liceo-y-otros-denunciantes-355x200.jpeg\" class=\"webfeedsFeaturedVisual wp-post-image\" alt=\"\" style=\"display: block;margin-bottom: 5px;clear:both;max-width: 100%\" loading=\"lazy\" \/><\/p>\n<p>EL NUEVO DIARIO, SAN JUAN.- La Asociaci\u00f3n Dominicana de Profesores (ADP), Seccional Oeste, junto a comunitarios de la zona norte de San Juan, demand\u00f3 este lunes la terminaci\u00f3n del Liceo Ram\u00f3n Mar\u00eda Mateo Ledesma, ubicado en la comunidad de La Jagua, cuya construcci\u00f3n lleva m\u00e1s de 18 a\u00f1os sin concluir.<\/p>\n<p>El director del centro educativo, Jos\u00e9 Rafael Roa Vidal, manifest\u00f3 que el liceo funciona actualmente en aulas prefabricadas que carecen de conserjes y se\u00f1al\u00f3 que el s\u00e9ptico se encuentra lleno, situaci\u00f3n que, seg\u00fan afirm\u00f3, dificulta el desarrollo adecuado de la docencia.<\/p>\n<figure id=\"attachment_3259524\" aria-describedby=\"caption-attachment-3259524\" style=\"width: 1280px\" class=\"wp-caption alignnone\"><img loading=\"lazy\" decoding=\"async\" data-recalc-dims=\"1\" class=\"size-full wp-image-3259524\" src=\"https:\/\/i0.wp.com\/nuevodiario-assets.s3.us-east-2.amazonaws.com\/wp-content\/uploads\/2026\/08\/Liceo-en-construccion.jpeg?resize=640%2C360&quality=100&ssl=1\" alt=\"\" width=\"640\" height=\"360\" \/><figcaption id=\"caption-attachment-3259524\" class=\"wp-caption-text\">Liceo en construcci\u00f3n (Fotos: Cristian Mateo Carela)<\/figcaption><\/figure>\n<p>\u201cEn estas condiciones no se puede impartir el pan de la ense\u00f1anza\u201d, expres\u00f3 Roa Vidal, al referirse a las precariedades que enfrenta el centro.<\/p>\n<p>Mientras que los comunitarios Arsenio Mora, Fernando Taveras y C\u00e1ndido Herrera denunciaron que durante a\u00f1os han realizado diversas manifestaciones, tanto pac\u00edficas como de protesta, para reclamar la terminaci\u00f3n de la obra, sin que hasta el momento hayan recibido una respuesta definitiva de las autoridades educativas.<\/p>\n<p><img loading=\"lazy\" decoding=\"async\" data-recalc-dims=\"1\" class=\"alignnone size-full wp-image-3259525\" src=\"https:\/\/i0.wp.com\/nuevodiario-assets.s3.us-east-2.amazonaws.com\/wp-content\/uploads\/2026\/08\/Liceo-construccion.jpeg?resize=640%2C360&quality=100&ssl=1\" alt=\"\" width=\"640\" height=\"360\" \/><\/p>\n<p>De su lado, el presidente de la ADP en San Juan, Jos\u00e9 Milc\u00edades Pe\u00f1a (Dauris), explic\u00f3 que hace aproximadamente un a\u00f1o sostuvieron una reuni\u00f3n con el encargado de la Direcci\u00f3n de Infraestructura Escolar, quien se comprometi\u00f3 a reiniciar los trabajos de construcci\u00f3n.<\/p>\n<p>Sin embargo, Pe\u00f1a asegur\u00f3 que, pese al compromiso asumido, hasta la fecha los trabajos no han sido retomados.<\/p>\n<p><img decoding=\"async\" data-recalc-dims=\"1\" loading=\"lazy\" class=\"alignnone size-full wp-image-3259527\" src=\"https:\/\/i0.wp.com\/nuevodiario-assets.s3.us-east-2.amazonaws.com\/wp-content\/uploads\/2026\/08\/Comunitarios-1.jpeg?resize=640%2C360&quality=100&ssl=1\" alt=\"\" width=\"640\" height=\"360\" \/><\/p>\n<p>Expres\u00f3 que la paciencia del gremio y de los comunitarios de La Jagua \u201cse est\u00e1 agotando\u201d, por lo que continuar\u00e1n realizando acciones para exigir la reiniciaci\u00f3n y terminaci\u00f3n de la obra, que calific\u00f3 como una infraestructura anhelada durante a\u00f1os por los habitantes de la comunidad.<\/p>\n<p>Durante la jornada, maestros de distintos centros educativos de la zona norte se concentraron en los alrededores de la obra, en una manifestaci\u00f3n que cont\u00f3 adem\u00e1s con la presencia de decenas de agentes de la Polic\u00eda Nacional y de la Polic\u00eda Escolar.<\/p>\n<p>La entrada <a href=\"https:\/\/elnuevodiario.com.do\/adp-y-comunitarios-de-zona-norte-de-san-juan-demandan-terminacion-de-liceo-iniciado-hace-18-anos\/\">ADP y comunitarios en San Juan demandan terminaci\u00f3n de liceo iniciado hace 18 a\u00f1os<\/a> se public\u00f3 primero en <a href=\"https:\/\/elnuevodiario.com.do\">El Nuevo Diario (Rep\u00fablica Dominicana)<\/a>.<\/p>\n","protected":false},"excerpt":{"rendered":"EL NUEVO DIARIO, SAN JUAN.- La Asociaci\u00f3n Dominicana de Profesores (ADP), Seccional&hellip;\n","protected":false},"author":1,"featured_media":66436,"comment_status":"open","ping_status":"open","sticky":false,"template":"","format":"standard","meta":{"footnotes":""},"categories":[1],"tags":[],"class_list":["post-66435","post","type-post","status-publish","format-standard","has-post-thumbnail","category-nacionales"],"_links":{"self":[{"href":"https:\/\/acronoticias.com\/index.php\/wp-json\/wp\/v2\/posts\/66435","targetHints":{"allow":["GET"]}}],"collection":[{"href":"https:\/\/acronoticias.com\/index.php\/wp-json\/wp\/v2\/posts"}],"about":[{"href":"https:\/\/acronoticias.com\/index.php\/wp-json\/wp\/v2\/types\/post"}],"author":[{"embeddable":true,"href":"https:\/\/acronoticias.com\/index.php\/wp-json\/wp\/v2\/users\/1"}],"replies":[{"embeddable":true,"href":"https:\/\/acronoticias.com\/index.php\/wp-json\/wp\/v2\/comments?post=66435"}],"version-history":[{"count":0,"href":"https:\/\/acronoticias.com\/index.php\/wp-json\/wp\/v2\/posts\/66435\/revisions"}],"wp:featuredmedia":[{"embeddable":true,"href":"https:\/\/acronoticias.com\/index.php\/wp-json\/wp\/v2\/media\/66436"}],"wp:attachment":[{"href":"https:\/\/acronoticias.com\/index.php\/wp-json\/wp\/v2\/media?parent=66435"}],"wp:term":[{"taxonomy":"category","embeddable":true,"href":"https:\/\/acronoticias.com\/index.php\/wp-json\/wp\/v2\/categories?post=66435"},{"taxonomy":"post_tag","embeddable":true,"href":"https:\/\/acronoticias.com\/index.php\/wp-json\/wp\/v2\/tags?post=66435"}],"curies":[{"name":"wp","href":"https:\/\/api.w.org\/{rel}","templated":true}]}}