{"id":66428,"date":"2026-08-31T17:49:39","date_gmt":"2026-08-31T17:49:39","guid":{"rendered":"https:\/\/acronoticias.com\/index.php\/2026\/08\/31\/buenaventura-el-puerto-mas-grande-de-colombia-atravesado-por-el-terremoto-y-el-conflicto\/"},"modified":"2026-08-31T17:49:39","modified_gmt":"2026-08-31T17:49:39","slug":"buenaventura-el-puerto-mas-grande-de-colombia-atravesado-por-el-terremoto-y-el-conflicto","status":"publish","type":"post","link":"https:\/\/acronoticias.com\/index.php\/2026\/08\/31\/buenaventura-el-puerto-mas-grande-de-colombia-atravesado-por-el-terremoto-y-el-conflicto\/","title":{"rendered":"Buenaventura, el puerto m\u00e1s grande de Colombia, atravesado por el terremoto y el conflicto"},"content":{"rendered":"<div id=\"nota-texto\">\n<p><strong>Buenaventura<\/strong> (<strong>Colombia<\/strong>).- Maricruz Angulo, vecina de una zona rural de <strong>Buenaventura<\/strong>, el puerto m\u00e1s importante del Pac\u00edfico colombiano, recibe las primeras ayudas que llegan a su comunidad tras el terremoto con una sonrisa que se desdibuja cuando alerta de la presencia de miembros de un grupo armado, uno de los varios que operan en esta regi\u00f3n, de las m\u00e1s pobres del pa\u00eds.<\/p>\n<p><strong>Buenaventura<\/strong>, distrito del departamento de <strong><a href=\"https:\/\/noticiassin.com\/tag\/valle-del-cauca\/\" class=\"nsin-auto-tag-link\">Valle del Cauca<\/a><\/strong> (suroeste), fue una de las zonas m\u00e1s afectadas por el terremoto de magnitud 7,4 que sacudi\u00f3 <strong>Colombia<\/strong> el pasado 10 de agosto y que dej\u00f3 all\u00ed 26 fallecidos, 476 heridos, 38.175 personas damnificadas, 9.362 viviendas averiadas y 4.265 inhabitables; un escenario que agrava las condiciones de vulnerabilidad en las que vive buena parte de sus 320.000 habitantes.<\/p>\n<p><strong>Angulo<\/strong> es coordinadora de salud del <strong>Consejo Comunitario del Bajo Calima<\/strong> \u2014una forma de organizaci\u00f3n territorial de comunidades afrodescendientes\u2014, integrado por siete aldeas, entre ellas <strong>La Estrella<\/strong>, <strong>Las Brisas<\/strong> y <strong>Crucero<\/strong>, hasta donde lleg\u00f3 ayuda humanitaria del <strong>Consorcio Sharp<\/strong>, financiado por la <strong><a href=\"https:\/\/noticiassin.com\/tag\/union-europea\/\" class=\"nsin-auto-tag-link\">Uni\u00f3n Europea<\/a><\/strong>, que atiende zonas en emergencia a las que la asistencia primaria del Estado no llega con rapidez.<\/p>\n<p>Estas zonas menos accesibles, como <strong>Buenaventura<\/strong>, siempre han sido de muy dif\u00edcil acceso por diferentes razones (\u2026) El terremoto hace que la situaci\u00f3n de vulnerabilidad de todas estas familias sea a\u00fan peor\u00bb, afirma <strong>Mar\u00eda Alejandra Celis<\/strong>, gerente de emergencia del <strong>Consejo Dan\u00e9s para Refugiados<\/strong> (<strong>DRC<\/strong>, por sus siglas en ingl\u00e9s) en <strong>Colombia<\/strong> y parte del <strong>Consorcio Sharp<\/strong>.<\/p>\n<p>La mayor\u00eda de estas comunidades, que no cuentan con servicios b\u00e1sicos, recoge agua de lluvia en tanques de almacenamiento, aunque, despu\u00e9s del terremoto, algunos de estos sufrieron da\u00f1os y los alimentos comenzaron a escasear.<\/p>\n<div class=\"nbs-subscribe-box \">\n<p>Suscribete al newsletter de Noticias SIN<\/p>\n<\/div>\n<p>Despu\u00e9s del terremoto, ya no es lo mismo. Toda la vida trabajamos para tener nuestra casita y hoy en d\u00eda quedamos pr\u00e1cticamente sin nada\u00bb, afirma <strong>Angulo<\/strong>.<\/p>\n<h2 id=\"la-crisis-en-medio-del-conflicto-armado\" class=\"wp-block-heading\"><b>La crisis en medio del conflicto armado<\/b><\/h2>\n<p><strong>Angulo<\/strong> baja la voz y mira a los costados cuando habla del conflicto armado que hist\u00f3ricamente ha afectado a <strong>Buenaventura<\/strong>, donde operan las disidencias de las <strong>FARC<\/strong> y el <strong><a href=\"https:\/\/noticiassin.com\/tag\/ejercito-de-liberacion-nacional\/\" class=\"nsin-auto-tag-link\">Ej\u00e9rcito de Liberaci\u00f3n Nacional<\/a><\/strong> (<strong>ELN<\/strong>), as\u00ed como las bandas criminales <strong>Los Espartanos<\/strong> y <strong>Los Shottas<\/strong>, entre otros grupos.<\/p>\n<p>El territorio toda la vida se va a mantener con sus grupos armados (\u2026) Han colocado banderas que uno ve m\u00e1s all\u00e1\u00bb, dice mientras se\u00f1ala un camino de tierra rodeado de densa vegetaci\u00f3n que une a <strong>La Estrella<\/strong> con otras aldeas.<\/p>\n<p><strong>Celis<\/strong> asegura que los caser\u00edos rurales sufren una doble crisis luego del terremoto, ya que la emergencia se sum\u00f3 a la falta de servicios b\u00e1sicos, empleo y educaci\u00f3n.<\/p>\n<p>Son zonas que hist\u00f3ricamente han tenido presencia de grupos armados y tambi\u00e9n disputas por control territorial (\u2026) Las personas que atendemos est\u00e1n en medio de esta crisis, que al final ellos saben resolver. Lo que hace el terremoto es, obviamente, agravar toda la situaci\u00f3n en la que est\u00e1n; los deja m\u00e1s desprotegidos\u00bb, explica <strong>Celis<\/strong>.<\/p>\n<h2 id=\"sin-casas-ni-educacion\" class=\"wp-block-heading\"><b>Sin casas ni educaci\u00f3n<\/b><\/h2>\n<p>Hace 40 a\u00f1os, <strong>Norma Rodr\u00edguez<\/strong> dej\u00f3 su casa en el departamento del <strong>Tolima<\/strong> (centro) por el conflicto armado y se desplaz\u00f3 hasta asentarse en <strong>La Estrella<\/strong>. La misma casa que la recibi\u00f3 cuando lleg\u00f3 ahora tiene las paredes rajadas, las columnas desprendidas y el piso hundido.<\/p>\n<p><strong>Rodr\u00edguez<\/strong> cuenta a <strong>EFE<\/strong> que nunca hab\u00eda experimentado una situaci\u00f3n similar a la del 10 de agosto y que las r\u00e9plicas le dejaron secuelas psicol\u00f3gicas, como a varios miembros de la comunidad.<\/p>\n<p>La imagen se repite en lugares como <strong>Las Brisas<\/strong>, donde varias casas quedaron inhabitables despu\u00e9s del terremoto, entre ellas el \u00fanico colegio del lugar.<\/p>\n<blockquote class=\"wp-block-quote is-layout-flow wp-block-quote-is-layout-flow\">\n<p>\u00abUna de las preocupaciones m\u00e1s grandes es c\u00f3mo vamos a reponernos de esta situaci\u00f3n, porque para construir una de estas viviendas las familias han luchado d\u00e9cadas, y perder todo en un abrir y cerrar de ojos es dif\u00edcil\u00bb, relata a <strong>EFE<\/strong> <strong>Fernando Adv\u00edncula<\/strong>, habitante de la vereda <strong>Las Brisas<\/strong>.<\/p>\n<\/blockquote>\n<p>Los caser\u00edos rurales del consejo comunitario del <strong>Bajo Calima<\/strong> no tienen acceso a educaci\u00f3n secundaria, lo que obliga a quienes quieren continuar sus estudios a desplazarse hasta el centro urbano de <strong>Buenaventura<\/strong>.<\/p>\n<p>La escuela primaria de <strong>Las Brisas<\/strong> perdi\u00f3 el techo y parte de las paredes; los pupitres quedaron bajo los escombros y los ni\u00f1os suspendieron sus clases. En <strong>Buenaventura<\/strong>, 119 sedes educativas est\u00e1n afectadas; seis colapsaron y cinco se encuentran en riesgo inminente.<\/p>\n<p><strong>Esto preocupa a los habitantes de la zona<\/strong>, que coinciden en que, a trav\u00e9s de la educaci\u00f3n, los ni\u00f1os encuentran una oportunidad para salir adelante.<\/p>\n<p>Seguimos viviendo con miedo y temor, pero nos toca quedarnos en las viviendas porque no tenemos d\u00f3nde vivir. Nos ha tocado como podemos y seguimos\u00bb, indica <strong>Angulo<\/strong>.<\/p>\n<p>Tres semanas despu\u00e9s del terremoto, la vida en las zonas rurales de <strong>Buenaventura<\/strong> transcurre entre ni\u00f1os que juegan en las calles de tierra, casas con da\u00f1os estructurales que a\u00fan no han sido evaluadas y grupos armados ilegales que permanecen en medio de la crisis.<\/p>\n<section class=\"article-topics\" aria-labelledby=\"article-topics-title\">\n<h3 id=\"article-topics-title\"><span id=\"temas\">Temas<\/span><\/h3>\n<p><a class=\"topic-chip\" href=\"https:\/\/noticiassin.com\/tag\/buenaventura\/\">buenaventura<\/a><a class=\"topic-chip\" href=\"https:\/\/noticiassin.com\/tag\/conflicto\/\">conflicto<\/a><a class=\"topic-chip\" href=\"https:\/\/noticiassin.com\/tag\/efe\/\">efe<\/a><a class=\"topic-chip\" href=\"https:\/\/noticiassin.com\/tag\/internacional\/\">internacional<\/a><a class=\"topic-chip\" href=\"https:\/\/noticiassin.com\/tag\/puerto\/\">puerto<\/a><a class=\"topic-chip\" href=\"https:\/\/noticiassin.com\/tag\/terremoto\/\">terremoto<\/a><\/section>\n<\/div>\n","protected":false},"excerpt":{"rendered":"Buenaventura (Colombia).- Maricruz Angulo, vecina de una zona rural de Buenaventura, el&hellip;\n","protected":false},"author":1,"featured_media":66429,"comment_status":"open","ping_status":"open","sticky":false,"template":"","format":"standard","meta":{"footnotes":""},"categories":[3],"tags":[],"class_list":["post-66428","post","type-post","status-publish","format-standard","has-post-thumbnail","category-internacionales"],"_links":{"self":[{"href":"https:\/\/acronoticias.com\/index.php\/wp-json\/wp\/v2\/posts\/66428","targetHints":{"allow":["GET"]}}],"collection":[{"href":"https:\/\/acronoticias.com\/index.php\/wp-json\/wp\/v2\/posts"}],"about":[{"href":"https:\/\/acronoticias.com\/index.php\/wp-json\/wp\/v2\/types\/post"}],"author":[{"embeddable":true,"href":"https:\/\/acronoticias.com\/index.php\/wp-json\/wp\/v2\/users\/1"}],"replies":[{"embeddable":true,"href":"https:\/\/acronoticias.com\/index.php\/wp-json\/wp\/v2\/comments?post=66428"}],"version-history":[{"count":0,"href":"https:\/\/acronoticias.com\/index.php\/wp-json\/wp\/v2\/posts\/66428\/revisions"}],"wp:featuredmedia":[{"embeddable":true,"href":"https:\/\/acronoticias.com\/index.php\/wp-json\/wp\/v2\/media\/66429"}],"wp:attachment":[{"href":"https:\/\/acronoticias.com\/index.php\/wp-json\/wp\/v2\/media?parent=66428"}],"wp:term":[{"taxonomy":"category","embeddable":true,"href":"https:\/\/acronoticias.com\/index.php\/wp-json\/wp\/v2\/categories?post=66428"},{"taxonomy":"post_tag","embeddable":true,"href":"https:\/\/acronoticias.com\/index.php\/wp-json\/wp\/v2\/tags?post=66428"}],"curies":[{"name":"wp","href":"https:\/\/api.w.org\/{rel}","templated":true}]}}