{"id":66426,"date":"2026-08-31T17:38:36","date_gmt":"2026-08-31T17:38:36","guid":{"rendered":"https:\/\/acronoticias.com\/index.php\/2026\/08\/31\/jardin-botanico-nacional-celebra-segunda-edicion-de-rally-familiar-en-el-marco-de-su-50-aniversario\/"},"modified":"2026-08-31T17:38:36","modified_gmt":"2026-08-31T17:38:36","slug":"jardin-botanico-nacional-celebra-segunda-edicion-de-rally-familiar-en-el-marco-de-su-50-aniversario","status":"publish","type":"post","link":"https:\/\/acronoticias.com\/index.php\/2026\/08\/31\/jardin-botanico-nacional-celebra-segunda-edicion-de-rally-familiar-en-el-marco-de-su-50-aniversario\/","title":{"rendered":"Jard\u00edn Bot\u00e1nico Nacional celebra segunda edici\u00f3n de rally familiar en el marco de su 50 aniversario"},"content":{"rendered":"<p><img decoding=\"async\" width=\"355\" height=\"200\" src=\"https:\/\/nuevodiario-assets.s3.us-east-2.amazonaws.com\/wp-content\/uploads\/2026\/08\/Jardin-Botanico-Nacional-celebra-segunda-edicion-de-rally-familiar-en-el-marco-de-su-50-aniversario-5-355x200.jpeg\" class=\"webfeedsFeaturedVisual wp-post-image\" alt=\"\" style=\"display: block;margin-bottom: 5px;clear:both;max-width: 100%\" loading=\"lazy\" \/><\/p>\n<p>EL NUEVO DIARIO, SANTO DOMINGO.- El Jard\u00edn Bot\u00e1nico Nacional Dr. Rafael Mar\u00eda Moscoso (JBN) celebr\u00f3 la segunda edici\u00f3n de su Rally Familiar, una jornada recreativa y educativa que reuni\u00f3 a unas 450 personas, entre miembros del Club de Caminantes, sus familias y p\u00fablico general, quienes disfrutaron de un d\u00eda de diversi\u00f3n, convivencia y contacto con la naturaleza, como parte de la celebraci\u00f3n de su 50 aniversario.<\/p>\n<p>La jornada inici\u00f3 con las palabras de bienvenida del director general del JBN, Pedro Su\u00e1rez, quien destac\u00f3 la importancia de promover espacios que fortalezcan la convivencia familiar y permitan disfrutar de manera responsable de los entornos naturales que ofrece el Jard\u00edn.<\/p>\n<p>De acuerdo a una nota de prensa, los participantes fueron organizados en grupos identificados con bandas de diferentes colores y realizaron salidas escalonadas para facilitar el recorrido. El Equipo Fit con Miguel estuvo a cargo de la parte operativa, creando un ambiente de entusiasmo y alegr\u00eda entre los asistentes.<\/p>\n<figure id=\"attachment_3259430\" aria-describedby=\"caption-attachment-3259430\" style=\"width: 1600px\" class=\"wp-caption alignnone\"><img loading=\"lazy\" decoding=\"async\" data-recalc-dims=\"1\" class=\"size-full wp-image-3259430\" src=\"https:\/\/i0.wp.com\/nuevodiario-assets.s3.us-east-2.amazonaws.com\/wp-content\/uploads\/2026\/08\/Jardin-Botanico-Nacional-celebra-segunda-edicion-de-rally-familiar-en-el-marco-de-su-50-aniversario-3.jpeg?resize=640%2C426&quality=100&ssl=1\" alt=\"\" width=\"640\" height=\"426\" \/><figcaption id=\"caption-attachment-3259430\" class=\"wp-caption-text\"><em><strong>(Foto: Comunicaciones JBN)<\/strong><\/em><\/figcaption><\/figure>\n<p>El recorrido cont\u00f3 con tres estaciones, donde se desarrollaron din\u00e1micas de ejercicio, pruebas de inteligencia y actividades recreativas y educativas. A trav\u00e9s de estas experiencias, las familias compartieron, aprendieron y disfrutaron de los diferentes espacios y atractivos del Jard\u00edn, fortaleciendo adem\u00e1s sus conocimientos sobre la conservaci\u00f3n y el uso responsable de los recursos naturales.<\/p>\n<p>Al concluir el recorrido, los asistentes recibieron sus medallas de participaci\u00f3n, disfrutaron de una sesi\u00f3n de zumba a cargo del Equipo Fit con Miguel, rifas otorgadas por los patrocinadores y membres\u00edas del Club de Caminantes por parte de la instituci\u00f3n. El encuentro finaliz\u00f3 en un ambiente de alegr\u00eda y camarader\u00eda, como cierre de una jornada que combin\u00f3 actividad f\u00edsica, diversi\u00f3n, integraci\u00f3n familiar y el disfrute de la naturaleza.<\/p>\n<figure id=\"attachment_3259435\" aria-describedby=\"caption-attachment-3259435\" style=\"width: 1600px\" class=\"wp-caption alignnone\"><img loading=\"lazy\" decoding=\"async\" data-recalc-dims=\"1\" class=\"size-full wp-image-3259435\" src=\"https:\/\/i0.wp.com\/nuevodiario-assets.s3.us-east-2.amazonaws.com\/wp-content\/uploads\/2026\/08\/Jardin-Botanico-Nacional-celebra-segunda-edicion-de-rally-familiar-en-el-marco-de-su-50-aniversario-1.jpeg?resize=640%2C426&quality=100&ssl=1\" alt=\"\" width=\"640\" height=\"426\" \/><figcaption id=\"caption-attachment-3259435\" class=\"wp-caption-text\"><em><strong>(Foto: Comunicaciones JBN)<\/strong><\/em><\/figcaption><\/figure>\n<p>Con esta jornada, el JBN reafirm\u00f3 su compromiso con la recreaci\u00f3n, la educaci\u00f3n ambiental y la convivencia, ofreciendo rutas, senderos y colecciones vivas que permiten caminar, ejercitarse y disfrutar de la naturaleza en un entorno seguro y agradable. La celebraci\u00f3n tambi\u00e9n permiti\u00f3 fortalecer el v\u00ednculo de las familias con el Jard\u00edn y valorar los espacios naturales como lugares para compartir, aprender y disfrutar.<\/p>\n<figure id=\"attachment_3259433\" aria-describedby=\"caption-attachment-3259433\" style=\"width: 1600px\" class=\"wp-caption alignnone\"><img decoding=\"async\" data-recalc-dims=\"1\" loading=\"lazy\" class=\"size-full wp-image-3259433\" src=\"https:\/\/i0.wp.com\/nuevodiario-assets.s3.us-east-2.amazonaws.com\/wp-content\/uploads\/2026\/08\/Jardin-Botanico-Nacional-celebra-segunda-edicion-de-rally-familiar-en-el-marco-de-su-50-aniversario-6.jpeg?resize=640%2C426&quality=100&ssl=1\" alt=\"\" width=\"640\" height=\"426\" \/><figcaption id=\"caption-attachment-3259433\" class=\"wp-caption-text\"><em><strong>(Foto: Comunicaciones JBN)<\/strong><\/em><\/figcaption><\/figure>\n<p>El Rally Familiar form\u00f3 parte de la programaci\u00f3n conmemorativa de los 50 a\u00f1os de historia, ciencia, educaci\u00f3n ambiental y conservaci\u00f3n del Jard\u00edn Bot\u00e1nico Nacional Dr. Rafael Mar\u00eda Moscoso.<\/p>\n<p>La entrada <a href=\"https:\/\/elnuevodiario.com.do\/jardin-botanico-nacional-celebra-segunda-edicion-de-rally-familiar-en-el-marco-de-su-50-aniversario\/\">Jard\u00edn Bot\u00e1nico Nacional celebra segunda edici\u00f3n de rally familiar en el marco de su 50 aniversario<\/a> se public\u00f3 primero en <a href=\"https:\/\/elnuevodiario.com.do\">El Nuevo Diario (Rep\u00fablica Dominicana)<\/a>.<\/p>\n","protected":false},"excerpt":{"rendered":"EL NUEVO DIARIO, SANTO DOMINGO.- El Jard\u00edn Bot\u00e1nico Nacional Dr. Rafael Mar\u00eda&hellip;\n","protected":false},"author":1,"featured_media":66427,"comment_status":"open","ping_status":"open","sticky":false,"template":"","format":"standard","meta":{"footnotes":""},"categories":[1],"tags":[],"class_list":["post-66426","post","type-post","status-publish","format-standard","has-post-thumbnail","category-nacionales"],"_links":{"self":[{"href":"https:\/\/acronoticias.com\/index.php\/wp-json\/wp\/v2\/posts\/66426","targetHints":{"allow":["GET"]}}],"collection":[{"href":"https:\/\/acronoticias.com\/index.php\/wp-json\/wp\/v2\/posts"}],"about":[{"href":"https:\/\/acronoticias.com\/index.php\/wp-json\/wp\/v2\/types\/post"}],"author":[{"embeddable":true,"href":"https:\/\/acronoticias.com\/index.php\/wp-json\/wp\/v2\/users\/1"}],"replies":[{"embeddable":true,"href":"https:\/\/acronoticias.com\/index.php\/wp-json\/wp\/v2\/comments?post=66426"}],"version-history":[{"count":0,"href":"https:\/\/acronoticias.com\/index.php\/wp-json\/wp\/v2\/posts\/66426\/revisions"}],"wp:featuredmedia":[{"embeddable":true,"href":"https:\/\/acronoticias.com\/index.php\/wp-json\/wp\/v2\/media\/66427"}],"wp:attachment":[{"href":"https:\/\/acronoticias.com\/index.php\/wp-json\/wp\/v2\/media?parent=66426"}],"wp:term":[{"taxonomy":"category","embeddable":true,"href":"https:\/\/acronoticias.com\/index.php\/wp-json\/wp\/v2\/categories?post=66426"},{"taxonomy":"post_tag","embeddable":true,"href":"https:\/\/acronoticias.com\/index.php\/wp-json\/wp\/v2\/tags?post=66426"}],"curies":[{"name":"wp","href":"https:\/\/api.w.org\/{rel}","templated":true}]}}