{"id":66422,"date":"2026-08-31T17:06:37","date_gmt":"2026-08-31T17:06:37","guid":{"rendered":"https:\/\/acronoticias.com\/index.php\/2026\/08\/31\/iglesia-apostolica-y-misionera-celebra-50-anos-de-trayectoria-con-multitudinario-encuentro-nacional-apostolico\/"},"modified":"2026-08-31T17:06:37","modified_gmt":"2026-08-31T17:06:37","slug":"iglesia-apostolica-y-misionera-celebra-50-anos-de-trayectoria-con-multitudinario-encuentro-nacional-apostolico","status":"publish","type":"post","link":"https:\/\/acronoticias.com\/index.php\/2026\/08\/31\/iglesia-apostolica-y-misionera-celebra-50-anos-de-trayectoria-con-multitudinario-encuentro-nacional-apostolico\/","title":{"rendered":"Iglesia Apost\u00f3lica y Misionera celebra 50 a\u00f1os de trayectoria con multitudinario Encuentro Nacional Apost\u00f3lico"},"content":{"rendered":"<p><img loading=\"lazy\" decoding=\"async\" width=\"355\" height=\"200\" src=\"https:\/\/nuevodiario-assets.s3.us-east-2.amazonaws.com\/wp-content\/uploads\/2026\/08\/Pastor--355x200.png\" class=\"webfeedsFeaturedVisual wp-post-image\" alt=\"\" style=\"display: block;margin-bottom: 5px;clear:both;max-width: 100%\" \/><\/p>\n<p>EL NUEVO DIARIO, SANTO DOMINGO.\u2014 La Iglesia Apost\u00f3lica y Misionera celebr\u00f3 con una multitudinaria convocatoria su Encuentro Nacional Apost\u00f3lico con motivo de sus 50 a\u00f1os de fundaci\u00f3n, reuniendo a m\u00e1s de 1,500 personas en el Auditorio Central del Instituto B\u00edblico de las Asambleas de Dios, ubicado en el kil\u00f3metro 13 de la Autopista Duarte.<\/p>\n<p>Fundada el 26 de marzo de 1976, la Iglesia Apost\u00f3lica y Misionera conmemor\u00f3 cinco d\u00e9cadas de trayectoria ministerial, reafirmando su compromiso con la predicaci\u00f3n del evangelio, la formaci\u00f3n espiritual y el servicio a las comunidades.<\/p>\n<p>El encuentro congreg\u00f3 a pastores, l\u00edderes, ministros y miembros de las diferentes iglesias del concilio provenientes del Distrito Nacional, Santo Domingo Este, Santo Domingo Oeste, Santo Domingo Norte, as\u00ed como de distintas provincias de las regiones Este, Sur y Norte del pa\u00eds, convirti\u00e9ndose en una expresi\u00f3n de unidad y gratitud por la historia construida durante estos 50 a\u00f1os.<\/p>\n<p>Como parte de la celebraci\u00f3n, se rindi\u00f3 un reconocimiento especial a los fundadores del concilio, tanto a quienes permanecen presentes como a aquellos que han partido, as\u00ed como a pastores y l\u00edderes que, a lo largo de estas cinco d\u00e9cadas, han dejado una huella significativa en el desarrollo y consolidaci\u00f3n de la organizaci\u00f3n.<\/p>\n<p>La jornada estuvo marcada por un ambiente de celebraci\u00f3n y gratitud, con alabanzas, c\u00e1nticos de j\u00fabilo, participaciones art\u00edsticas y momentos especiales de reconocimiento, destacando la unidad de las congregaciones que forman parte de la Iglesia Apost\u00f3lica y Misionera.<\/p>\n<p>El evento cont\u00f3 adem\u00e1s con la presencia de importantes representantes del \u00e1mbito evang\u00e9lico y gubernamental, entre ellos Feliciano Lacen, presidente del Consejo Dominicano de Unidad Evang\u00e9lica (CODUE), as\u00ed como el director ejecutivo de las oficinas de Enlace con el Poder Ejecutivo, Milciades \u00a0Franjul.<\/p>\n<p>La exposici\u00f3n de la Palabra estuvo a cargo del obispo Sixto Hern\u00e1ndez, supervisor nacional de la Iglesia Apost\u00f3lica y Misionera, y del obispo Rafael Cruz Lora, quienes ministraron a la congregaci\u00f3n en el marco de esta significativa celebraci\u00f3n.<\/p>\n<p>El encuentro fue dirigido por el supervisor nacional y obispo Sixto Hern\u00e1ndez, junto a los miembros del Comit\u00e9 Ejecutivo, integrado por Isidro Lombert, Luc\u00eda de \u00c1lvarez, G\u00e1lvez \u00c1ngel Dipl\u00e1n, la ministra Cleta Rosario, Miguelina D\u00edaz y la pastora Julissa Hern\u00e1ndez.<\/p>\n<p>Con esta celebraci\u00f3n, la Iglesia Apost\u00f3lica y Misionera marca cinco d\u00e9cadas de historia, reconociendo sus ra\u00edces, honrando a quienes hicieron posible su fundaci\u00f3n y mirando hacia el futuro con el desaf\u00edo de continuar fortaleciendo su misi\u00f3n evangelizadora y su servicio a la sociedad dominicana.<\/p>\n<p>La entrada <a href=\"https:\/\/elnuevodiario.com.do\/iglesia-apostolica-y-misionera-celebra-50-anos-de-trayectoria-con-multitudinario-encuentro-nacional-apostolico\/\">Iglesia Apost\u00f3lica y Misionera celebra 50 a\u00f1os de trayectoria con multitudinario Encuentro Nacional Apost\u00f3lico<\/a> se public\u00f3 primero en <a href=\"https:\/\/elnuevodiario.com.do\">El Nuevo Diario (Rep\u00fablica Dominicana)<\/a>.<\/p>\n","protected":false},"excerpt":{"rendered":"EL NUEVO DIARIO, SANTO DOMINGO.\u2014 La Iglesia Apost\u00f3lica y Misionera celebr\u00f3 con&hellip;\n","protected":false},"author":1,"featured_media":66423,"comment_status":"open","ping_status":"open","sticky":false,"template":"","format":"standard","meta":{"footnotes":""},"categories":[1],"tags":[],"class_list":["post-66422","post","type-post","status-publish","format-standard","has-post-thumbnail","category-nacionales"],"_links":{"self":[{"href":"https:\/\/acronoticias.com\/index.php\/wp-json\/wp\/v2\/posts\/66422","targetHints":{"allow":["GET"]}}],"collection":[{"href":"https:\/\/acronoticias.com\/index.php\/wp-json\/wp\/v2\/posts"}],"about":[{"href":"https:\/\/acronoticias.com\/index.php\/wp-json\/wp\/v2\/types\/post"}],"author":[{"embeddable":true,"href":"https:\/\/acronoticias.com\/index.php\/wp-json\/wp\/v2\/users\/1"}],"replies":[{"embeddable":true,"href":"https:\/\/acronoticias.com\/index.php\/wp-json\/wp\/v2\/comments?post=66422"}],"version-history":[{"count":0,"href":"https:\/\/acronoticias.com\/index.php\/wp-json\/wp\/v2\/posts\/66422\/revisions"}],"wp:featuredmedia":[{"embeddable":true,"href":"https:\/\/acronoticias.com\/index.php\/wp-json\/wp\/v2\/media\/66423"}],"wp:attachment":[{"href":"https:\/\/acronoticias.com\/index.php\/wp-json\/wp\/v2\/media?parent=66422"}],"wp:term":[{"taxonomy":"category","embeddable":true,"href":"https:\/\/acronoticias.com\/index.php\/wp-json\/wp\/v2\/categories?post=66422"},{"taxonomy":"post_tag","embeddable":true,"href":"https:\/\/acronoticias.com\/index.php\/wp-json\/wp\/v2\/tags?post=66422"}],"curies":[{"name":"wp","href":"https:\/\/api.w.org\/{rel}","templated":true}]}}