{"id":66421,"date":"2026-08-31T16:52:03","date_gmt":"2026-08-31T16:52:03","guid":{"rendered":"https:\/\/acronoticias.com\/index.php\/2026\/08\/31\/lionel-messi-se-retira-de-la-seleccion-argentina-me-vacie-ya-no-tengo-mas-para-dar\/"},"modified":"2026-08-31T16:52:03","modified_gmt":"2026-08-31T16:52:03","slug":"lionel-messi-se-retira-de-la-seleccion-argentina-me-vacie-ya-no-tengo-mas-para-dar","status":"publish","type":"post","link":"https:\/\/acronoticias.com\/index.php\/2026\/08\/31\/lionel-messi-se-retira-de-la-seleccion-argentina-me-vacie-ya-no-tengo-mas-para-dar\/","title":{"rendered":"Lionel Messi se retira de la selecci\u00f3n argentina: \u00abMe vaci\u00e9, ya no tengo m\u00e1s para dar\u00bb"},"content":{"rendered":"<p><img loading=\"lazy\" decoding=\"async\" width=\"355\" height=\"200\" src=\"https:\/\/nuevodiario-assets.s3.us-east-2.amazonaws.com\/wp-content\/uploads\/2026\/08\/OBJ_20250615T001408S0011I_1_1_1_15_3_1-355x200.webp\" class=\"webfeedsFeaturedVisual wp-post-image\" alt=\"\" style=\"display: block;margin-bottom: 5px;clear:both;max-width: 100%\" \/><\/p>\n<p>BUENOS AIRES.- El futbolista argentino Lionel Messi, de 39 a\u00f1os, anunci\u00f3 este lunes su retiro de la selecci\u00f3n albiceleste y explic\u00f3: \u00abMe vaci\u00e9, ya no tengo m\u00e1s para dar y aparte vienen chicos muy grandes atr\u00e1s que merecen estar\u00bb.<\/p>\n<p>\u00abDespu\u00e9s de este tiempo que pas\u00f3 desde la final, pens\u00e1ndolo mucho, quiero comunicarles a todos que me retiro de la selecci\u00f3n\u00bb, escribi\u00f3 Messi en su perfil de la red social Instagram, menos de dos meses despu\u00e9s de la derrota ante Espa\u00f1a en la final del Mundial 2026.<\/p>\n<p>El delantero del Inter Miami de la MLS explic\u00f3 que \u00abfue una decisi\u00f3n que doli\u00f3 y duele en el alma\u00bb pero subray\u00f3 que entiende que \u00abes el momento\u00bb.<\/p>\n<p><a href=\"https:\/\/nuevodiario-assets.s3.us-east-2.amazonaws.com\/wp-content\/uploads\/2026\/08\/Messi.mp4\">Messi<\/a><\/p>\n<p>\u00abQueda poco y se van cerrando etapas y esta es una que me duele mucho. Amo, am\u00e9 y amar\u00e9 siempre estar en la selecci\u00f3n. Me vaci\u00e9, ya no tengo m\u00e1s para dar y aparte vienen chicos muy grandes atr\u00e1s que merecen estar\u00bb, a\u00f1adi\u00f3 el futbolista, campe\u00f3n con la Albiceleste en el Mundial de Catar 2022 y bicampe\u00f3n de Am\u00e9rica (2021 y 2024).<\/p>\n<p>Messi, m\u00e1ximo goleador en la historia de la selecci\u00f3n argentina, enfatiz\u00f3 que deja el combinado nacional \u00abcon la tranquilidad y el orgullo\u00bb de haberle regalado a la afici\u00f3n \u00abmomentos so\u00f1ados\u00bb.<\/p>\n<p>\u00abLes juro que siempre dej\u00e9 todo, no solo los \u00faltimos a\u00f1os que se gan\u00f3 todo, antes tambi\u00e9n y siempre pele\u00e9 y me dej\u00e9 todo por esta camiseta, por darles alegr\u00edas y hacer que se sientan orgullosos de ser argentinos a trav\u00e9s del f\u00fatbol\u00bb, expres\u00f3, al tiempo que agradeci\u00f3 a los argentinos \u00abpor todo el cari\u00f1o de estos 20 a\u00f1os\u00bb.<\/p>\n<p>\u00abGracias Dios por hacerme argentino\u00bb, concluy\u00f3 el astro, que revel\u00f3 en su publicaci\u00f3n que escribi\u00f3 este mensaje de despedida dos d\u00edas despu\u00e9s de la final mundialista y destac\u00f3 que, tras la muerte de su padre a comienzos de este mes, termin\u00f3 de convencerse de dejar el seleccionado.<\/p>\n<p>Messi disput\u00f3 m\u00e1s de 200 partidos con la camiseta albiceleste, en los que marc\u00f3 125 goles y registr\u00f3 68 asistencias.<\/p>\n<p>La entrada <a href=\"https:\/\/elnuevodiario.com.do\/lionel-messi-se-retira-de-la-seleccion-argentina-me-vacie-ya-no-tengo-mas-para-dar\/\">Lionel Messi se retira de la selecci\u00f3n argentina: \u00abMe vaci\u00e9, ya no tengo m\u00e1s para dar\u00bb<\/a> se public\u00f3 primero en <a href=\"https:\/\/elnuevodiario.com.do\">El Nuevo Diario (Rep\u00fablica Dominicana)<\/a>.<\/p>\n","protected":false},"excerpt":{"rendered":"BUENOS AIRES.- El futbolista argentino Lionel Messi, de 39 a\u00f1os, anunci\u00f3 este&hellip;\n","protected":false},"author":1,"featured_media":62027,"comment_status":"open","ping_status":"open","sticky":false,"template":"","format":"standard","meta":{"footnotes":""},"categories":[2],"tags":[],"class_list":["post-66421","post","type-post","status-publish","format-standard","has-post-thumbnail","category-deporte"],"_links":{"self":[{"href":"https:\/\/acronoticias.com\/index.php\/wp-json\/wp\/v2\/posts\/66421","targetHints":{"allow":["GET"]}}],"collection":[{"href":"https:\/\/acronoticias.com\/index.php\/wp-json\/wp\/v2\/posts"}],"about":[{"href":"https:\/\/acronoticias.com\/index.php\/wp-json\/wp\/v2\/types\/post"}],"author":[{"embeddable":true,"href":"https:\/\/acronoticias.com\/index.php\/wp-json\/wp\/v2\/users\/1"}],"replies":[{"embeddable":true,"href":"https:\/\/acronoticias.com\/index.php\/wp-json\/wp\/v2\/comments?post=66421"}],"version-history":[{"count":0,"href":"https:\/\/acronoticias.com\/index.php\/wp-json\/wp\/v2\/posts\/66421\/revisions"}],"wp:featuredmedia":[{"embeddable":true,"href":"https:\/\/acronoticias.com\/index.php\/wp-json\/wp\/v2\/media\/62027"}],"wp:attachment":[{"href":"https:\/\/acronoticias.com\/index.php\/wp-json\/wp\/v2\/media?parent=66421"}],"wp:term":[{"taxonomy":"category","embeddable":true,"href":"https:\/\/acronoticias.com\/index.php\/wp-json\/wp\/v2\/categories?post=66421"},{"taxonomy":"post_tag","embeddable":true,"href":"https:\/\/acronoticias.com\/index.php\/wp-json\/wp\/v2\/tags?post=66421"}],"curies":[{"name":"wp","href":"https:\/\/api.w.org\/{rel}","templated":true}]}}